{"id":1006,"date":"2010-06-21T13:15:06","date_gmt":"2010-06-21T11:15:06","guid":{"rendered":"https:\/\/www.das-autopfand.de\/blog\/?p=1006"},"modified":"2025-03-02T16:08:28","modified_gmt":"2025-03-02T14:08:28","slug":"mercedes-benz-a200-kfz-versteigerung","status":"publish","type":"post","link":"https:\/\/www.das-autopfand.de\/blog\/mercedes-benz-a200-kfz-versteigerung\/","title":{"rendered":"Mercedes Benz A200 &#8211; Kfz-Versteigerung"},"content":{"rendered":"<p>Daten zum <strong>Mercedes Benz A200<\/strong>: <\/p>\n<p class=\"hinweis\"><strong>Der Mercedes-Benz ist versteigert!<\/strong> <br \/>\n\u00bb \u00dcberblick \u00fcber die n\u00e4chsten <a href=\"\/versteigerungen\/\" title=\"Kfz-Versteigerungen bei das\nAutopfand\">Kfz-Versteigerungen<\/a><br \/>\nim Kfz-Pfandleihhaus.<\/p>\n<p><!--more-->Typ: Mercedes Benz A200<br \/> Erstzulassung: 22.09.2005<br \/>\nKm-Stand:26.050<br \/>\nKraftstoff:\t\tBenzin<br \/>\nKW: 100<br \/>\nAu\u00dfenfarbe: silber<br \/>\nGetriebeart:\t\tAutomatik<br \/>\nHubraum: 2035<br \/>\nT\u00fcren: 5<br \/>\nVorbesitzer: 2<br \/><font size=\"2\">Fahrzeugausstattung: <\/font>PDC vorne und hinten, Alufelgen, Nebelscheinwerfer, Panoramaschiebedach, Tempomat, Sitzheizung, Klimaautomatik, Multifunktionslenkrad, Radio CD, Bordcomputer<\/p>\n<p>Alle Angaben ohne Gew\u00e4hr und laut Auskunft der Vorbesitzer. Wir<br \/>\nversteigern im Namen und auf Rechnung der jeweiligen Eigent\u00fcmer.<\/p>\n<p><img loading=\"lazy\" decoding=\"async\" height=\"302\" width=\"452\" alt=\"Mercedes Benz A200 in der Kfz-Versteigerung\" src=\"\/blog\/uploads\/mercedes-a200.jpg\" \/><\/p>\n<p><img loading=\"lazy\" decoding=\"async\" height=\"302\" width=\"452\" src=\"https:\/\/www.das-autopfand.de\/blog\/uploads\/benz-a200.jpg\" alt=\"Mercedes Benz A200 Auktion\" \/> <img loading=\"lazy\" decoding=\"async\" height=\"302\" width=\"452\" src=\"https:\/\/www.das-autopfand.de\/blog\/uploads\/mercedes-benz-a200-heck.jpg\" alt=\"Heck Mercedes Benz A200\" \/> <img loading=\"lazy\" decoding=\"async\" height=\"302\" width=\"452\" src=\"https:\/\/www.das-autopfand.de\/blog\/uploads\/mercedes-benz-a200-innenraum.jpg\" alt=\"Innenraum MB A200\" \/><\/p>\n<h2>Fragen zum Mercedes Benz A200<\/h2>\n<p>Haben Sie Fragen zum Mercedes Benz A200, dann treten Sie<br \/>\nbitte mit uns in<br \/>\nKontakt. Bitte beachten Sie zuvor auch unsere <a title=\"H\u00e4ufige Fragen\nzur Versteigerung\" href=\"\/versteigerungen\/#faq\">FAQ<br \/>\nzur Kfz-Versteigerung<\/a>. Hier finden Sie Antworten auf h\u00e4ufige<br \/>\nFragen!<\/p>\n<h2>Termin der Kfz-Versteigerung<\/h2>\n<p>\nDie <a title=\"Kfz-Versteigerungen bei das Autopfand\" href=\"\/versteigerungen\/\">Kfz-Versteigerung<\/a><br \/>\nfindet am <strong>Samstag, den 10. Juli 2010<\/strong> im Kfz-Pfandleihhaus in<br \/>\nKrefeld statt.&nbsp; <\/p>\n<p>M\u00f6chten Sie sich einfach und bequem \u00fcber die Termine der<br \/>\nkommenden Kfz-Versteigerungen in unseren bundesweiten Pfandh\u00e4usern<br \/>\ninformieren lassen, dann nutzen Sie unseren <a href=\"\/newsletter\/\" title=\"dap\nNewsletter\">dap-Newsletter<\/a><br \/>\noder <a title=\"https:\/\/twitter.com\/autopfand\" href=\"https:\/\/twitter.com\/autopfand\" rel=\"nofollow\">folgen Sie uns auf<br \/>\nTwitter \u00bb<\/a><\/p>\n","protected":false},"excerpt":{"rendered":"<p>Daten zum Mercedes Benz A200: Der Mercedes-Benz ist versteigert! \u00bb \u00dcberblick \u00fcber die n\u00e4chsten Kfz-Versteigerungen im Kfz-Pfandleihhaus.<\/p>\n","protected":false},"author":2,"featured_media":0,"comment_status":"closed","ping_status":"open","sticky":false,"template":"","format":"standard","meta":{"footnotes":""},"categories":[10],"tags":[],"class_list":["post-1006","post","type-post","status-publish","format-standard","hentry","category-versteigerung"],"yoast_head":"<!-- This site is optimized with the Yoast SEO plugin v26.9 - https:\/\/yoast.com\/product\/yoast-seo-wordpress\/ -->\n<title>Mercedes Benz A200 - Kfz-Versteigerung -<\/title>\n<meta name=\"robots\" content=\"index, follow, max-snippet:-1, max-image-preview:large, max-video-preview:-1\" \/>\n<link rel=\"canonical\" href=\"https:\/\/www.das-autopfand.de\/blog\/mercedes-benz-a200-kfz-versteigerung\/\" \/>\n<meta property=\"og:locale\" content=\"de_DE\" \/>\n<meta property=\"og:type\" content=\"article\" \/>\n<meta property=\"og:title\" content=\"Mercedes Benz A200 - Kfz-Versteigerung -\" \/>\n<meta property=\"og:description\" content=\"Daten zum Mercedes Benz A200: Der Mercedes-Benz ist versteigert! \u00bb \u00dcberblick \u00fcber die n\u00e4chsten Kfz-Versteigerungen im Kfz-Pfandleihhaus.\" \/>\n<meta property=\"og:url\" content=\"https:\/\/www.das-autopfand.de\/blog\/mercedes-benz-a200-kfz-versteigerung\/\" \/>\n<meta property=\"article:publisher\" content=\"https:\/\/www.facebook.com\/dasautopfand\" \/>\n<meta property=\"article:author\" content=\"https:\/\/www.facebook.com\/dasautopfand\" \/>\n<meta property=\"article:published_time\" content=\"2010-06-21T11:15:06+00:00\" \/>\n<meta property=\"article:modified_time\" content=\"2025-03-02T14:08:28+00:00\" \/>\n<meta property=\"og:image\" content=\"https:\/\/www.das-autopfand.de\/blog\/uploads\/benz-a200.jpg\" \/>\n<meta name=\"author\" content=\"Norman Ostgathe\" \/>\n<meta name=\"twitter:card\" content=\"summary_large_image\" \/>\n<meta name=\"twitter:creator\" content=\"@https:\/\/twitter.com\/autopfand\" \/>\n<meta name=\"twitter:site\" content=\"@autopfand\" \/>\n<meta name=\"twitter:label1\" content=\"Verfasst von\" \/>\n\t<meta name=\"twitter:data1\" content=\"Norman Ostgathe\" \/>\n\t<meta name=\"twitter:label2\" content=\"Gesch\u00e4tzte Lesezeit\" \/>\n\t<meta name=\"twitter:data2\" content=\"1\u00a0Minute\" \/>\n<script type=\"application\/ld+json\" class=\"yoast-schema-graph\">{\"@context\":\"https:\/\/schema.org\",\"@graph\":[{\"@type\":\"Article\",\"@id\":\"https:\/\/www.das-autopfand.de\/blog\/mercedes-benz-a200-kfz-versteigerung\/#article\",\"isPartOf\":{\"@id\":\"https:\/\/www.das-autopfand.de\/blog\/mercedes-benz-a200-kfz-versteigerung\/\"},\"author\":{\"name\":\"Norman Ostgathe\",\"@id\":\"https:\/\/www.das-autopfand.de\/blog\/#\/schema\/person\/ebe927f731619d837b8245d6f9c959b0\"},\"headline\":\"Mercedes Benz A200 &#8211; Kfz-Versteigerung\",\"datePublished\":\"2010-06-21T11:15:06+00:00\",\"dateModified\":\"2025-03-02T14:08:28+00:00\",\"mainEntityOfPage\":{\"@id\":\"https:\/\/www.das-autopfand.de\/blog\/mercedes-benz-a200-kfz-versteigerung\/\"},\"wordCount\":160,\"image\":{\"@id\":\"https:\/\/www.das-autopfand.de\/blog\/mercedes-benz-a200-kfz-versteigerung\/#primaryimage\"},\"thumbnailUrl\":\"https:\/\/www.das-autopfand.de\/blog\/uploads\/benz-a200.jpg\",\"articleSection\":[\"Versteigerung\"],\"inLanguage\":\"de\"},{\"@type\":\"WebPage\",\"@id\":\"https:\/\/www.das-autopfand.de\/blog\/mercedes-benz-a200-kfz-versteigerung\/\",\"url\":\"https:\/\/www.das-autopfand.de\/blog\/mercedes-benz-a200-kfz-versteigerung\/\",\"name\":\"Mercedes Benz A200 - Kfz-Versteigerung -\",\"isPartOf\":{\"@id\":\"https:\/\/www.das-autopfand.de\/blog\/#website\"},\"primaryImageOfPage\":{\"@id\":\"https:\/\/www.das-autopfand.de\/blog\/mercedes-benz-a200-kfz-versteigerung\/#primaryimage\"},\"image\":{\"@id\":\"https:\/\/www.das-autopfand.de\/blog\/mercedes-benz-a200-kfz-versteigerung\/#primaryimage\"},\"thumbnailUrl\":\"https:\/\/www.das-autopfand.de\/blog\/uploads\/benz-a200.jpg\",\"datePublished\":\"2010-06-21T11:15:06+00:00\",\"dateModified\":\"2025-03-02T14:08:28+00:00\",\"author\":{\"@id\":\"https:\/\/www.das-autopfand.de\/blog\/#\/schema\/person\/ebe927f731619d837b8245d6f9c959b0\"},\"inLanguage\":\"de\",\"potentialAction\":[{\"@type\":\"ReadAction\",\"target\":[\"https:\/\/www.das-autopfand.de\/blog\/mercedes-benz-a200-kfz-versteigerung\/\"]}]},{\"@type\":\"ImageObject\",\"inLanguage\":\"de\",\"@id\":\"https:\/\/www.das-autopfand.de\/blog\/mercedes-benz-a200-kfz-versteigerung\/#primaryimage\",\"url\":\"https:\/\/www.das-autopfand.de\/blog\/uploads\/benz-a200.jpg\",\"contentUrl\":\"https:\/\/www.das-autopfand.de\/blog\/uploads\/benz-a200.jpg\"},{\"@type\":\"WebSite\",\"@id\":\"https:\/\/www.das-autopfand.de\/blog\/#website\",\"url\":\"https:\/\/www.das-autopfand.de\/blog\/\",\"name\":\"\",\"description\":\"News aus dem KFZ-Pfandleihhaus\",\"potentialAction\":[{\"@type\":\"SearchAction\",\"target\":{\"@type\":\"EntryPoint\",\"urlTemplate\":\"https:\/\/www.das-autopfand.de\/blog\/?s={search_term_string}\"},\"query-input\":{\"@type\":\"PropertyValueSpecification\",\"valueRequired\":true,\"valueName\":\"search_term_string\"}}],\"inLanguage\":\"de\"},{\"@type\":\"Person\",\"@id\":\"https:\/\/www.das-autopfand.de\/blog\/#\/schema\/person\/ebe927f731619d837b8245d6f9c959b0\",\"name\":\"Norman Ostgathe\",\"description\":\"Seit 2007 betreibe ich das bundesweit t\u00e4tige Kfz-Pfandleihhaus dap - das Autopfand. Mit unseren Autopfandh\u00e4usern in Krefeld, Recklinghausen, Dortmund, Sinsheim, Frankfurt am Main, M\u00fcnchen und Wolfratshausen haben wir uns auf die unkomplizierte und schnelle L\u00f6sung finanzieller Probleme spezialisiert. Wir beleihen Ihr KFZ und Sie erhalten sofort Bargeld.\",\"sameAs\":[\"https:\/\/www.facebook.com\/dasautopfand\",\"https:\/\/x.com\/https:\/\/twitter.com\/autopfand\"],\"url\":\"https:\/\/www.das-autopfand.de\/blog\/author\/dap\/\"}]}<\/script>\n<!-- \/ Yoast SEO plugin. -->","yoast_head_json":{"title":"Mercedes Benz A200 - Kfz-Versteigerung -","robots":{"index":"index","follow":"follow","max-snippet":"max-snippet:-1","max-image-preview":"max-image-preview:large","max-video-preview":"max-video-preview:-1"},"canonical":"https:\/\/www.das-autopfand.de\/blog\/mercedes-benz-a200-kfz-versteigerung\/","og_locale":"de_DE","og_type":"article","og_title":"Mercedes Benz A200 - Kfz-Versteigerung -","og_description":"Daten zum Mercedes Benz A200: Der Mercedes-Benz ist versteigert! \u00bb \u00dcberblick \u00fcber die n\u00e4chsten Kfz-Versteigerungen im Kfz-Pfandleihhaus.","og_url":"https:\/\/www.das-autopfand.de\/blog\/mercedes-benz-a200-kfz-versteigerung\/","article_publisher":"https:\/\/www.facebook.com\/dasautopfand","article_author":"https:\/\/www.facebook.com\/dasautopfand","article_published_time":"2010-06-21T11:15:06+00:00","article_modified_time":"2025-03-02T14:08:28+00:00","og_image":[{"url":"https:\/\/www.das-autopfand.de\/blog\/uploads\/benz-a200.jpg","type":"","width":"","height":""}],"author":"Norman Ostgathe","twitter_card":"summary_large_image","twitter_creator":"@https:\/\/twitter.com\/autopfand","twitter_site":"@autopfand","twitter_misc":{"Verfasst von":"Norman Ostgathe","Gesch\u00e4tzte Lesezeit":"1\u00a0Minute"},"schema":{"@context":"https:\/\/schema.org","@graph":[{"@type":"Article","@id":"https:\/\/www.das-autopfand.de\/blog\/mercedes-benz-a200-kfz-versteigerung\/#article","isPartOf":{"@id":"https:\/\/www.das-autopfand.de\/blog\/mercedes-benz-a200-kfz-versteigerung\/"},"author":{"name":"Norman Ostgathe","@id":"https:\/\/www.das-autopfand.de\/blog\/#\/schema\/person\/ebe927f731619d837b8245d6f9c959b0"},"headline":"Mercedes Benz A200 &#8211; Kfz-Versteigerung","datePublished":"2010-06-21T11:15:06+00:00","dateModified":"2025-03-02T14:08:28+00:00","mainEntityOfPage":{"@id":"https:\/\/www.das-autopfand.de\/blog\/mercedes-benz-a200-kfz-versteigerung\/"},"wordCount":160,"image":{"@id":"https:\/\/www.das-autopfand.de\/blog\/mercedes-benz-a200-kfz-versteigerung\/#primaryimage"},"thumbnailUrl":"https:\/\/www.das-autopfand.de\/blog\/uploads\/benz-a200.jpg","articleSection":["Versteigerung"],"inLanguage":"de"},{"@type":"WebPage","@id":"https:\/\/www.das-autopfand.de\/blog\/mercedes-benz-a200-kfz-versteigerung\/","url":"https:\/\/www.das-autopfand.de\/blog\/mercedes-benz-a200-kfz-versteigerung\/","name":"Mercedes Benz A200 - Kfz-Versteigerung -","isPartOf":{"@id":"https:\/\/www.das-autopfand.de\/blog\/#website"},"primaryImageOfPage":{"@id":"https:\/\/www.das-autopfand.de\/blog\/mercedes-benz-a200-kfz-versteigerung\/#primaryimage"},"image":{"@id":"https:\/\/www.das-autopfand.de\/blog\/mercedes-benz-a200-kfz-versteigerung\/#primaryimage"},"thumbnailUrl":"https:\/\/www.das-autopfand.de\/blog\/uploads\/benz-a200.jpg","datePublished":"2010-06-21T11:15:06+00:00","dateModified":"2025-03-02T14:08:28+00:00","author":{"@id":"https:\/\/www.das-autopfand.de\/blog\/#\/schema\/person\/ebe927f731619d837b8245d6f9c959b0"},"inLanguage":"de","potentialAction":[{"@type":"ReadAction","target":["https:\/\/www.das-autopfand.de\/blog\/mercedes-benz-a200-kfz-versteigerung\/"]}]},{"@type":"ImageObject","inLanguage":"de","@id":"https:\/\/www.das-autopfand.de\/blog\/mercedes-benz-a200-kfz-versteigerung\/#primaryimage","url":"https:\/\/www.das-autopfand.de\/blog\/uploads\/benz-a200.jpg","contentUrl":"https:\/\/www.das-autopfand.de\/blog\/uploads\/benz-a200.jpg"},{"@type":"WebSite","@id":"https:\/\/www.das-autopfand.de\/blog\/#website","url":"https:\/\/www.das-autopfand.de\/blog\/","name":"","description":"News aus dem KFZ-Pfandleihhaus","potentialAction":[{"@type":"SearchAction","target":{"@type":"EntryPoint","urlTemplate":"https:\/\/www.das-autopfand.de\/blog\/?s={search_term_string}"},"query-input":{"@type":"PropertyValueSpecification","valueRequired":true,"valueName":"search_term_string"}}],"inLanguage":"de"},{"@type":"Person","@id":"https:\/\/www.das-autopfand.de\/blog\/#\/schema\/person\/ebe927f731619d837b8245d6f9c959b0","name":"Norman Ostgathe","description":"Seit 2007 betreibe ich das bundesweit t\u00e4tige Kfz-Pfandleihhaus dap - das Autopfand. Mit unseren Autopfandh\u00e4usern in Krefeld, Recklinghausen, Dortmund, Sinsheim, Frankfurt am Main, M\u00fcnchen und Wolfratshausen haben wir uns auf die unkomplizierte und schnelle L\u00f6sung finanzieller Probleme spezialisiert. Wir beleihen Ihr KFZ und Sie erhalten sofort Bargeld.","sameAs":["https:\/\/www.facebook.com\/dasautopfand","https:\/\/x.com\/https:\/\/twitter.com\/autopfand"],"url":"https:\/\/www.das-autopfand.de\/blog\/author\/dap\/"}]}},"_links":{"self":[{"href":"https:\/\/www.das-autopfand.de\/blog\/wp-json\/wp\/v2\/posts\/1006","targetHints":{"allow":["GET"]}}],"collection":[{"href":"https:\/\/www.das-autopfand.de\/blog\/wp-json\/wp\/v2\/posts"}],"about":[{"href":"https:\/\/www.das-autopfand.de\/blog\/wp-json\/wp\/v2\/types\/post"}],"author":[{"embeddable":true,"href":"https:\/\/www.das-autopfand.de\/blog\/wp-json\/wp\/v2\/users\/2"}],"replies":[{"embeddable":true,"href":"https:\/\/www.das-autopfand.de\/blog\/wp-json\/wp\/v2\/comments?post=1006"}],"version-history":[{"count":0,"href":"https:\/\/www.das-autopfand.de\/blog\/wp-json\/wp\/v2\/posts\/1006\/revisions"}],"wp:attachment":[{"href":"https:\/\/www.das-autopfand.de\/blog\/wp-json\/wp\/v2\/media?parent=1006"}],"wp:term":[{"taxonomy":"category","embeddable":true,"href":"https:\/\/www.das-autopfand.de\/blog\/wp-json\/wp\/v2\/categories?post=1006"},{"taxonomy":"post_tag","embeddable":true,"href":"https:\/\/www.das-autopfand.de\/blog\/wp-json\/wp\/v2\/tags?post=1006"}],"curies":[{"name":"wp","href":"https:\/\/api.w.org\/{rel}","templated":true}]}}