{"id":1021,"date":"2019-09-30T13:09:00","date_gmt":"2019-09-30T11:09:00","guid":{"rendered":"https:\/\/www.das-autopfand.de\/blog\/?p=1021"},"modified":"2025-03-02T16:08:20","modified_gmt":"2025-03-02T14:08:20","slug":"mercedes-benz-c200-elegance-kfz-versteigerung","status":"publish","type":"post","link":"https:\/\/www.das-autopfand.de\/blog\/mercedes-benz-c200-elegance-kfz-versteigerung\/","title":{"rendered":"Mercedes Benz C200 K &#8211; Kfz-Versteigerung am 12.10."},"content":{"rendered":"<p><img loading=\"lazy\" decoding=\"async\" class=\"alignnone size-medium wp-image-4185\" src=\"https:\/\/www.das-autopfand.de\/blog\/uploads\/1902-img-1109.jpg\" alt=\"\" width=\"640\" height=\"480\" \/><\/p>\n<p>Daten zum <strong>Mercedes Benz C200 <\/strong>:<\/p>\n<p><strong><span class=\"hinweis\">Der MB wurde am 12.10.2019 versteigert!<br \/>\n\u00bb \u00dcberblick \u00fcber die n\u00e4chste <a title=\"Kfz-Versteigerungen bei das Autopfand\" href=\"https:\/\/www.das-autopfand.de\/versteigerungen\/\">Kfz-Versteigerung im Kfz-Pfandleihhaus<\/a>.<\/span><\/strong><\/p>\n<p><!--more-->Typ: Mercedes-Benz C-Klasse C 200 K (203) Coupe<br \/>\nErstzulassung: 07.06.2001<br \/>\nKm-Stand: ca 180.000<br \/>\nKraftstoff: Superbenzin<br \/>\nKW: 120 ( 163 PS )<br \/>\nAu\u00dfenfarbe: Silber<br \/>\nGetriebeart: Automatik<br \/>\nHubraum: 1998<br \/>\nT\u00fcren: 3<br \/>\nVorbesitzer: 8<br \/>\nAusstattung: Airbag Fahrer-\/Beifahrerseite \/ Anti-Blockier-System (ABS) \/ Armauflage vorn mit Fach \/ Au\u00dfenspiegel elektr. verstell- und heizbar, beide \/ Au\u00dfentemperaturanzeige \/ Drehzahlmesser \/ Elektron. Stabilit\u00e4ts-Programm (ESP) \/ Fensterheber elektrisch vorn \/ Karosserie: 3-t\u00fcrig \/ Kopf-Airbag-System (Windowbag) \/ Lenks\u00e4ule (Lenkrad) mechan. verstellbar \/ Motor 2,0 Ltr. &#8211; 120 kW Kompressor KAT \/ Nebelscheinwerfer \/ Reiserechner \/ R\u00fccksitze klappbar 1\/3-2\/3 mit Durchladeeinrichtung und Lastenverankerung \/ Seitenairbag (Sidebag) vorn \/ Servolenkung \/ Sportsitze vorn \/ Staubfilter \/ Tempomat \/ W\u00e4rmeschutzverglasung \/ vorn: Bandfilter \/ hinten: ESG \/ V Audiosystem MB Audio 10 CD (Radio\/CD-Player) \/ V Getriebe 6-Gang &#8211; Sequentronic \/ V Klimaautomatik (Thermatic) \/ V Metallic-Lackierung \/ V Panorama-Schiebedach elektrisch (vollverglaste Dachfl\u00e4che) \/ V Scheibenwischer mit Regensensor \/ V Sitzheizung vorn \/ V Sport-Fahrwerk \/ V Sport-Paket<\/p>\n<table width=\"500\">\n<tbody>\n<tr>\n<td width=\"300\">Vorhandene Unterlagen:<\/td>\n<td width=\"100\">JA<\/td>\n<td width=\"100\">NEIN<\/td>\n<\/tr>\n<tr>\n<td width=\"300\">Fahrzeugschein<\/td>\n<td width=\"100\">X<\/td>\n<td width=\"100\"><\/td>\n<\/tr>\n<tr>\n<td width=\"300\">Fahrzeugbrief<\/td>\n<td width=\"100\">X<\/td>\n<td width=\"100\"><\/td>\n<\/tr>\n<tr>\n<td width=\"300\">Scheckheft<\/td>\n<td width=\"100\"><\/td>\n<td width=\"100\">X<\/td>\n<\/tr>\n<tr>\n<td width=\"300\">Gutachten<\/td>\n<td width=\"100\"><\/td>\n<td width=\"100\">X<\/td>\n<\/tr>\n<tr>\n<td width=\"300\">T\u00dcV Bescheinigung<\/td>\n<td width=\"100\">X<\/td>\n<td width=\"100\">( T\u00dcV bis: 12\/2018 )<\/td>\n<\/tr>\n<tr>\n<td width=\"300\">COC-Papiere<\/td>\n<td width=\"100\"><\/td>\n<td width=\"100\">X<\/td>\n<\/tr>\n<\/tbody>\n<\/table>\n<p>Alle Angaben ohne Gew\u00e4hr und laut Auskunft der Vorbesitzer. Wir versteigern im Namen und auf Rechnung der jeweiligen Eigent\u00fcmer.<\/p>\n<h2>Weitere Fotos zum MB C200<\/h2>\n<p><img loading=\"lazy\" decoding=\"async\" class=\"alignnone size-full wp-image-4189\" src=\"https:\/\/www.das-autopfand.de\/blog\/uploads\/1902-img-1113.jpg\" alt=\"\" width=\"640\" height=\"480\" \/>\u00a0 <img loading=\"lazy\" decoding=\"async\" class=\"alignnone size-medium wp-image-4187\" src=\"https:\/\/www.das-autopfand.de\/blog\/uploads\/1902-img-1111.jpg\" alt=\"\" width=\"640\" height=\"480\" \/> <img loading=\"lazy\" decoding=\"async\" class=\"alignnone size-medium wp-image-4186\" src=\"https:\/\/www.das-autopfand.de\/blog\/uploads\/1902-img-1110.jpg\" alt=\"\" width=\"640\" height=\"480\" \/>\u00a0 <img loading=\"lazy\" decoding=\"async\" class=\"alignnone size-medium wp-image-4184\" src=\"https:\/\/www.das-autopfand.de\/blog\/uploads\/1902-img-1119.jpg\" alt=\"\" width=\"640\" height=\"480\" \/> <img loading=\"lazy\" decoding=\"async\" class=\"alignnone size-medium wp-image-4183\" src=\"https:\/\/www.das-autopfand.de\/blog\/uploads\/1902-img-1118.jpg\" alt=\"\" width=\"640\" height=\"480\" \/> <img loading=\"lazy\" decoding=\"async\" class=\"alignnone size-medium wp-image-4182\" src=\"https:\/\/www.das-autopfand.de\/blog\/uploads\/1902-img-1117.jpg\" alt=\"\" width=\"640\" height=\"480\" \/> <img loading=\"lazy\" decoding=\"async\" class=\"alignnone size-medium wp-image-4181\" src=\"https:\/\/www.das-autopfand.de\/blog\/uploads\/1902-img-1116.jpg\" alt=\"\" width=\"640\" height=\"480\" \/> <img loading=\"lazy\" decoding=\"async\" class=\"alignnone size-medium wp-image-4180\" src=\"https:\/\/www.das-autopfand.de\/blog\/uploads\/1902-img-1115.jpg\" alt=\"\" width=\"640\" height=\"480\" \/><img loading=\"lazy\" decoding=\"async\" class=\"alignnone size-medium wp-image-4188\" src=\"https:\/\/www.das-autopfand.de\/blog\/uploads\/1902-img-1112.jpg\" alt=\"\" width=\"640\" height=\"480\" \/> <img loading=\"lazy\" decoding=\"async\" class=\"alignnone size-full wp-image-4179\" src=\"https:\/\/www.das-autopfand.de\/blog\/uploads\/1902-img-1114.jpg\" alt=\"\" width=\"640\" height=\"480\" \/><\/p>\n<h2>Fragen zum Mercedes-Benz C200<\/h2>\n<p>Haben Sie Fragen zum Mercedes-Benz C200, dann treten Sie bitte mit uns in Kontakt. Bitte beachten Sie zuvor auch unsere <a title=\"H\u00e4ufige Fragen zur Versteigerung\" href=\"\/versteigerungen\/#faq\">FAQ zur Kfz-Versteigerung<\/a>. Hier finden Sie Antworten auf h\u00e4ufige Fragen!<\/p>\n<h2>Termin der Kfz-Versteigerung<\/h2>\n<p>Die <a title=\"Kfz-Versteigerungen bei das Autopfand\" href=\"\/versteigerungen\/\">Kfz-Versteigerung <\/a>findet am <strong>Samstag, den 12. Oktober 2019<\/strong> im Kfz-Pfandleihhaus in Krefeld statt.<\/p>\n<p>M\u00f6chten Sie sich einfach und bequem \u00fcber die Termine der kommenden Kfz-Versteigerungen in unseren bundesweiten Pfandh\u00e4usern informieren lassen, dann nutzen Sie unseren <a title=\"dap Newsletter\" href=\"\/newsletter\/\">dap-Newsletter <\/a>oder <a title=\"https:\/\/twitter.com\/autopfand\" href=\"https:\/\/twitter.com\/autopfand\" rel=\"nofollow\">folgen Sie uns auf Twitter \u00bb<\/a><\/p>\n","protected":false},"excerpt":{"rendered":"<p>Daten zum Mercedes Benz C200 : Der MB wurde am 12.10.2019 versteigert! \u00bb \u00dcberblick \u00fcber die n\u00e4chste Kfz-Versteigerung im Kfz-Pfandleihhaus.<\/p>\n","protected":false},"author":2,"featured_media":0,"comment_status":"closed","ping_status":"open","sticky":false,"template":"","format":"standard","meta":{"footnotes":""},"categories":[10],"tags":[],"class_list":["post-1021","post","type-post","status-publish","format-standard","hentry","category-versteigerung"],"yoast_head":"<!-- This site is optimized with the Yoast SEO plugin v26.9 - https:\/\/yoast.com\/product\/yoast-seo-wordpress\/ -->\n<title>Mercedes Benz C200 K - Kfz-Versteigerung am 12.10. -<\/title>\n<meta name=\"robots\" content=\"index, follow, max-snippet:-1, max-image-preview:large, max-video-preview:-1\" \/>\n<link rel=\"canonical\" href=\"https:\/\/www.das-autopfand.de\/blog\/mercedes-benz-c200-elegance-kfz-versteigerung\/\" \/>\n<meta property=\"og:locale\" content=\"de_DE\" \/>\n<meta property=\"og:type\" content=\"article\" \/>\n<meta property=\"og:title\" content=\"Mercedes Benz C200 K - Kfz-Versteigerung am 12.10. -\" \/>\n<meta property=\"og:description\" content=\"Daten zum Mercedes Benz C200 : Der MB wurde am 12.10.2019 versteigert! \u00bb \u00dcberblick \u00fcber die n\u00e4chste Kfz-Versteigerung im Kfz-Pfandleihhaus.\" \/>\n<meta property=\"og:url\" content=\"https:\/\/www.das-autopfand.de\/blog\/mercedes-benz-c200-elegance-kfz-versteigerung\/\" \/>\n<meta property=\"article:publisher\" content=\"https:\/\/www.facebook.com\/dasautopfand\" \/>\n<meta property=\"article:author\" content=\"https:\/\/www.facebook.com\/dasautopfand\" \/>\n<meta property=\"article:published_time\" content=\"2019-09-30T11:09:00+00:00\" \/>\n<meta property=\"article:modified_time\" content=\"2025-03-02T14:08:20+00:00\" \/>\n<meta property=\"og:image\" content=\"https:\/\/www.das-autopfand.de\/blog\/uploads\/1902-img-1109.jpg\" \/>\n\t<meta property=\"og:image:width\" content=\"640\" \/>\n\t<meta property=\"og:image:height\" content=\"480\" \/>\n\t<meta property=\"og:image:type\" content=\"image\/jpeg\" \/>\n<meta name=\"author\" content=\"Norman Ostgathe\" \/>\n<meta name=\"twitter:card\" content=\"summary_large_image\" \/>\n<meta name=\"twitter:creator\" content=\"@https:\/\/twitter.com\/autopfand\" \/>\n<meta name=\"twitter:site\" content=\"@autopfand\" \/>\n<meta name=\"twitter:label1\" content=\"Verfasst von\" \/>\n\t<meta name=\"twitter:data1\" content=\"Norman Ostgathe\" \/>\n\t<meta name=\"twitter:label2\" content=\"Gesch\u00e4tzte Lesezeit\" \/>\n\t<meta name=\"twitter:data2\" content=\"1\u00a0Minute\" \/>\n<script type=\"application\/ld+json\" class=\"yoast-schema-graph\">{\"@context\":\"https:\/\/schema.org\",\"@graph\":[{\"@type\":\"Article\",\"@id\":\"https:\/\/www.das-autopfand.de\/blog\/mercedes-benz-c200-elegance-kfz-versteigerung\/#article\",\"isPartOf\":{\"@id\":\"https:\/\/www.das-autopfand.de\/blog\/mercedes-benz-c200-elegance-kfz-versteigerung\/\"},\"author\":{\"name\":\"Norman Ostgathe\",\"@id\":\"https:\/\/www.das-autopfand.de\/blog\/#\/schema\/person\/ebe927f731619d837b8245d6f9c959b0\"},\"headline\":\"Mercedes Benz C200 K &#8211; Kfz-Versteigerung am 12.10.\",\"datePublished\":\"2019-09-30T11:09:00+00:00\",\"dateModified\":\"2025-03-02T14:08:20+00:00\",\"mainEntityOfPage\":{\"@id\":\"https:\/\/www.das-autopfand.de\/blog\/mercedes-benz-c200-elegance-kfz-versteigerung\/\"},\"wordCount\":276,\"image\":{\"@id\":\"https:\/\/www.das-autopfand.de\/blog\/mercedes-benz-c200-elegance-kfz-versteigerung\/#primaryimage\"},\"thumbnailUrl\":\"https:\/\/www.das-autopfand.de\/blog\/uploads\/1902-img-1109.jpg\",\"articleSection\":[\"Versteigerung\"],\"inLanguage\":\"de\"},{\"@type\":\"WebPage\",\"@id\":\"https:\/\/www.das-autopfand.de\/blog\/mercedes-benz-c200-elegance-kfz-versteigerung\/\",\"url\":\"https:\/\/www.das-autopfand.de\/blog\/mercedes-benz-c200-elegance-kfz-versteigerung\/\",\"name\":\"Mercedes Benz C200 K - Kfz-Versteigerung am 12.10. -\",\"isPartOf\":{\"@id\":\"https:\/\/www.das-autopfand.de\/blog\/#website\"},\"primaryImageOfPage\":{\"@id\":\"https:\/\/www.das-autopfand.de\/blog\/mercedes-benz-c200-elegance-kfz-versteigerung\/#primaryimage\"},\"image\":{\"@id\":\"https:\/\/www.das-autopfand.de\/blog\/mercedes-benz-c200-elegance-kfz-versteigerung\/#primaryimage\"},\"thumbnailUrl\":\"https:\/\/www.das-autopfand.de\/blog\/uploads\/1902-img-1109.jpg\",\"datePublished\":\"2019-09-30T11:09:00+00:00\",\"dateModified\":\"2025-03-02T14:08:20+00:00\",\"author\":{\"@id\":\"https:\/\/www.das-autopfand.de\/blog\/#\/schema\/person\/ebe927f731619d837b8245d6f9c959b0\"},\"inLanguage\":\"de\",\"potentialAction\":[{\"@type\":\"ReadAction\",\"target\":[\"https:\/\/www.das-autopfand.de\/blog\/mercedes-benz-c200-elegance-kfz-versteigerung\/\"]}]},{\"@type\":\"ImageObject\",\"inLanguage\":\"de\",\"@id\":\"https:\/\/www.das-autopfand.de\/blog\/mercedes-benz-c200-elegance-kfz-versteigerung\/#primaryimage\",\"url\":\"https:\/\/www.das-autopfand.de\/blog\/uploads\/1902-img-1109.jpg\",\"contentUrl\":\"https:\/\/www.das-autopfand.de\/blog\/uploads\/1902-img-1109.jpg\",\"width\":640,\"height\":480},{\"@type\":\"WebSite\",\"@id\":\"https:\/\/www.das-autopfand.de\/blog\/#website\",\"url\":\"https:\/\/www.das-autopfand.de\/blog\/\",\"name\":\"\",\"description\":\"News aus dem KFZ-Pfandleihhaus\",\"potentialAction\":[{\"@type\":\"SearchAction\",\"target\":{\"@type\":\"EntryPoint\",\"urlTemplate\":\"https:\/\/www.das-autopfand.de\/blog\/?s={search_term_string}\"},\"query-input\":{\"@type\":\"PropertyValueSpecification\",\"valueRequired\":true,\"valueName\":\"search_term_string\"}}],\"inLanguage\":\"de\"},{\"@type\":\"Person\",\"@id\":\"https:\/\/www.das-autopfand.de\/blog\/#\/schema\/person\/ebe927f731619d837b8245d6f9c959b0\",\"name\":\"Norman Ostgathe\",\"description\":\"Seit 2007 betreibe ich das bundesweit t\u00e4tige Kfz-Pfandleihhaus dap - das Autopfand. Mit unseren Autopfandh\u00e4usern in Krefeld, Recklinghausen, Dortmund, Sinsheim, Frankfurt am Main, M\u00fcnchen und Wolfratshausen haben wir uns auf die unkomplizierte und schnelle L\u00f6sung finanzieller Probleme spezialisiert. Wir beleihen Ihr KFZ und Sie erhalten sofort Bargeld.\",\"sameAs\":[\"https:\/\/www.facebook.com\/dasautopfand\",\"https:\/\/x.com\/https:\/\/twitter.com\/autopfand\"],\"url\":\"https:\/\/www.das-autopfand.de\/blog\/author\/dap\/\"}]}<\/script>\n<!-- \/ Yoast SEO plugin. -->","yoast_head_json":{"title":"Mercedes Benz C200 K - Kfz-Versteigerung am 12.10. -","robots":{"index":"index","follow":"follow","max-snippet":"max-snippet:-1","max-image-preview":"max-image-preview:large","max-video-preview":"max-video-preview:-1"},"canonical":"https:\/\/www.das-autopfand.de\/blog\/mercedes-benz-c200-elegance-kfz-versteigerung\/","og_locale":"de_DE","og_type":"article","og_title":"Mercedes Benz C200 K - Kfz-Versteigerung am 12.10. -","og_description":"Daten zum Mercedes Benz C200 : Der MB wurde am 12.10.2019 versteigert! \u00bb \u00dcberblick \u00fcber die n\u00e4chste Kfz-Versteigerung im Kfz-Pfandleihhaus.","og_url":"https:\/\/www.das-autopfand.de\/blog\/mercedes-benz-c200-elegance-kfz-versteigerung\/","article_publisher":"https:\/\/www.facebook.com\/dasautopfand","article_author":"https:\/\/www.facebook.com\/dasautopfand","article_published_time":"2019-09-30T11:09:00+00:00","article_modified_time":"2025-03-02T14:08:20+00:00","og_image":[{"width":640,"height":480,"url":"https:\/\/www.das-autopfand.de\/blog\/uploads\/1902-img-1109.jpg","type":"image\/jpeg"}],"author":"Norman Ostgathe","twitter_card":"summary_large_image","twitter_creator":"@https:\/\/twitter.com\/autopfand","twitter_site":"@autopfand","twitter_misc":{"Verfasst von":"Norman Ostgathe","Gesch\u00e4tzte Lesezeit":"1\u00a0Minute"},"schema":{"@context":"https:\/\/schema.org","@graph":[{"@type":"Article","@id":"https:\/\/www.das-autopfand.de\/blog\/mercedes-benz-c200-elegance-kfz-versteigerung\/#article","isPartOf":{"@id":"https:\/\/www.das-autopfand.de\/blog\/mercedes-benz-c200-elegance-kfz-versteigerung\/"},"author":{"name":"Norman Ostgathe","@id":"https:\/\/www.das-autopfand.de\/blog\/#\/schema\/person\/ebe927f731619d837b8245d6f9c959b0"},"headline":"Mercedes Benz C200 K &#8211; Kfz-Versteigerung am 12.10.","datePublished":"2019-09-30T11:09:00+00:00","dateModified":"2025-03-02T14:08:20+00:00","mainEntityOfPage":{"@id":"https:\/\/www.das-autopfand.de\/blog\/mercedes-benz-c200-elegance-kfz-versteigerung\/"},"wordCount":276,"image":{"@id":"https:\/\/www.das-autopfand.de\/blog\/mercedes-benz-c200-elegance-kfz-versteigerung\/#primaryimage"},"thumbnailUrl":"https:\/\/www.das-autopfand.de\/blog\/uploads\/1902-img-1109.jpg","articleSection":["Versteigerung"],"inLanguage":"de"},{"@type":"WebPage","@id":"https:\/\/www.das-autopfand.de\/blog\/mercedes-benz-c200-elegance-kfz-versteigerung\/","url":"https:\/\/www.das-autopfand.de\/blog\/mercedes-benz-c200-elegance-kfz-versteigerung\/","name":"Mercedes Benz C200 K - Kfz-Versteigerung am 12.10. -","isPartOf":{"@id":"https:\/\/www.das-autopfand.de\/blog\/#website"},"primaryImageOfPage":{"@id":"https:\/\/www.das-autopfand.de\/blog\/mercedes-benz-c200-elegance-kfz-versteigerung\/#primaryimage"},"image":{"@id":"https:\/\/www.das-autopfand.de\/blog\/mercedes-benz-c200-elegance-kfz-versteigerung\/#primaryimage"},"thumbnailUrl":"https:\/\/www.das-autopfand.de\/blog\/uploads\/1902-img-1109.jpg","datePublished":"2019-09-30T11:09:00+00:00","dateModified":"2025-03-02T14:08:20+00:00","author":{"@id":"https:\/\/www.das-autopfand.de\/blog\/#\/schema\/person\/ebe927f731619d837b8245d6f9c959b0"},"inLanguage":"de","potentialAction":[{"@type":"ReadAction","target":["https:\/\/www.das-autopfand.de\/blog\/mercedes-benz-c200-elegance-kfz-versteigerung\/"]}]},{"@type":"ImageObject","inLanguage":"de","@id":"https:\/\/www.das-autopfand.de\/blog\/mercedes-benz-c200-elegance-kfz-versteigerung\/#primaryimage","url":"https:\/\/www.das-autopfand.de\/blog\/uploads\/1902-img-1109.jpg","contentUrl":"https:\/\/www.das-autopfand.de\/blog\/uploads\/1902-img-1109.jpg","width":640,"height":480},{"@type":"WebSite","@id":"https:\/\/www.das-autopfand.de\/blog\/#website","url":"https:\/\/www.das-autopfand.de\/blog\/","name":"","description":"News aus dem KFZ-Pfandleihhaus","potentialAction":[{"@type":"SearchAction","target":{"@type":"EntryPoint","urlTemplate":"https:\/\/www.das-autopfand.de\/blog\/?s={search_term_string}"},"query-input":{"@type":"PropertyValueSpecification","valueRequired":true,"valueName":"search_term_string"}}],"inLanguage":"de"},{"@type":"Person","@id":"https:\/\/www.das-autopfand.de\/blog\/#\/schema\/person\/ebe927f731619d837b8245d6f9c959b0","name":"Norman Ostgathe","description":"Seit 2007 betreibe ich das bundesweit t\u00e4tige Kfz-Pfandleihhaus dap - das Autopfand. Mit unseren Autopfandh\u00e4usern in Krefeld, Recklinghausen, Dortmund, Sinsheim, Frankfurt am Main, M\u00fcnchen und Wolfratshausen haben wir uns auf die unkomplizierte und schnelle L\u00f6sung finanzieller Probleme spezialisiert. Wir beleihen Ihr KFZ und Sie erhalten sofort Bargeld.","sameAs":["https:\/\/www.facebook.com\/dasautopfand","https:\/\/x.com\/https:\/\/twitter.com\/autopfand"],"url":"https:\/\/www.das-autopfand.de\/blog\/author\/dap\/"}]}},"_links":{"self":[{"href":"https:\/\/www.das-autopfand.de\/blog\/wp-json\/wp\/v2\/posts\/1021","targetHints":{"allow":["GET"]}}],"collection":[{"href":"https:\/\/www.das-autopfand.de\/blog\/wp-json\/wp\/v2\/posts"}],"about":[{"href":"https:\/\/www.das-autopfand.de\/blog\/wp-json\/wp\/v2\/types\/post"}],"author":[{"embeddable":true,"href":"https:\/\/www.das-autopfand.de\/blog\/wp-json\/wp\/v2\/users\/2"}],"replies":[{"embeddable":true,"href":"https:\/\/www.das-autopfand.de\/blog\/wp-json\/wp\/v2\/comments?post=1021"}],"version-history":[{"count":0,"href":"https:\/\/www.das-autopfand.de\/blog\/wp-json\/wp\/v2\/posts\/1021\/revisions"}],"wp:attachment":[{"href":"https:\/\/www.das-autopfand.de\/blog\/wp-json\/wp\/v2\/media?parent=1021"}],"wp:term":[{"taxonomy":"category","embeddable":true,"href":"https:\/\/www.das-autopfand.de\/blog\/wp-json\/wp\/v2\/categories?post=1021"},{"taxonomy":"post_tag","embeddable":true,"href":"https:\/\/www.das-autopfand.de\/blog\/wp-json\/wp\/v2\/tags?post=1021"}],"curies":[{"name":"wp","href":"https:\/\/api.w.org\/{rel}","templated":true}]}}