{"id":1024,"date":"2010-10-05T16:14:00","date_gmt":"2010-10-05T14:14:00","guid":{"rendered":"https:\/\/www.das-autopfand.de\/blog\/?p=1024"},"modified":"2025-03-02T16:08:28","modified_gmt":"2025-03-02T14:08:28","slug":"auf-nach-wuerzburg-zum-treffen-des-pfandkreditverbands-2010","status":"publish","type":"post","link":"https:\/\/www.das-autopfand.de\/blog\/auf-nach-wuerzburg-zum-treffen-des-pfandkreditverbands-2010\/","title":{"rendered":"Auf nach W\u00fcrzburg zum Treffen des Pfandkreditverbands 2010"},"content":{"rendered":"<p><span class=\"serendipity_image_left\"><img loading=\"lazy\" decoding=\"async\" height=\"110\" width=\"94\" src=\"\/blog\/uploads\/pfandkredit-logo.jpg\" alt=\"Zentralverband des Deutschen Pfandkreditgewerbes\ne.V.\" \/><\/span>Ich freue mich mal wieder ein paar Kollegen aus der Pfandhaus-Branche zu treffen. Vom <strong>30.09. bis zum 1.10.2010<\/strong> findet die j\u00e4hrliche <strong>Tagung des Zentralverband des Deutschen Pfandkreditgewerbes<br \/>\ne.V.<\/strong> in W\u00fcrzburg statt.&nbsp;<\/p>\n<p>In den letzten Jahren waren die Verbandstreffen immer sehr informativ und einfach ein nettes Beisammensein. Mal schaun, welche neuen Gesichter man in diesem Jahr in W\u00fcrzburg sieht. Tasche ist gepackt. Wir sehen uns morgen&#8230; <\/p>\n<p><strong>Update 5.10.2010<\/strong><\/p>\n<p>Das Gros der Vortr\u00e4ge war interessant, ein paar Wiederholungen f\u00fcr Neu-Mitglieder m\u00fcssen wohl sein. Leider ist jedoch der Referent zum Thema <a title=\"Kfz-Pfandleihhaus\" href=\"\/kfz-pfandhaus\/\">Kfz-Pfandleihhaus<\/a> kurzfristig wegen Krankheit ausgefallen. Schade, w\u00e4re f\u00fcr mich und die wenigen anwesenden Kfz-Pfandleiher sicherlich das Highlight der Veranstaltung gewesen. Ansonsten gab es wie immer nette Gespr\u00e4che mit befreundeten Kollegen &#8211; Gru\u00df nach Neum\u00fcnster&#8230; <\/p>\n<p>Hier noch ein Foto des Tagungsraums &#8211; war ein wenig Zeitreise. Mittlerweile jedoch auch wieder ohne De Lorean DMC-12 zur\u00fcck in der Zukunft. Es gilt die kommende <a title=\"Kfz-Versteigerung\" href=\"\/versteigerungen\/\">Kfz-Versteigerung in Krefeld<\/a> vorzubereiten&#8230;<\/p>\n<p><img loading=\"lazy\" decoding=\"async\" height=\"338\" width=\"452\"  alt=\"Pfandkredit-tagung in W\u00fcrzburg\" src=\"\/blog\/uploads\/tagung-pfandkreditverband-wuerzburg.jpg\" \/><\/p>\n","protected":false},"excerpt":{"rendered":"<p>Ich freue mich mal wieder ein paar Kollegen aus der Pfandhaus-Branche zu treffen. Vom 30.09. bis zum 1.10.2010 findet die j\u00e4hrliche Tagung des Zentralverband des Deutschen Pfandkreditgewerbes e.V. in W\u00fcrzburg statt.&nbsp; In den letzten Jahren waren die Verbandstreffen immer sehr informativ und einfach ein nettes Beisammensein. Mal schaun, welche neuen Gesichter man in diesem Jahr [&hellip;]<\/p>\n","protected":false},"author":2,"featured_media":0,"comment_status":"closed","ping_status":"open","sticky":false,"template":"","format":"standard","meta":{"footnotes":""},"categories":[4],"tags":[],"class_list":["post-1024","post","type-post","status-publish","format-standard","hentry","category-pfandkredit"],"yoast_head":"<!-- This site is optimized with the Yoast SEO plugin v26.9 - https:\/\/yoast.com\/product\/yoast-seo-wordpress\/ -->\n<title>Auf nach W\u00fcrzburg zum Treffen des Pfandkreditverbands 2010 -<\/title>\n<meta name=\"robots\" content=\"index, follow, max-snippet:-1, max-image-preview:large, max-video-preview:-1\" \/>\n<link rel=\"canonical\" href=\"https:\/\/www.das-autopfand.de\/blog\/auf-nach-wuerzburg-zum-treffen-des-pfandkreditverbands-2010\/\" \/>\n<meta property=\"og:locale\" content=\"de_DE\" \/>\n<meta property=\"og:type\" content=\"article\" \/>\n<meta property=\"og:title\" content=\"Auf nach W\u00fcrzburg zum Treffen des Pfandkreditverbands 2010 -\" \/>\n<meta property=\"og:description\" content=\"Ich freue mich mal wieder ein paar Kollegen aus der Pfandhaus-Branche zu treffen. Vom 30.09. bis zum 1.10.2010 findet die j\u00e4hrliche Tagung des Zentralverband des Deutschen Pfandkreditgewerbes e.V. in W\u00fcrzburg statt.&nbsp; In den letzten Jahren waren die Verbandstreffen immer sehr informativ und einfach ein nettes Beisammensein. Mal schaun, welche neuen Gesichter man in diesem Jahr [&hellip;]\" \/>\n<meta property=\"og:url\" content=\"https:\/\/www.das-autopfand.de\/blog\/auf-nach-wuerzburg-zum-treffen-des-pfandkreditverbands-2010\/\" \/>\n<meta property=\"article:publisher\" content=\"https:\/\/www.facebook.com\/dasautopfand\" \/>\n<meta property=\"article:author\" content=\"https:\/\/www.facebook.com\/dasautopfand\" \/>\n<meta property=\"article:published_time\" content=\"2010-10-05T14:14:00+00:00\" \/>\n<meta property=\"article:modified_time\" content=\"2025-03-02T14:08:28+00:00\" \/>\n<meta name=\"author\" content=\"Norman Ostgathe\" \/>\n<meta name=\"twitter:card\" content=\"summary_large_image\" \/>\n<meta name=\"twitter:creator\" content=\"@https:\/\/twitter.com\/autopfand\" \/>\n<meta name=\"twitter:site\" content=\"@autopfand\" \/>\n<meta name=\"twitter:label1\" content=\"Verfasst von\" \/>\n\t<meta name=\"twitter:data1\" content=\"Norman Ostgathe\" \/>\n\t<meta name=\"twitter:label2\" content=\"Gesch\u00e4tzte Lesezeit\" \/>\n\t<meta name=\"twitter:data2\" content=\"1\u00a0Minute\" \/>\n<script type=\"application\/ld+json\" class=\"yoast-schema-graph\">{\"@context\":\"https:\/\/schema.org\",\"@graph\":[{\"@type\":\"Article\",\"@id\":\"https:\/\/www.das-autopfand.de\/blog\/auf-nach-wuerzburg-zum-treffen-des-pfandkreditverbands-2010\/#article\",\"isPartOf\":{\"@id\":\"https:\/\/www.das-autopfand.de\/blog\/auf-nach-wuerzburg-zum-treffen-des-pfandkreditverbands-2010\/\"},\"author\":{\"name\":\"Norman Ostgathe\",\"@id\":\"https:\/\/www.das-autopfand.de\/blog\/#\/schema\/person\/ebe927f731619d837b8245d6f9c959b0\"},\"headline\":\"Auf nach W\u00fcrzburg zum Treffen des Pfandkreditverbands 2010\",\"datePublished\":\"2010-10-05T14:14:00+00:00\",\"dateModified\":\"2025-03-02T14:08:28+00:00\",\"mainEntityOfPage\":{\"@id\":\"https:\/\/www.das-autopfand.de\/blog\/auf-nach-wuerzburg-zum-treffen-des-pfandkreditverbands-2010\/\"},\"wordCount\":171,\"articleSection\":[\"Pfandkredit\"],\"inLanguage\":\"de\"},{\"@type\":\"WebPage\",\"@id\":\"https:\/\/www.das-autopfand.de\/blog\/auf-nach-wuerzburg-zum-treffen-des-pfandkreditverbands-2010\/\",\"url\":\"https:\/\/www.das-autopfand.de\/blog\/auf-nach-wuerzburg-zum-treffen-des-pfandkreditverbands-2010\/\",\"name\":\"Auf nach W\u00fcrzburg zum Treffen des Pfandkreditverbands 2010 -\",\"isPartOf\":{\"@id\":\"https:\/\/www.das-autopfand.de\/blog\/#website\"},\"datePublished\":\"2010-10-05T14:14:00+00:00\",\"dateModified\":\"2025-03-02T14:08:28+00:00\",\"author\":{\"@id\":\"https:\/\/www.das-autopfand.de\/blog\/#\/schema\/person\/ebe927f731619d837b8245d6f9c959b0\"},\"inLanguage\":\"de\",\"potentialAction\":[{\"@type\":\"ReadAction\",\"target\":[\"https:\/\/www.das-autopfand.de\/blog\/auf-nach-wuerzburg-zum-treffen-des-pfandkreditverbands-2010\/\"]}]},{\"@type\":\"WebSite\",\"@id\":\"https:\/\/www.das-autopfand.de\/blog\/#website\",\"url\":\"https:\/\/www.das-autopfand.de\/blog\/\",\"name\":\"\",\"description\":\"News aus dem KFZ-Pfandleihhaus\",\"potentialAction\":[{\"@type\":\"SearchAction\",\"target\":{\"@type\":\"EntryPoint\",\"urlTemplate\":\"https:\/\/www.das-autopfand.de\/blog\/?s={search_term_string}\"},\"query-input\":{\"@type\":\"PropertyValueSpecification\",\"valueRequired\":true,\"valueName\":\"search_term_string\"}}],\"inLanguage\":\"de\"},{\"@type\":\"Person\",\"@id\":\"https:\/\/www.das-autopfand.de\/blog\/#\/schema\/person\/ebe927f731619d837b8245d6f9c959b0\",\"name\":\"Norman Ostgathe\",\"description\":\"Seit 2007 betreibe ich das bundesweit t\u00e4tige Kfz-Pfandleihhaus dap - das Autopfand. Mit unseren Autopfandh\u00e4usern in Krefeld, Recklinghausen, Dortmund, Sinsheim, Frankfurt am Main, M\u00fcnchen und Wolfratshausen haben wir uns auf die unkomplizierte und schnelle L\u00f6sung finanzieller Probleme spezialisiert. Wir beleihen Ihr KFZ und Sie erhalten sofort Bargeld.\",\"sameAs\":[\"https:\/\/www.facebook.com\/dasautopfand\",\"https:\/\/x.com\/https:\/\/twitter.com\/autopfand\"],\"url\":\"https:\/\/www.das-autopfand.de\/blog\/author\/dap\/\"}]}<\/script>\n<!-- \/ Yoast SEO plugin. -->","yoast_head_json":{"title":"Auf nach W\u00fcrzburg zum Treffen des Pfandkreditverbands 2010 -","robots":{"index":"index","follow":"follow","max-snippet":"max-snippet:-1","max-image-preview":"max-image-preview:large","max-video-preview":"max-video-preview:-1"},"canonical":"https:\/\/www.das-autopfand.de\/blog\/auf-nach-wuerzburg-zum-treffen-des-pfandkreditverbands-2010\/","og_locale":"de_DE","og_type":"article","og_title":"Auf nach W\u00fcrzburg zum Treffen des Pfandkreditverbands 2010 -","og_description":"Ich freue mich mal wieder ein paar Kollegen aus der Pfandhaus-Branche zu treffen. Vom 30.09. bis zum 1.10.2010 findet die j\u00e4hrliche Tagung des Zentralverband des Deutschen Pfandkreditgewerbes e.V. in W\u00fcrzburg statt.&nbsp; In den letzten Jahren waren die Verbandstreffen immer sehr informativ und einfach ein nettes Beisammensein. Mal schaun, welche neuen Gesichter man in diesem Jahr [&hellip;]","og_url":"https:\/\/www.das-autopfand.de\/blog\/auf-nach-wuerzburg-zum-treffen-des-pfandkreditverbands-2010\/","article_publisher":"https:\/\/www.facebook.com\/dasautopfand","article_author":"https:\/\/www.facebook.com\/dasautopfand","article_published_time":"2010-10-05T14:14:00+00:00","article_modified_time":"2025-03-02T14:08:28+00:00","author":"Norman Ostgathe","twitter_card":"summary_large_image","twitter_creator":"@https:\/\/twitter.com\/autopfand","twitter_site":"@autopfand","twitter_misc":{"Verfasst von":"Norman Ostgathe","Gesch\u00e4tzte Lesezeit":"1\u00a0Minute"},"schema":{"@context":"https:\/\/schema.org","@graph":[{"@type":"Article","@id":"https:\/\/www.das-autopfand.de\/blog\/auf-nach-wuerzburg-zum-treffen-des-pfandkreditverbands-2010\/#article","isPartOf":{"@id":"https:\/\/www.das-autopfand.de\/blog\/auf-nach-wuerzburg-zum-treffen-des-pfandkreditverbands-2010\/"},"author":{"name":"Norman Ostgathe","@id":"https:\/\/www.das-autopfand.de\/blog\/#\/schema\/person\/ebe927f731619d837b8245d6f9c959b0"},"headline":"Auf nach W\u00fcrzburg zum Treffen des Pfandkreditverbands 2010","datePublished":"2010-10-05T14:14:00+00:00","dateModified":"2025-03-02T14:08:28+00:00","mainEntityOfPage":{"@id":"https:\/\/www.das-autopfand.de\/blog\/auf-nach-wuerzburg-zum-treffen-des-pfandkreditverbands-2010\/"},"wordCount":171,"articleSection":["Pfandkredit"],"inLanguage":"de"},{"@type":"WebPage","@id":"https:\/\/www.das-autopfand.de\/blog\/auf-nach-wuerzburg-zum-treffen-des-pfandkreditverbands-2010\/","url":"https:\/\/www.das-autopfand.de\/blog\/auf-nach-wuerzburg-zum-treffen-des-pfandkreditverbands-2010\/","name":"Auf nach W\u00fcrzburg zum Treffen des Pfandkreditverbands 2010 -","isPartOf":{"@id":"https:\/\/www.das-autopfand.de\/blog\/#website"},"datePublished":"2010-10-05T14:14:00+00:00","dateModified":"2025-03-02T14:08:28+00:00","author":{"@id":"https:\/\/www.das-autopfand.de\/blog\/#\/schema\/person\/ebe927f731619d837b8245d6f9c959b0"},"inLanguage":"de","potentialAction":[{"@type":"ReadAction","target":["https:\/\/www.das-autopfand.de\/blog\/auf-nach-wuerzburg-zum-treffen-des-pfandkreditverbands-2010\/"]}]},{"@type":"WebSite","@id":"https:\/\/www.das-autopfand.de\/blog\/#website","url":"https:\/\/www.das-autopfand.de\/blog\/","name":"","description":"News aus dem KFZ-Pfandleihhaus","potentialAction":[{"@type":"SearchAction","target":{"@type":"EntryPoint","urlTemplate":"https:\/\/www.das-autopfand.de\/blog\/?s={search_term_string}"},"query-input":{"@type":"PropertyValueSpecification","valueRequired":true,"valueName":"search_term_string"}}],"inLanguage":"de"},{"@type":"Person","@id":"https:\/\/www.das-autopfand.de\/blog\/#\/schema\/person\/ebe927f731619d837b8245d6f9c959b0","name":"Norman Ostgathe","description":"Seit 2007 betreibe ich das bundesweit t\u00e4tige Kfz-Pfandleihhaus dap - das Autopfand. Mit unseren Autopfandh\u00e4usern in Krefeld, Recklinghausen, Dortmund, Sinsheim, Frankfurt am Main, M\u00fcnchen und Wolfratshausen haben wir uns auf die unkomplizierte und schnelle L\u00f6sung finanzieller Probleme spezialisiert. Wir beleihen Ihr KFZ und Sie erhalten sofort Bargeld.","sameAs":["https:\/\/www.facebook.com\/dasautopfand","https:\/\/x.com\/https:\/\/twitter.com\/autopfand"],"url":"https:\/\/www.das-autopfand.de\/blog\/author\/dap\/"}]}},"_links":{"self":[{"href":"https:\/\/www.das-autopfand.de\/blog\/wp-json\/wp\/v2\/posts\/1024","targetHints":{"allow":["GET"]}}],"collection":[{"href":"https:\/\/www.das-autopfand.de\/blog\/wp-json\/wp\/v2\/posts"}],"about":[{"href":"https:\/\/www.das-autopfand.de\/blog\/wp-json\/wp\/v2\/types\/post"}],"author":[{"embeddable":true,"href":"https:\/\/www.das-autopfand.de\/blog\/wp-json\/wp\/v2\/users\/2"}],"replies":[{"embeddable":true,"href":"https:\/\/www.das-autopfand.de\/blog\/wp-json\/wp\/v2\/comments?post=1024"}],"version-history":[{"count":0,"href":"https:\/\/www.das-autopfand.de\/blog\/wp-json\/wp\/v2\/posts\/1024\/revisions"}],"wp:attachment":[{"href":"https:\/\/www.das-autopfand.de\/blog\/wp-json\/wp\/v2\/media?parent=1024"}],"wp:term":[{"taxonomy":"category","embeddable":true,"href":"https:\/\/www.das-autopfand.de\/blog\/wp-json\/wp\/v2\/categories?post=1024"},{"taxonomy":"post_tag","embeddable":true,"href":"https:\/\/www.das-autopfand.de\/blog\/wp-json\/wp\/v2\/tags?post=1024"}],"curies":[{"name":"wp","href":"https:\/\/api.w.org\/{rel}","templated":true}]}}