{"id":1076,"date":"2012-04-20T12:11:00","date_gmt":"2012-04-20T10:11:00","guid":{"rendered":"https:\/\/www.das-autopfand.de\/blog\/?p=1076"},"modified":"2025-03-02T16:08:26","modified_gmt":"2025-03-02T14:08:26","slug":"limo-der-autoprofi-im-kfz-pfandleihhaus","status":"publish","type":"post","link":"https:\/\/www.das-autopfand.de\/blog\/limo-der-autoprofi-im-kfz-pfandleihhaus\/","title":{"rendered":"&#8222;Limo der Autoprofi&#8220; im Kfz-Pfandleihhaus"},"content":{"rendered":"<p><strong>Update 20.04.12:<\/strong> Der Beitrag mit Limo dem Autoprofi auf unserer Autoversteigerung wurde im Sat.1 Fr\u00fchst\u00fccksfernsehen ausgestrahlt. Hier k\u00f6nnt Ihr euch nun den fertigen TV-Beitrag ansehen.<\/p>\n<figure style=\"width: 457px\" class=\"wp-caption alignright\"><img loading=\"lazy\" decoding=\"async\" title=\"TV-Aufnahmen mit einem Ferrari im KFZ-Pfandhaus in Krefeld\" src=\"\/blog\/uploads\/pfandhaus-ferrari.jpg\" alt=\"Ferrari und Pfandhaus\" width=\"457\" height=\"306\" \/><figcaption class=\"wp-caption-text\">TV-Aufnahmen mit einem Ferrari im KFZ-Pfandhaus in Krefeld<\/figcaption><\/figure>\n<p><!--more-->Kfz-Pfandleiher sind doch ein wenig Traditionalisten, ein wenig halt \ud83d\ude09 Und, was m\u00f6chte ich euch damit sagen?<\/p>\n<p>Genau! Treue Leser wissen was kommt. Am 17.9.2011 findet unsere <a title=\"N\u00e4chste Kfz-Versteigerung\" href=\"\/versteigerungen\/\">n\u00e4chste Kfz-Versteigerung<\/a> statt. Und in guter alter Tradition haben wir wieder zwei <a title=\"TV-Aufnahmen im Pfandhaus\" href=\"\/presse\/\">TV-Teams<\/a> zu Gast. Als besonderes Highlight suchen wir diesmal <strong>zwei Versteigerungsteilnehmer, die sich von einem Kamerateam begleiten lassen<\/strong>. Doch der Reihe nach.<\/p>\n<h2>TV-Beitrag mit dap &#8211; das Autopfand bei Limo der Autoprofi\u0093<\/h2>\n<p><iframe loading=\"lazy\" src=\"https:\/\/www.facebook.com\/video\/embed?video_id=1149846278358838\" webkitallowfullscreen=\"\" mozallowfullscreen=\"\" allowfullscreen=\"\" frameborder=\"0\" width=\"560\" height=\"349\"><\/iframe><\/p>\n<h2>\u00dcber Limo, den Autoprofi\u0093<\/h2>\n<p>F\u00fcr das <strong>Sat.1 Magazin \u0084Limo der Autoprofi\u0093<\/strong> werden Filmaufnahmen rund um die Kfz-Versteigerung im Krefelder <a title=\"https:\/\/www.das-autopfand.de\/kfz-pfandhaus\/\" href=\"\/kfz-pfandhaus\/\">Kfz-Pfandleihhaus<\/a> gemacht.<\/p>\n<p>&#8222;Autoprofi Limo&#8220; unterst\u00fctzt Privatpersonen bei der Suche nach einem gew\u00fcnschten Kfz oder hilft beim optimalen Verkauf des eigenen Gebrauchtwagens. Limo gibt K\u00e4ufern und Verk\u00e4ufern Tipps, handelt smart f\u00fcr den besten Preis und ist einfach ein netter Kerl. Wer Limo nicht kennt, hier ein Video.<\/p>\n<h2>Und nun zu deinem TV-Auftritt<\/h2>\n<p>Wir suchen Freiwillige, die sich f\u00fcr ein angebotenes Fahrzeug interessieren und sich von einem Filmteam begleiten lassen m\u00f6chten. Das Team von <a title=\"www.hans-otto-film.de\" href=\"http:\/\/www.hans-otto-film.de\" rel=\"nofollow\">Hans-Otto-Film<\/a> schaut euch \u00fcber die Schulter, ein kurzes Interview, 10 Minuten Ruhm &#8211; thats it! Ok, sp\u00e4tere Entdeckung und internationale Karriere nicht v\u00f6llig ausgeschlossen \ud83d\ude09<\/p>\n<p>Also, wer Zeit und Spa\u00df an der Sache hat, der sendet uns bitte eine kurze Email an info[at]das-autopfand.de Wir melden uns dann umgehend mit weiteren Infos zum Ablauf.<\/p>\n<h2>VOX-Dokumentation \u00fcber Pfandh\u00e4user<\/h2>\n<p>Neben Limo freuen wir uns ein weiteres Fernsehteam begr\u00fc\u00dfen zu d\u00fcrfen. Der <strong>TV-Sender VOX dreht eine Dokumentation \u00fcber Kfz-Pfandh\u00e4user. <\/strong>An versch. Drehtagen wird das abwechslungsreiche Tagesgesch\u00e4ft im Pfandhaus festgehalten&#8230; sp\u00e4ter mehr&#8230;<\/p>\n<p><strong>Update 26.08.11:<\/strong> Die Produktionsfirma <a title=\"www.zeitsprung.de\" href=\"http:\/\/www.zeitsprung.de\/\" rel=\"nofollow\">Zeitsprung GmbH<\/a> aus K\u00f6ln (VOX-Dokumentation) sucht auch noch einen Interessenten, der sich beim Autokauf bzw. bei der Ersteigerung begleiten lassen m\u00f6chte. <strong>Also, wir suchen nun mind. 2 Freiwillige!<\/strong> Wir z\u00e4hlen auf euch&#8230;<\/p>\n<p>Die Ausstrahlung erfolgt am Samstag, den <strong>07.01.2012 ab 22.00 Uhr<\/strong> auf VOX. Insgesamt eine zweist\u00fcndige Dokumentation <a title=\"Weitere Informationen auf VOX\" href=\"http:\/\/www.vox.de\/epg\/format\/artikel\/sendung\/80823\/tv\/dokumentation_und_reportage\/die-pfandleiher-schnelles-geld-fuer-schmuck-auto-oder-luxusyacht\" rel=\"nofollow\">&#8222;Die Pfandleiher &#8211; Schnelles Geld f\u00fcr Schmuck, Auto oder Luxusyacht&#8220;<\/a> \u00fcber drei Pfandleihh\u00e4user mit unterschiedlichen Schwerpunkten.<\/p>\n","protected":false},"excerpt":{"rendered":"<p>Update 20.04.12: Der Beitrag mit Limo dem Autoprofi auf unserer Autoversteigerung wurde im Sat.1 Fr\u00fchst\u00fccksfernsehen ausgestrahlt. Hier k\u00f6nnt Ihr euch nun den fertigen TV-Beitrag ansehen.<\/p>\n","protected":false},"author":2,"featured_media":0,"comment_status":"closed","ping_status":"open","sticky":false,"template":"","format":"standard","meta":{"footnotes":""},"categories":[3],"tags":[],"class_list":["post-1076","post","type-post","status-publish","format-standard","hentry","category-dap"],"yoast_head":"<!-- This site is optimized with the Yoast SEO plugin v26.9 - https:\/\/yoast.com\/product\/yoast-seo-wordpress\/ -->\n<title>&quot;Limo der Autoprofi&quot; im Kfz-Pfandleihhaus -<\/title>\n<meta name=\"robots\" content=\"index, follow, max-snippet:-1, max-image-preview:large, max-video-preview:-1\" \/>\n<link rel=\"canonical\" href=\"https:\/\/www.das-autopfand.de\/blog\/limo-der-autoprofi-im-kfz-pfandleihhaus\/\" \/>\n<meta property=\"og:locale\" content=\"de_DE\" \/>\n<meta property=\"og:type\" content=\"article\" \/>\n<meta property=\"og:title\" content=\"&quot;Limo der Autoprofi&quot; im Kfz-Pfandleihhaus -\" \/>\n<meta property=\"og:description\" content=\"Update 20.04.12: Der Beitrag mit Limo dem Autoprofi auf unserer Autoversteigerung wurde im Sat.1 Fr\u00fchst\u00fccksfernsehen ausgestrahlt. Hier k\u00f6nnt Ihr euch nun den fertigen TV-Beitrag ansehen.\" \/>\n<meta property=\"og:url\" content=\"https:\/\/www.das-autopfand.de\/blog\/limo-der-autoprofi-im-kfz-pfandleihhaus\/\" \/>\n<meta property=\"article:publisher\" content=\"https:\/\/www.facebook.com\/dasautopfand\" \/>\n<meta property=\"article:author\" content=\"https:\/\/www.facebook.com\/dasautopfand\" \/>\n<meta property=\"article:published_time\" content=\"2012-04-20T10:11:00+00:00\" \/>\n<meta property=\"article:modified_time\" content=\"2025-03-02T14:08:26+00:00\" \/>\n<meta name=\"author\" content=\"Norman Ostgathe\" \/>\n<meta name=\"twitter:card\" content=\"summary_large_image\" \/>\n<meta name=\"twitter:creator\" content=\"@https:\/\/twitter.com\/autopfand\" \/>\n<meta name=\"twitter:site\" content=\"@autopfand\" \/>\n<meta name=\"twitter:label1\" content=\"Verfasst von\" \/>\n\t<meta name=\"twitter:data1\" content=\"Norman Ostgathe\" \/>\n\t<meta name=\"twitter:label2\" content=\"Gesch\u00e4tzte Lesezeit\" \/>\n\t<meta name=\"twitter:data2\" content=\"2\u00a0Minuten\" \/>\n<script type=\"application\/ld+json\" class=\"yoast-schema-graph\">{\"@context\":\"https:\/\/schema.org\",\"@graph\":[{\"@type\":\"Article\",\"@id\":\"https:\/\/www.das-autopfand.de\/blog\/limo-der-autoprofi-im-kfz-pfandleihhaus\/#article\",\"isPartOf\":{\"@id\":\"https:\/\/www.das-autopfand.de\/blog\/limo-der-autoprofi-im-kfz-pfandleihhaus\/\"},\"author\":{\"name\":\"Norman Ostgathe\",\"@id\":\"https:\/\/www.das-autopfand.de\/blog\/#\/schema\/person\/ebe927f731619d837b8245d6f9c959b0\"},\"headline\":\"&#8222;Limo der Autoprofi&#8220; im Kfz-Pfandleihhaus\",\"datePublished\":\"2012-04-20T10:11:00+00:00\",\"dateModified\":\"2025-03-02T14:08:26+00:00\",\"mainEntityOfPage\":{\"@id\":\"https:\/\/www.das-autopfand.de\/blog\/limo-der-autoprofi-im-kfz-pfandleihhaus\/\"},\"wordCount\":384,\"articleSection\":[\"dap\"],\"inLanguage\":\"de\"},{\"@type\":\"WebPage\",\"@id\":\"https:\/\/www.das-autopfand.de\/blog\/limo-der-autoprofi-im-kfz-pfandleihhaus\/\",\"url\":\"https:\/\/www.das-autopfand.de\/blog\/limo-der-autoprofi-im-kfz-pfandleihhaus\/\",\"name\":\"\\\"Limo der Autoprofi\\\" im Kfz-Pfandleihhaus -\",\"isPartOf\":{\"@id\":\"https:\/\/www.das-autopfand.de\/blog\/#website\"},\"datePublished\":\"2012-04-20T10:11:00+00:00\",\"dateModified\":\"2025-03-02T14:08:26+00:00\",\"author\":{\"@id\":\"https:\/\/www.das-autopfand.de\/blog\/#\/schema\/person\/ebe927f731619d837b8245d6f9c959b0\"},\"inLanguage\":\"de\",\"potentialAction\":[{\"@type\":\"ReadAction\",\"target\":[\"https:\/\/www.das-autopfand.de\/blog\/limo-der-autoprofi-im-kfz-pfandleihhaus\/\"]}]},{\"@type\":\"WebSite\",\"@id\":\"https:\/\/www.das-autopfand.de\/blog\/#website\",\"url\":\"https:\/\/www.das-autopfand.de\/blog\/\",\"name\":\"\",\"description\":\"News aus dem KFZ-Pfandleihhaus\",\"potentialAction\":[{\"@type\":\"SearchAction\",\"target\":{\"@type\":\"EntryPoint\",\"urlTemplate\":\"https:\/\/www.das-autopfand.de\/blog\/?s={search_term_string}\"},\"query-input\":{\"@type\":\"PropertyValueSpecification\",\"valueRequired\":true,\"valueName\":\"search_term_string\"}}],\"inLanguage\":\"de\"},{\"@type\":\"Person\",\"@id\":\"https:\/\/www.das-autopfand.de\/blog\/#\/schema\/person\/ebe927f731619d837b8245d6f9c959b0\",\"name\":\"Norman Ostgathe\",\"description\":\"Seit 2007 betreibe ich das bundesweit t\u00e4tige Kfz-Pfandleihhaus dap - das Autopfand. Mit unseren Autopfandh\u00e4usern in Krefeld, Recklinghausen, Dortmund, Sinsheim, Frankfurt am Main, M\u00fcnchen und Wolfratshausen haben wir uns auf die unkomplizierte und schnelle L\u00f6sung finanzieller Probleme spezialisiert. Wir beleihen Ihr KFZ und Sie erhalten sofort Bargeld.\",\"sameAs\":[\"https:\/\/www.facebook.com\/dasautopfand\",\"https:\/\/x.com\/https:\/\/twitter.com\/autopfand\"],\"url\":\"https:\/\/www.das-autopfand.de\/blog\/author\/dap\/\"}]}<\/script>\n<!-- \/ Yoast SEO plugin. -->","yoast_head_json":{"title":"\"Limo der Autoprofi\" im Kfz-Pfandleihhaus -","robots":{"index":"index","follow":"follow","max-snippet":"max-snippet:-1","max-image-preview":"max-image-preview:large","max-video-preview":"max-video-preview:-1"},"canonical":"https:\/\/www.das-autopfand.de\/blog\/limo-der-autoprofi-im-kfz-pfandleihhaus\/","og_locale":"de_DE","og_type":"article","og_title":"\"Limo der Autoprofi\" im Kfz-Pfandleihhaus -","og_description":"Update 20.04.12: Der Beitrag mit Limo dem Autoprofi auf unserer Autoversteigerung wurde im Sat.1 Fr\u00fchst\u00fccksfernsehen ausgestrahlt. Hier k\u00f6nnt Ihr euch nun den fertigen TV-Beitrag ansehen.","og_url":"https:\/\/www.das-autopfand.de\/blog\/limo-der-autoprofi-im-kfz-pfandleihhaus\/","article_publisher":"https:\/\/www.facebook.com\/dasautopfand","article_author":"https:\/\/www.facebook.com\/dasautopfand","article_published_time":"2012-04-20T10:11:00+00:00","article_modified_time":"2025-03-02T14:08:26+00:00","author":"Norman Ostgathe","twitter_card":"summary_large_image","twitter_creator":"@https:\/\/twitter.com\/autopfand","twitter_site":"@autopfand","twitter_misc":{"Verfasst von":"Norman Ostgathe","Gesch\u00e4tzte Lesezeit":"2\u00a0Minuten"},"schema":{"@context":"https:\/\/schema.org","@graph":[{"@type":"Article","@id":"https:\/\/www.das-autopfand.de\/blog\/limo-der-autoprofi-im-kfz-pfandleihhaus\/#article","isPartOf":{"@id":"https:\/\/www.das-autopfand.de\/blog\/limo-der-autoprofi-im-kfz-pfandleihhaus\/"},"author":{"name":"Norman Ostgathe","@id":"https:\/\/www.das-autopfand.de\/blog\/#\/schema\/person\/ebe927f731619d837b8245d6f9c959b0"},"headline":"&#8222;Limo der Autoprofi&#8220; im Kfz-Pfandleihhaus","datePublished":"2012-04-20T10:11:00+00:00","dateModified":"2025-03-02T14:08:26+00:00","mainEntityOfPage":{"@id":"https:\/\/www.das-autopfand.de\/blog\/limo-der-autoprofi-im-kfz-pfandleihhaus\/"},"wordCount":384,"articleSection":["dap"],"inLanguage":"de"},{"@type":"WebPage","@id":"https:\/\/www.das-autopfand.de\/blog\/limo-der-autoprofi-im-kfz-pfandleihhaus\/","url":"https:\/\/www.das-autopfand.de\/blog\/limo-der-autoprofi-im-kfz-pfandleihhaus\/","name":"\"Limo der Autoprofi\" im Kfz-Pfandleihhaus -","isPartOf":{"@id":"https:\/\/www.das-autopfand.de\/blog\/#website"},"datePublished":"2012-04-20T10:11:00+00:00","dateModified":"2025-03-02T14:08:26+00:00","author":{"@id":"https:\/\/www.das-autopfand.de\/blog\/#\/schema\/person\/ebe927f731619d837b8245d6f9c959b0"},"inLanguage":"de","potentialAction":[{"@type":"ReadAction","target":["https:\/\/www.das-autopfand.de\/blog\/limo-der-autoprofi-im-kfz-pfandleihhaus\/"]}]},{"@type":"WebSite","@id":"https:\/\/www.das-autopfand.de\/blog\/#website","url":"https:\/\/www.das-autopfand.de\/blog\/","name":"","description":"News aus dem KFZ-Pfandleihhaus","potentialAction":[{"@type":"SearchAction","target":{"@type":"EntryPoint","urlTemplate":"https:\/\/www.das-autopfand.de\/blog\/?s={search_term_string}"},"query-input":{"@type":"PropertyValueSpecification","valueRequired":true,"valueName":"search_term_string"}}],"inLanguage":"de"},{"@type":"Person","@id":"https:\/\/www.das-autopfand.de\/blog\/#\/schema\/person\/ebe927f731619d837b8245d6f9c959b0","name":"Norman Ostgathe","description":"Seit 2007 betreibe ich das bundesweit t\u00e4tige Kfz-Pfandleihhaus dap - das Autopfand. Mit unseren Autopfandh\u00e4usern in Krefeld, Recklinghausen, Dortmund, Sinsheim, Frankfurt am Main, M\u00fcnchen und Wolfratshausen haben wir uns auf die unkomplizierte und schnelle L\u00f6sung finanzieller Probleme spezialisiert. Wir beleihen Ihr KFZ und Sie erhalten sofort Bargeld.","sameAs":["https:\/\/www.facebook.com\/dasautopfand","https:\/\/x.com\/https:\/\/twitter.com\/autopfand"],"url":"https:\/\/www.das-autopfand.de\/blog\/author\/dap\/"}]}},"_links":{"self":[{"href":"https:\/\/www.das-autopfand.de\/blog\/wp-json\/wp\/v2\/posts\/1076","targetHints":{"allow":["GET"]}}],"collection":[{"href":"https:\/\/www.das-autopfand.de\/blog\/wp-json\/wp\/v2\/posts"}],"about":[{"href":"https:\/\/www.das-autopfand.de\/blog\/wp-json\/wp\/v2\/types\/post"}],"author":[{"embeddable":true,"href":"https:\/\/www.das-autopfand.de\/blog\/wp-json\/wp\/v2\/users\/2"}],"replies":[{"embeddable":true,"href":"https:\/\/www.das-autopfand.de\/blog\/wp-json\/wp\/v2\/comments?post=1076"}],"version-history":[{"count":0,"href":"https:\/\/www.das-autopfand.de\/blog\/wp-json\/wp\/v2\/posts\/1076\/revisions"}],"wp:attachment":[{"href":"https:\/\/www.das-autopfand.de\/blog\/wp-json\/wp\/v2\/media?parent=1076"}],"wp:term":[{"taxonomy":"category","embeddable":true,"href":"https:\/\/www.das-autopfand.de\/blog\/wp-json\/wp\/v2\/categories?post=1076"},{"taxonomy":"post_tag","embeddable":true,"href":"https:\/\/www.das-autopfand.de\/blog\/wp-json\/wp\/v2\/tags?post=1076"}],"curies":[{"name":"wp","href":"https:\/\/api.w.org\/{rel}","templated":true}]}}