{"id":1083,"date":"2011-09-19T10:11:00","date_gmt":"2011-09-19T08:11:00","guid":{"rendered":"https:\/\/www.das-autopfand.de\/blog\/?p=1083"},"modified":"2025-03-02T16:08:26","modified_gmt":"2025-03-02T14:08:26","slug":"alfa-romeo-gtv-kfz-versteigerung","status":"publish","type":"post","link":"https:\/\/www.das-autopfand.de\/blog\/alfa-romeo-gtv-kfz-versteigerung\/","title":{"rendered":"Alfa Romeo GTV &#8211; Kfz-Versteigerung"},"content":{"rendered":"<p>Daten zum <strong>Alfa Romeo GTV<\/strong>: <\/p>\n<p class=\"hinweis\"><strong>Aktualisierung: Der Alfa ist verkauft!<\/strong> <strong><br \/><\/strong><\/p>\n<p><!--more-->Typ: Alfa Romeo GTV<br \/>\nEZ: 20.02.1998<br \/>\nKm-Stand: 131.000 km<br \/>\nKraftstoff: Benzin<br \/>\nKW: 110<br \/>\nAu\u00dfenfarbe: Schwarz<br \/>\nGetriebeart: Schaltung<br \/>\nHubraum: 1970<br \/>T\u00fcren: 2<br \/>Vorbesitzer: 5<br \/>Ausstattung: Alufelgen, Lederausstattung, Klimaanlage, Radio CD, elektr. Fenster, elektr. Spiegel, Nebelscheinwerfer <\/p>\n<p>Alle Angaben ohne Gew\u00e4hr und laut Auskunft der Vorbesitzer. Wir versteigern im Namen und auf Rechnung der jeweiligen Eigent\u00fcmer.<\/p>\n<p><img loading=\"lazy\" decoding=\"async\" width=\"455\" height=\"305\" src=\"\/blog\/uploads\/alfa-romeo-gtv.jpg\" alt=\"Alfa Romeo GTV\" \/><\/p>\n<p><img loading=\"lazy\" decoding=\"async\" width=\"455\" height=\"305\" alt=\"Alfa Romeo GTV in schwarz zur Versteigerung\" src=\"\/blog\/uploads\/alfa-romeo-gtv-schwarz.jpg\" \/> <img loading=\"lazy\" decoding=\"async\" width=\"455\" height=\"305\" alt=\"R\u00fcckansicht des Alfa GTV\" src=\"\/blog\/uploads\/alfa-romeo-gtv-heck.jpg\" \/> <img loading=\"lazy\" decoding=\"async\" width=\"455\" height=\"305\" alt=\"Innenraum des Alfa GTV\" src=\"\/blog\/uploads\/innenraum-alfa-romeo-gtv.jpg\" \/><\/p>\n<h2>Fragen zum Alfa Romeo<\/h2>\n<p>Haben Sie Fragen zum GTV, dann treten Sie bitte mit uns<br \/>\nin Kontakt. Bitte beachten Sie zuvor auch unsere <a href=\"\/versteigerungen\/#faq\" title=\"H\u00e4ufige Fragen zur Versteigerung\">FAQ<br \/>\nzur Kfz-Versteigerung<\/a>. Hier finden Sie Antworten auf h\u00e4ufige<br \/>\nFragen!<\/p>\n<h2>Termin der Kfz-Versteigerung<\/h2>\n<p>Die <a href=\"\/versteigerungen\/\" title=\"Kfz-Versteigerungen bei das Autopfand\">Kfz-Versteigerung<\/a> findet am <strong>Samstag, den 17. September 2011<\/strong> im Kfz-Pfandleihhaus in Krefeld statt.<\/p>\n<p>M\u00f6chten Sie sich einfach und bequem \u00fcber die Termine der<br \/>\nkommenden Kfz-Versteigerungen in unseren bundesweiten Pfandleihh\u00e4usern<br \/>\nper Email informieren lassen, dann nutzen Sie unseren <a title=\"dap\nNewsletter\" href=\"\/newsletter\/\">dap-Newsletter<\/a> oder <a rel=\"nofollow\" href=\"https:\/\/twitter.com\/autopfand\" title=\"https:\/\/twitter.com\/autopfand\">folgen Sie uns auf Twitter \u00bb<\/a><\/p>\n","protected":false},"excerpt":{"rendered":"<p>Daten zum Alfa Romeo GTV: Aktualisierung: Der Alfa ist verkauft!<\/p>\n","protected":false},"author":2,"featured_media":0,"comment_status":"closed","ping_status":"open","sticky":false,"template":"","format":"standard","meta":{"footnotes":""},"categories":[10],"tags":[],"class_list":["post-1083","post","type-post","status-publish","format-standard","hentry","category-versteigerung"],"yoast_head":"<!-- This site is optimized with the Yoast SEO plugin v26.9 - https:\/\/yoast.com\/product\/yoast-seo-wordpress\/ -->\n<title>Alfa Romeo GTV - Kfz-Versteigerung -<\/title>\n<meta name=\"robots\" content=\"index, follow, max-snippet:-1, max-image-preview:large, max-video-preview:-1\" \/>\n<link rel=\"canonical\" href=\"https:\/\/www.das-autopfand.de\/blog\/alfa-romeo-gtv-kfz-versteigerung\/\" \/>\n<meta property=\"og:locale\" content=\"de_DE\" \/>\n<meta property=\"og:type\" content=\"article\" \/>\n<meta property=\"og:title\" content=\"Alfa Romeo GTV - Kfz-Versteigerung -\" \/>\n<meta property=\"og:description\" content=\"Daten zum Alfa Romeo GTV: Aktualisierung: Der Alfa ist verkauft!\" \/>\n<meta property=\"og:url\" content=\"https:\/\/www.das-autopfand.de\/blog\/alfa-romeo-gtv-kfz-versteigerung\/\" \/>\n<meta property=\"article:publisher\" content=\"https:\/\/www.facebook.com\/dasautopfand\" \/>\n<meta property=\"article:author\" content=\"https:\/\/www.facebook.com\/dasautopfand\" \/>\n<meta property=\"article:published_time\" content=\"2011-09-19T08:11:00+00:00\" \/>\n<meta property=\"article:modified_time\" content=\"2025-03-02T14:08:26+00:00\" \/>\n<meta name=\"author\" content=\"Norman Ostgathe\" \/>\n<meta name=\"twitter:card\" content=\"summary_large_image\" \/>\n<meta name=\"twitter:creator\" content=\"@https:\/\/twitter.com\/autopfand\" \/>\n<meta name=\"twitter:site\" content=\"@autopfand\" \/>\n<meta name=\"twitter:label1\" content=\"Verfasst von\" \/>\n\t<meta name=\"twitter:data1\" content=\"Norman Ostgathe\" \/>\n\t<meta name=\"twitter:label2\" content=\"Gesch\u00e4tzte Lesezeit\" \/>\n\t<meta name=\"twitter:data2\" content=\"1\u00a0Minute\" \/>\n<script type=\"application\/ld+json\" class=\"yoast-schema-graph\">{\"@context\":\"https:\/\/schema.org\",\"@graph\":[{\"@type\":\"Article\",\"@id\":\"https:\/\/www.das-autopfand.de\/blog\/alfa-romeo-gtv-kfz-versteigerung\/#article\",\"isPartOf\":{\"@id\":\"https:\/\/www.das-autopfand.de\/blog\/alfa-romeo-gtv-kfz-versteigerung\/\"},\"author\":{\"name\":\"Norman Ostgathe\",\"@id\":\"https:\/\/www.das-autopfand.de\/blog\/#\/schema\/person\/ebe927f731619d837b8245d6f9c959b0\"},\"headline\":\"Alfa Romeo GTV &#8211; Kfz-Versteigerung\",\"datePublished\":\"2011-09-19T08:11:00+00:00\",\"dateModified\":\"2025-03-02T14:08:26+00:00\",\"mainEntityOfPage\":{\"@id\":\"https:\/\/www.das-autopfand.de\/blog\/alfa-romeo-gtv-kfz-versteigerung\/\"},\"wordCount\":148,\"articleSection\":[\"Versteigerung\"],\"inLanguage\":\"de\"},{\"@type\":\"WebPage\",\"@id\":\"https:\/\/www.das-autopfand.de\/blog\/alfa-romeo-gtv-kfz-versteigerung\/\",\"url\":\"https:\/\/www.das-autopfand.de\/blog\/alfa-romeo-gtv-kfz-versteigerung\/\",\"name\":\"Alfa Romeo GTV - Kfz-Versteigerung -\",\"isPartOf\":{\"@id\":\"https:\/\/www.das-autopfand.de\/blog\/#website\"},\"datePublished\":\"2011-09-19T08:11:00+00:00\",\"dateModified\":\"2025-03-02T14:08:26+00:00\",\"author\":{\"@id\":\"https:\/\/www.das-autopfand.de\/blog\/#\/schema\/person\/ebe927f731619d837b8245d6f9c959b0\"},\"inLanguage\":\"de\",\"potentialAction\":[{\"@type\":\"ReadAction\",\"target\":[\"https:\/\/www.das-autopfand.de\/blog\/alfa-romeo-gtv-kfz-versteigerung\/\"]}]},{\"@type\":\"WebSite\",\"@id\":\"https:\/\/www.das-autopfand.de\/blog\/#website\",\"url\":\"https:\/\/www.das-autopfand.de\/blog\/\",\"name\":\"\",\"description\":\"News aus dem KFZ-Pfandleihhaus\",\"potentialAction\":[{\"@type\":\"SearchAction\",\"target\":{\"@type\":\"EntryPoint\",\"urlTemplate\":\"https:\/\/www.das-autopfand.de\/blog\/?s={search_term_string}\"},\"query-input\":{\"@type\":\"PropertyValueSpecification\",\"valueRequired\":true,\"valueName\":\"search_term_string\"}}],\"inLanguage\":\"de\"},{\"@type\":\"Person\",\"@id\":\"https:\/\/www.das-autopfand.de\/blog\/#\/schema\/person\/ebe927f731619d837b8245d6f9c959b0\",\"name\":\"Norman Ostgathe\",\"description\":\"Seit 2007 betreibe ich das bundesweit t\u00e4tige Kfz-Pfandleihhaus dap - das Autopfand. Mit unseren Autopfandh\u00e4usern in Krefeld, Recklinghausen, Dortmund, Sinsheim, Frankfurt am Main, M\u00fcnchen und Wolfratshausen haben wir uns auf die unkomplizierte und schnelle L\u00f6sung finanzieller Probleme spezialisiert. Wir beleihen Ihr KFZ und Sie erhalten sofort Bargeld.\",\"sameAs\":[\"https:\/\/www.facebook.com\/dasautopfand\",\"https:\/\/x.com\/https:\/\/twitter.com\/autopfand\"],\"url\":\"https:\/\/www.das-autopfand.de\/blog\/author\/dap\/\"}]}<\/script>\n<!-- \/ Yoast SEO plugin. -->","yoast_head_json":{"title":"Alfa Romeo GTV - Kfz-Versteigerung -","robots":{"index":"index","follow":"follow","max-snippet":"max-snippet:-1","max-image-preview":"max-image-preview:large","max-video-preview":"max-video-preview:-1"},"canonical":"https:\/\/www.das-autopfand.de\/blog\/alfa-romeo-gtv-kfz-versteigerung\/","og_locale":"de_DE","og_type":"article","og_title":"Alfa Romeo GTV - Kfz-Versteigerung -","og_description":"Daten zum Alfa Romeo GTV: Aktualisierung: Der Alfa ist verkauft!","og_url":"https:\/\/www.das-autopfand.de\/blog\/alfa-romeo-gtv-kfz-versteigerung\/","article_publisher":"https:\/\/www.facebook.com\/dasautopfand","article_author":"https:\/\/www.facebook.com\/dasautopfand","article_published_time":"2011-09-19T08:11:00+00:00","article_modified_time":"2025-03-02T14:08:26+00:00","author":"Norman Ostgathe","twitter_card":"summary_large_image","twitter_creator":"@https:\/\/twitter.com\/autopfand","twitter_site":"@autopfand","twitter_misc":{"Verfasst von":"Norman Ostgathe","Gesch\u00e4tzte Lesezeit":"1\u00a0Minute"},"schema":{"@context":"https:\/\/schema.org","@graph":[{"@type":"Article","@id":"https:\/\/www.das-autopfand.de\/blog\/alfa-romeo-gtv-kfz-versteigerung\/#article","isPartOf":{"@id":"https:\/\/www.das-autopfand.de\/blog\/alfa-romeo-gtv-kfz-versteigerung\/"},"author":{"name":"Norman Ostgathe","@id":"https:\/\/www.das-autopfand.de\/blog\/#\/schema\/person\/ebe927f731619d837b8245d6f9c959b0"},"headline":"Alfa Romeo GTV &#8211; Kfz-Versteigerung","datePublished":"2011-09-19T08:11:00+00:00","dateModified":"2025-03-02T14:08:26+00:00","mainEntityOfPage":{"@id":"https:\/\/www.das-autopfand.de\/blog\/alfa-romeo-gtv-kfz-versteigerung\/"},"wordCount":148,"articleSection":["Versteigerung"],"inLanguage":"de"},{"@type":"WebPage","@id":"https:\/\/www.das-autopfand.de\/blog\/alfa-romeo-gtv-kfz-versteigerung\/","url":"https:\/\/www.das-autopfand.de\/blog\/alfa-romeo-gtv-kfz-versteigerung\/","name":"Alfa Romeo GTV - Kfz-Versteigerung -","isPartOf":{"@id":"https:\/\/www.das-autopfand.de\/blog\/#website"},"datePublished":"2011-09-19T08:11:00+00:00","dateModified":"2025-03-02T14:08:26+00:00","author":{"@id":"https:\/\/www.das-autopfand.de\/blog\/#\/schema\/person\/ebe927f731619d837b8245d6f9c959b0"},"inLanguage":"de","potentialAction":[{"@type":"ReadAction","target":["https:\/\/www.das-autopfand.de\/blog\/alfa-romeo-gtv-kfz-versteigerung\/"]}]},{"@type":"WebSite","@id":"https:\/\/www.das-autopfand.de\/blog\/#website","url":"https:\/\/www.das-autopfand.de\/blog\/","name":"","description":"News aus dem KFZ-Pfandleihhaus","potentialAction":[{"@type":"SearchAction","target":{"@type":"EntryPoint","urlTemplate":"https:\/\/www.das-autopfand.de\/blog\/?s={search_term_string}"},"query-input":{"@type":"PropertyValueSpecification","valueRequired":true,"valueName":"search_term_string"}}],"inLanguage":"de"},{"@type":"Person","@id":"https:\/\/www.das-autopfand.de\/blog\/#\/schema\/person\/ebe927f731619d837b8245d6f9c959b0","name":"Norman Ostgathe","description":"Seit 2007 betreibe ich das bundesweit t\u00e4tige Kfz-Pfandleihhaus dap - das Autopfand. Mit unseren Autopfandh\u00e4usern in Krefeld, Recklinghausen, Dortmund, Sinsheim, Frankfurt am Main, M\u00fcnchen und Wolfratshausen haben wir uns auf die unkomplizierte und schnelle L\u00f6sung finanzieller Probleme spezialisiert. Wir beleihen Ihr KFZ und Sie erhalten sofort Bargeld.","sameAs":["https:\/\/www.facebook.com\/dasautopfand","https:\/\/x.com\/https:\/\/twitter.com\/autopfand"],"url":"https:\/\/www.das-autopfand.de\/blog\/author\/dap\/"}]}},"_links":{"self":[{"href":"https:\/\/www.das-autopfand.de\/blog\/wp-json\/wp\/v2\/posts\/1083","targetHints":{"allow":["GET"]}}],"collection":[{"href":"https:\/\/www.das-autopfand.de\/blog\/wp-json\/wp\/v2\/posts"}],"about":[{"href":"https:\/\/www.das-autopfand.de\/blog\/wp-json\/wp\/v2\/types\/post"}],"author":[{"embeddable":true,"href":"https:\/\/www.das-autopfand.de\/blog\/wp-json\/wp\/v2\/users\/2"}],"replies":[{"embeddable":true,"href":"https:\/\/www.das-autopfand.de\/blog\/wp-json\/wp\/v2\/comments?post=1083"}],"version-history":[{"count":0,"href":"https:\/\/www.das-autopfand.de\/blog\/wp-json\/wp\/v2\/posts\/1083\/revisions"}],"wp:attachment":[{"href":"https:\/\/www.das-autopfand.de\/blog\/wp-json\/wp\/v2\/media?parent=1083"}],"wp:term":[{"taxonomy":"category","embeddable":true,"href":"https:\/\/www.das-autopfand.de\/blog\/wp-json\/wp\/v2\/categories?post=1083"},{"taxonomy":"post_tag","embeddable":true,"href":"https:\/\/www.das-autopfand.de\/blog\/wp-json\/wp\/v2\/tags?post=1083"}],"curies":[{"name":"wp","href":"https:\/\/api.w.org\/{rel}","templated":true}]}}