{"id":1131,"date":"2022-02-09T10:15:00","date_gmt":"2022-02-09T08:15:00","guid":{"rendered":"https:\/\/www.das-autopfand.de\/blog\/?p=1131"},"modified":"2025-03-02T16:08:18","modified_gmt":"2025-03-02T14:08:18","slug":"porsche-911-cabrio-kfz-versteigerung","status":"publish","type":"post","link":"https:\/\/www.das-autopfand.de\/blog\/porsche-911-cabrio-kfz-versteigerung\/","title":{"rendered":"Porsche 911 Cabrio &#8211; Kfz-Versteigerung am 15.02."},"content":{"rendered":"<p><img loading=\"lazy\" decoding=\"async\" class=\"alignnone size-full wp-image-4765\" src=\"https:\/\/www.das-autopfand.de\/blog\/uploads\/IMG_4670.jpg\" alt=\"\" width=\"640\" height=\"480\" \/><\/p>\n<p>Daten zum <strong>Porsche 911 Carrera GTS<\/strong>:<\/p>\n<p><strong><span class=\"hinweis\">Der Porsche wurde am 15.02.2022 versteigert!<br \/>\n<\/span><\/strong><span class=\"hinweis\">\u00bb \u00dcberblick \u00fcber die n\u00e4chste <\/span><span class=\"hinweis\"><a title=\"Kfz-Versteigerungen bei das Autopfand\" href=\"https:\/\/www.das-autopfand.de\/versteigerungen\/\">Kfz-Versteigerung im Kfz-Pfandleihhaus<\/a><\/span><span class=\"hinweis\">. \u00a0<\/span><\/p>\n<p><!--more--><\/p>\n<div style=\"border: 5px solid #990000; padding: 20px; margin-bottom: 20px;\">\n<p><strong>Achtung Sonderversteigerung, anderer Versteigerungsort:<\/strong><br \/>\nGemeindesaal der St. Franziskuskirche<br \/>\nSt. Franziskusstr. 5<br \/>\n40470 D\u00fcsseldorf<br \/>\nDie Besichtigung des Fahrzeugs ist ab 08:00 Uhr m\u00f6glich; Beginn der Versteigerung ist um 09:30 Uhr.<\/p>\n<\/div>\n<p>Typ: Porsche 911\/991 Carrera GTS<br \/>\nErstzulassung: 20.06.2017<br \/>\nKm-Stand: 34.277<br \/>\nKraftstoff: Superbenzin<br \/>\nKW: 331<br \/>\nAu\u00dfenfarbe: Schwarz<br \/>\nGetriebeart: Automatik<br \/>\nHubraum: 2981<br \/>\nT\u00fcren: 2<br \/>\nVorbesitzer: 2<br \/>\nAusstattung: Adaptive Sportsitze inkl. Sitzverstellung 18-Wege und Memory-Paket, Au\u00dfen-\/Innenspiegel mit Abblendautomatik und Regensensor, Fahrassistenz-System: Park-Assistent vorn und hinten inkl. R\u00fcckfahrkamera, Fahrassistenz-System: Verkehrszeichenerkennung, Frontscheibe mit Bandfilter oben, Fu\u00dfmatten, Fzg. ohne Modellbezeichnung auf den T\u00fcren, Hauptscheinwerfer LED, schwarz, inkl. Porsche Dynamic Light System Plus (PDLS ), Innenraumlicht-Paket \/ Licht-Design-Paket, Kraftstofftank: 90 Ltr., Lenkrad heizbar mit Multifunktion (Zusatz-AV zu Lenkrad), Metallic-Lackierung, Mittelkonsole \/ Ablagenetz, Mittelkonsole, Blende vorn Carbon, Porsche Torque Vectoring Plus (PTV Plus), Radioempfang digital (DAB ), Raucher-Paket, Servolenkung Plus (geschwindigkeitsabh\u00e4ngig), Sitzbezug \/ Polsterung: Leder, Sitzheizung vorn, Sound-System BOSE Weitere Ausstattung: Airbag Fahrer-\/Beifahrerseite, Antischlupfregelung (ASR), Antriebsart: Heckantrieb, Audiosystem Porsche CDR mit Touchscreen-Farbdisplay (Radio\/CD-Player), Automatisches Bremsen Differential (ABD), Au\u00dfenspiegel elektr. verstell- und heizbar, beide, Au\u00dfenspiegel Sport Design, Bremss\u00e4ttel Rot lackiert, Cabrio, Connect Plus (Bluetooth, Apple CarPlay, WLAN, Vehicle-Tracking-System), Einschaltautomatik f\u00fcr Fahrlicht, Fahrassistenz-System: Park-Assistent, Fensterheber elektrisch vorn hinten, Frontverkleidung Sport Design, Getr\u00e4nkehalter, Heckleuchten LED, Heckscheibe heizbar, Heckspoiler, Isofix-Aufnahmen f\u00fcr Kindersitz an R\u00fccksitz, Karosserie: 2-t\u00fcrig, Kleiderhaken Sitzr\u00fcckenlehne Leder, Klimaautomatik, Kopf-Schulter-Airbag vorn (Thoraxbag), Lenks\u00e4ule (Lenkrad) verstellbar, LM-Felgen, Make-up-Spiegel im Fond beleuchtet, Modellpflege, Motor 3,0 Ltr. &#8211; 331 kW KAT, Motor-Schleppmoment-Regulator (MSR), Parkbremse elektrisch, Porsche Active Suspension Management (PASM), Porsche Communications Management (PCM) inkl. Online &#8211; Navigationsmodul, Reifen-Reparaturkit, Reifendruck-Kontrollsystem, Schadstoffarm nach Abgasnorm Euro<\/p>\n<table width=\"500\">\n<tbody>\n<tr>\n<td width=\"300\">Vorhandene Unterlagen:<\/td>\n<td width=\"100\">JA<\/td>\n<td width=\"100\">NEIN<\/td>\n<\/tr>\n<tr>\n<td width=\"300\">Fahrzeugschein<\/td>\n<td width=\"100\">X<\/td>\n<td width=\"100\"><\/td>\n<\/tr>\n<tr>\n<td width=\"300\">Fahrzeugbrief<\/td>\n<td width=\"100\">X<\/td>\n<td width=\"100\"><\/td>\n<\/tr>\n<tr>\n<td width=\"300\">Scheckheft<\/td>\n<td width=\"100\">X<\/td>\n<td width=\"100\"><\/td>\n<\/tr>\n<tr>\n<td width=\"300\">Gutachten<\/td>\n<td width=\"100\"><\/td>\n<td width=\"100\">X<\/td>\n<\/tr>\n<tr>\n<td width=\"300\">T\u00dcV Bescheinigung<\/td>\n<td width=\"100\">X<\/td>\n<td width=\"100\">( T\u00dcV bis: 07\/2022 )<\/td>\n<\/tr>\n<tr>\n<td width=\"300\">COC-Papiere<\/td>\n<td width=\"100\"><\/td>\n<td width=\"100\">X<\/td>\n<\/tr>\n<\/tbody>\n<\/table>\n<p>Alle Angaben ohne Gew\u00e4hr und laut Auskunft der Vorbesitzer. Wir versteigern im Namen und auf Rechnung der jeweiligen Eigent\u00fcmer.<\/p>\n<h2>Fotos vom Porsche 911 Carrera GTS Cabrio<\/h2>\n<p><img loading=\"lazy\" decoding=\"async\" class=\"alignnone size-medium wp-image-4768\" src=\"https:\/\/www.das-autopfand.de\/blog\/uploads\/IMG_4671.jpg\" alt=\"\" width=\"640\" height=\"480\" \/><img loading=\"lazy\" decoding=\"async\" class=\"alignnone size-full wp-image-4766\" src=\"https:\/\/www.das-autopfand.de\/blog\/uploads\/IMG_4673.jpg\" alt=\"\" width=\"640\" height=\"480\" \/> <img loading=\"lazy\" decoding=\"async\" class=\"alignnone size-medium wp-image-4767\" src=\"https:\/\/www.das-autopfand.de\/blog\/uploads\/IMG_4672.jpg\" alt=\"\" width=\"640\" height=\"480\" \/> <img loading=\"lazy\" decoding=\"async\" class=\"alignnone size-medium wp-image-4694\" src=\"https:\/\/www.das-autopfand.de\/blog\/uploads\/IMG_4675.jpeg\" alt=\"\" width=\"640\" height=\"480\" \/><img loading=\"lazy\" decoding=\"async\" class=\"alignnone size-medium wp-image-4687\" src=\"https:\/\/www.das-autopfand.de\/blog\/uploads\/IMG_4682.jpeg\" alt=\"\" width=\"640\" height=\"480\" \/><img loading=\"lazy\" decoding=\"async\" class=\"alignnone size-medium wp-image-4684\" src=\"https:\/\/www.das-autopfand.de\/blog\/uploads\/IMG_4686.jpeg\" alt=\"\" width=\"640\" height=\"480\" \/>\u00a0 <img loading=\"lazy\" decoding=\"async\" class=\"alignnone size-medium wp-image-4685\" src=\"https:\/\/www.das-autopfand.de\/blog\/uploads\/IMG_4684.jpeg\" alt=\"\" width=\"640\" height=\"480\" \/> <img loading=\"lazy\" decoding=\"async\" class=\"alignnone size-medium wp-image-4686\" src=\"https:\/\/www.das-autopfand.de\/blog\/uploads\/IMG_4683.jpeg\" alt=\"\" width=\"640\" height=\"480\" \/>\u00a0 <img loading=\"lazy\" decoding=\"async\" class=\"alignnone size-medium wp-image-4688\" src=\"https:\/\/www.das-autopfand.de\/blog\/uploads\/IMG_4681.jpeg\" alt=\"\" width=\"640\" height=\"480\" \/> <img loading=\"lazy\" decoding=\"async\" class=\"alignnone size-medium wp-image-4689\" src=\"https:\/\/www.das-autopfand.de\/blog\/uploads\/IMG_4680.jpeg\" alt=\"\" width=\"640\" height=\"480\" \/> <img loading=\"lazy\" decoding=\"async\" class=\"alignnone size-medium wp-image-4690\" src=\"https:\/\/www.das-autopfand.de\/blog\/uploads\/IMG_4679.jpeg\" alt=\"\" width=\"640\" height=\"480\" \/> <img loading=\"lazy\" decoding=\"async\" class=\"alignnone size-full wp-image-4683\" src=\"https:\/\/www.das-autopfand.de\/blog\/uploads\/IMG_4685.jpeg\" alt=\"\" width=\"640\" height=\"480\" \/><img loading=\"lazy\" decoding=\"async\" class=\"alignnone size-medium wp-image-4691\" src=\"https:\/\/www.das-autopfand.de\/blog\/uploads\/IMG_4678.jpeg\" alt=\"\" width=\"640\" height=\"480\" \/> <img loading=\"lazy\" decoding=\"async\" class=\"alignnone size-medium wp-image-4692\" src=\"https:\/\/www.das-autopfand.de\/blog\/uploads\/IMG_4677.jpeg\" alt=\"\" width=\"640\" height=\"480\" \/> <img loading=\"lazy\" decoding=\"async\" class=\"alignnone size-medium wp-image-4693\" src=\"https:\/\/www.das-autopfand.de\/blog\/uploads\/IMG_4676.jpeg\" alt=\"\" width=\"640\" height=\"480\" \/>\u00a0 <img loading=\"lazy\" decoding=\"async\" class=\"alignnone size-medium wp-image-4695\" src=\"https:\/\/www.das-autopfand.de\/blog\/uploads\/IMG_4674.jpeg\" alt=\"\" width=\"640\" height=\"480\" \/><\/p>\n<h2>Fragen zum Porsche 911 Cabrio<\/h2>\n<p>Haben Sie Fragen zum Porsche 911 Cabrio, dann treten Sie bitte mit uns in Kontakt. Bitte beachten Sie zuvor auch unsere <a title=\"H\u00e4ufige Fragen zur Versteigerung\" href=\"\/versteigerungen\/#faq\">FAQ zur Kfz-Versteigerung<\/a>. Hier finden Sie Antworten auf h\u00e4ufige Fragen!<\/p>\n<h2>Termin der Kfz-Versteigerung<\/h2>\n<p>Die <a title=\"Kfz-Versteigerungen bei das Autopfand\" href=\"\/versteigerungen\/\">Kfz-Versteigerung <\/a>findet am <strong>Dienstag, den 15. Februar 2022<\/strong> statt. Weitere Highlights an Schmuck und Uhren finden Sie ab dem 14.02. unter https:\/\/www.versteigerin.de\/pfandauktion\/<\/p>\n<div style=\"border: 5px solid #990000; padding: 20px; margin-bottom: 20px;\">\n<p><strong>Achtung Sonderversteigerung, anderer Versteigerungsort:<\/strong><br \/>\nGemeindesaal der St. Franziskuskirche<br \/>\nSt. Franziskusstr. 5<br \/>\n40470 D\u00fcsseldorf<br \/>\nDie Besichtigung des Fahrzeugs ist ab 08:00 Uhr m\u00f6glich; Beginn der Versteigerung ist um 09:30 Uhr.<\/p>\n<\/div>\n<p>M\u00f6chten Sie sich einfach und bequem \u00fcber die Termine der kommenden Kfz-Versteigerungen in unseren bundesweiten Pfandleihh\u00e4usern per Email informieren lassen, dann nutzen Sie unseren <a title=\"dap&lt;br \/&gt; Newsletter\" href=\"\/newsletter\/\">dap-Newsletter<\/a> oder <a title=\"https:\/\/twitter.com\/autopfand\" href=\"https:\/\/twitter.com\/autopfand\" rel=\"nofollow\">folgen Sie uns auf Twitter \u00bb<\/a><\/p>\n","protected":false},"excerpt":{"rendered":"<p>Daten zum Porsche 911 Carrera GTS: Der Porsche wurde am 15.02.2022 versteigert! \u00bb \u00dcberblick \u00fcber die n\u00e4chste Kfz-Versteigerung im Kfz-Pfandleihhaus. \u00a0<\/p>\n","protected":false},"author":2,"featured_media":0,"comment_status":"closed","ping_status":"open","sticky":false,"template":"","format":"standard","meta":{"footnotes":""},"categories":[1],"tags":[],"class_list":["post-1131","post","type-post","status-publish","format-standard","hentry","category-allgemein"],"yoast_head":"<!-- This site is optimized with the Yoast SEO plugin v26.9 - https:\/\/yoast.com\/product\/yoast-seo-wordpress\/ -->\n<title>Porsche 911 Cabrio - Kfz-Versteigerung am 15.02. -<\/title>\n<meta name=\"robots\" content=\"index, follow, max-snippet:-1, max-image-preview:large, max-video-preview:-1\" \/>\n<link rel=\"canonical\" href=\"https:\/\/www.das-autopfand.de\/blog\/porsche-911-cabrio-kfz-versteigerung\/\" \/>\n<meta property=\"og:locale\" content=\"de_DE\" \/>\n<meta property=\"og:type\" content=\"article\" \/>\n<meta property=\"og:title\" content=\"Porsche 911 Cabrio - Kfz-Versteigerung am 15.02. -\" \/>\n<meta property=\"og:description\" content=\"Daten zum Porsche 911 Carrera GTS: Der Porsche wurde am 15.02.2022 versteigert! \u00bb \u00dcberblick \u00fcber die n\u00e4chste Kfz-Versteigerung im Kfz-Pfandleihhaus. \u00a0\" \/>\n<meta property=\"og:url\" content=\"https:\/\/www.das-autopfand.de\/blog\/porsche-911-cabrio-kfz-versteigerung\/\" \/>\n<meta property=\"article:publisher\" content=\"https:\/\/www.facebook.com\/dasautopfand\" \/>\n<meta property=\"article:author\" content=\"https:\/\/www.facebook.com\/dasautopfand\" \/>\n<meta property=\"article:published_time\" content=\"2022-02-09T08:15:00+00:00\" \/>\n<meta property=\"article:modified_time\" content=\"2025-03-02T14:08:18+00:00\" \/>\n<meta property=\"og:image\" content=\"https:\/\/www.das-autopfand.de\/blog\/uploads\/IMG_4670.jpg\" \/>\n\t<meta property=\"og:image:width\" content=\"640\" \/>\n\t<meta property=\"og:image:height\" content=\"480\" \/>\n\t<meta property=\"og:image:type\" content=\"image\/jpeg\" \/>\n<meta name=\"author\" content=\"Norman Ostgathe\" \/>\n<meta name=\"twitter:card\" content=\"summary_large_image\" \/>\n<meta name=\"twitter:creator\" content=\"@https:\/\/twitter.com\/autopfand\" \/>\n<meta name=\"twitter:site\" content=\"@autopfand\" \/>\n<meta name=\"twitter:label1\" content=\"Verfasst von\" \/>\n\t<meta name=\"twitter:data1\" content=\"Norman Ostgathe\" \/>\n\t<meta name=\"twitter:label2\" content=\"Gesch\u00e4tzte Lesezeit\" \/>\n\t<meta name=\"twitter:data2\" content=\"2\u00a0Minuten\" \/>\n<script type=\"application\/ld+json\" class=\"yoast-schema-graph\">{\"@context\":\"https:\/\/schema.org\",\"@graph\":[{\"@type\":\"Article\",\"@id\":\"https:\/\/www.das-autopfand.de\/blog\/porsche-911-cabrio-kfz-versteigerung\/#article\",\"isPartOf\":{\"@id\":\"https:\/\/www.das-autopfand.de\/blog\/porsche-911-cabrio-kfz-versteigerung\/\"},\"author\":{\"name\":\"Norman Ostgathe\",\"@id\":\"https:\/\/www.das-autopfand.de\/blog\/#\/schema\/person\/ebe927f731619d837b8245d6f9c959b0\"},\"headline\":\"Porsche 911 Cabrio &#8211; Kfz-Versteigerung am 15.02.\",\"datePublished\":\"2022-02-09T08:15:00+00:00\",\"dateModified\":\"2025-03-02T14:08:18+00:00\",\"mainEntityOfPage\":{\"@id\":\"https:\/\/www.das-autopfand.de\/blog\/porsche-911-cabrio-kfz-versteigerung\/\"},\"wordCount\":444,\"image\":{\"@id\":\"https:\/\/www.das-autopfand.de\/blog\/porsche-911-cabrio-kfz-versteigerung\/#primaryimage\"},\"thumbnailUrl\":\"https:\/\/www.das-autopfand.de\/blog\/uploads\/IMG_4670.jpg\",\"inLanguage\":\"de\"},{\"@type\":\"WebPage\",\"@id\":\"https:\/\/www.das-autopfand.de\/blog\/porsche-911-cabrio-kfz-versteigerung\/\",\"url\":\"https:\/\/www.das-autopfand.de\/blog\/porsche-911-cabrio-kfz-versteigerung\/\",\"name\":\"Porsche 911 Cabrio - Kfz-Versteigerung am 15.02. -\",\"isPartOf\":{\"@id\":\"https:\/\/www.das-autopfand.de\/blog\/#website\"},\"primaryImageOfPage\":{\"@id\":\"https:\/\/www.das-autopfand.de\/blog\/porsche-911-cabrio-kfz-versteigerung\/#primaryimage\"},\"image\":{\"@id\":\"https:\/\/www.das-autopfand.de\/blog\/porsche-911-cabrio-kfz-versteigerung\/#primaryimage\"},\"thumbnailUrl\":\"https:\/\/www.das-autopfand.de\/blog\/uploads\/IMG_4670.jpg\",\"datePublished\":\"2022-02-09T08:15:00+00:00\",\"dateModified\":\"2025-03-02T14:08:18+00:00\",\"author\":{\"@id\":\"https:\/\/www.das-autopfand.de\/blog\/#\/schema\/person\/ebe927f731619d837b8245d6f9c959b0\"},\"inLanguage\":\"de\",\"potentialAction\":[{\"@type\":\"ReadAction\",\"target\":[\"https:\/\/www.das-autopfand.de\/blog\/porsche-911-cabrio-kfz-versteigerung\/\"]}]},{\"@type\":\"ImageObject\",\"inLanguage\":\"de\",\"@id\":\"https:\/\/www.das-autopfand.de\/blog\/porsche-911-cabrio-kfz-versteigerung\/#primaryimage\",\"url\":\"https:\/\/www.das-autopfand.de\/blog\/uploads\/IMG_4670.jpg\",\"contentUrl\":\"https:\/\/www.das-autopfand.de\/blog\/uploads\/IMG_4670.jpg\",\"width\":640,\"height\":480},{\"@type\":\"WebSite\",\"@id\":\"https:\/\/www.das-autopfand.de\/blog\/#website\",\"url\":\"https:\/\/www.das-autopfand.de\/blog\/\",\"name\":\"\",\"description\":\"News aus dem KFZ-Pfandleihhaus\",\"potentialAction\":[{\"@type\":\"SearchAction\",\"target\":{\"@type\":\"EntryPoint\",\"urlTemplate\":\"https:\/\/www.das-autopfand.de\/blog\/?s={search_term_string}\"},\"query-input\":{\"@type\":\"PropertyValueSpecification\",\"valueRequired\":true,\"valueName\":\"search_term_string\"}}],\"inLanguage\":\"de\"},{\"@type\":\"Person\",\"@id\":\"https:\/\/www.das-autopfand.de\/blog\/#\/schema\/person\/ebe927f731619d837b8245d6f9c959b0\",\"name\":\"Norman Ostgathe\",\"description\":\"Seit 2007 betreibe ich das bundesweit t\u00e4tige Kfz-Pfandleihhaus dap - das Autopfand. Mit unseren Autopfandh\u00e4usern in Krefeld, Recklinghausen, Dortmund, Sinsheim, Frankfurt am Main, M\u00fcnchen und Wolfratshausen haben wir uns auf die unkomplizierte und schnelle L\u00f6sung finanzieller Probleme spezialisiert. Wir beleihen Ihr KFZ und Sie erhalten sofort Bargeld.\",\"sameAs\":[\"https:\/\/www.facebook.com\/dasautopfand\",\"https:\/\/x.com\/https:\/\/twitter.com\/autopfand\"],\"url\":\"https:\/\/www.das-autopfand.de\/blog\/author\/dap\/\"}]}<\/script>\n<!-- \/ Yoast SEO plugin. -->","yoast_head_json":{"title":"Porsche 911 Cabrio - Kfz-Versteigerung am 15.02. -","robots":{"index":"index","follow":"follow","max-snippet":"max-snippet:-1","max-image-preview":"max-image-preview:large","max-video-preview":"max-video-preview:-1"},"canonical":"https:\/\/www.das-autopfand.de\/blog\/porsche-911-cabrio-kfz-versteigerung\/","og_locale":"de_DE","og_type":"article","og_title":"Porsche 911 Cabrio - Kfz-Versteigerung am 15.02. -","og_description":"Daten zum Porsche 911 Carrera GTS: Der Porsche wurde am 15.02.2022 versteigert! \u00bb \u00dcberblick \u00fcber die n\u00e4chste Kfz-Versteigerung im Kfz-Pfandleihhaus. \u00a0","og_url":"https:\/\/www.das-autopfand.de\/blog\/porsche-911-cabrio-kfz-versteigerung\/","article_publisher":"https:\/\/www.facebook.com\/dasautopfand","article_author":"https:\/\/www.facebook.com\/dasautopfand","article_published_time":"2022-02-09T08:15:00+00:00","article_modified_time":"2025-03-02T14:08:18+00:00","og_image":[{"width":640,"height":480,"url":"https:\/\/www.das-autopfand.de\/blog\/uploads\/IMG_4670.jpg","type":"image\/jpeg"}],"author":"Norman Ostgathe","twitter_card":"summary_large_image","twitter_creator":"@https:\/\/twitter.com\/autopfand","twitter_site":"@autopfand","twitter_misc":{"Verfasst von":"Norman Ostgathe","Gesch\u00e4tzte Lesezeit":"2\u00a0Minuten"},"schema":{"@context":"https:\/\/schema.org","@graph":[{"@type":"Article","@id":"https:\/\/www.das-autopfand.de\/blog\/porsche-911-cabrio-kfz-versteigerung\/#article","isPartOf":{"@id":"https:\/\/www.das-autopfand.de\/blog\/porsche-911-cabrio-kfz-versteigerung\/"},"author":{"name":"Norman Ostgathe","@id":"https:\/\/www.das-autopfand.de\/blog\/#\/schema\/person\/ebe927f731619d837b8245d6f9c959b0"},"headline":"Porsche 911 Cabrio &#8211; Kfz-Versteigerung am 15.02.","datePublished":"2022-02-09T08:15:00+00:00","dateModified":"2025-03-02T14:08:18+00:00","mainEntityOfPage":{"@id":"https:\/\/www.das-autopfand.de\/blog\/porsche-911-cabrio-kfz-versteigerung\/"},"wordCount":444,"image":{"@id":"https:\/\/www.das-autopfand.de\/blog\/porsche-911-cabrio-kfz-versteigerung\/#primaryimage"},"thumbnailUrl":"https:\/\/www.das-autopfand.de\/blog\/uploads\/IMG_4670.jpg","inLanguage":"de"},{"@type":"WebPage","@id":"https:\/\/www.das-autopfand.de\/blog\/porsche-911-cabrio-kfz-versteigerung\/","url":"https:\/\/www.das-autopfand.de\/blog\/porsche-911-cabrio-kfz-versteigerung\/","name":"Porsche 911 Cabrio - Kfz-Versteigerung am 15.02. -","isPartOf":{"@id":"https:\/\/www.das-autopfand.de\/blog\/#website"},"primaryImageOfPage":{"@id":"https:\/\/www.das-autopfand.de\/blog\/porsche-911-cabrio-kfz-versteigerung\/#primaryimage"},"image":{"@id":"https:\/\/www.das-autopfand.de\/blog\/porsche-911-cabrio-kfz-versteigerung\/#primaryimage"},"thumbnailUrl":"https:\/\/www.das-autopfand.de\/blog\/uploads\/IMG_4670.jpg","datePublished":"2022-02-09T08:15:00+00:00","dateModified":"2025-03-02T14:08:18+00:00","author":{"@id":"https:\/\/www.das-autopfand.de\/blog\/#\/schema\/person\/ebe927f731619d837b8245d6f9c959b0"},"inLanguage":"de","potentialAction":[{"@type":"ReadAction","target":["https:\/\/www.das-autopfand.de\/blog\/porsche-911-cabrio-kfz-versteigerung\/"]}]},{"@type":"ImageObject","inLanguage":"de","@id":"https:\/\/www.das-autopfand.de\/blog\/porsche-911-cabrio-kfz-versteigerung\/#primaryimage","url":"https:\/\/www.das-autopfand.de\/blog\/uploads\/IMG_4670.jpg","contentUrl":"https:\/\/www.das-autopfand.de\/blog\/uploads\/IMG_4670.jpg","width":640,"height":480},{"@type":"WebSite","@id":"https:\/\/www.das-autopfand.de\/blog\/#website","url":"https:\/\/www.das-autopfand.de\/blog\/","name":"","description":"News aus dem KFZ-Pfandleihhaus","potentialAction":[{"@type":"SearchAction","target":{"@type":"EntryPoint","urlTemplate":"https:\/\/www.das-autopfand.de\/blog\/?s={search_term_string}"},"query-input":{"@type":"PropertyValueSpecification","valueRequired":true,"valueName":"search_term_string"}}],"inLanguage":"de"},{"@type":"Person","@id":"https:\/\/www.das-autopfand.de\/blog\/#\/schema\/person\/ebe927f731619d837b8245d6f9c959b0","name":"Norman Ostgathe","description":"Seit 2007 betreibe ich das bundesweit t\u00e4tige Kfz-Pfandleihhaus dap - das Autopfand. Mit unseren Autopfandh\u00e4usern in Krefeld, Recklinghausen, Dortmund, Sinsheim, Frankfurt am Main, M\u00fcnchen und Wolfratshausen haben wir uns auf die unkomplizierte und schnelle L\u00f6sung finanzieller Probleme spezialisiert. Wir beleihen Ihr KFZ und Sie erhalten sofort Bargeld.","sameAs":["https:\/\/www.facebook.com\/dasautopfand","https:\/\/x.com\/https:\/\/twitter.com\/autopfand"],"url":"https:\/\/www.das-autopfand.de\/blog\/author\/dap\/"}]}},"_links":{"self":[{"href":"https:\/\/www.das-autopfand.de\/blog\/wp-json\/wp\/v2\/posts\/1131","targetHints":{"allow":["GET"]}}],"collection":[{"href":"https:\/\/www.das-autopfand.de\/blog\/wp-json\/wp\/v2\/posts"}],"about":[{"href":"https:\/\/www.das-autopfand.de\/blog\/wp-json\/wp\/v2\/types\/post"}],"author":[{"embeddable":true,"href":"https:\/\/www.das-autopfand.de\/blog\/wp-json\/wp\/v2\/users\/2"}],"replies":[{"embeddable":true,"href":"https:\/\/www.das-autopfand.de\/blog\/wp-json\/wp\/v2\/comments?post=1131"}],"version-history":[{"count":0,"href":"https:\/\/www.das-autopfand.de\/blog\/wp-json\/wp\/v2\/posts\/1131\/revisions"}],"wp:attachment":[{"href":"https:\/\/www.das-autopfand.de\/blog\/wp-json\/wp\/v2\/media?parent=1131"}],"wp:term":[{"taxonomy":"category","embeddable":true,"href":"https:\/\/www.das-autopfand.de\/blog\/wp-json\/wp\/v2\/categories?post=1131"},{"taxonomy":"post_tag","embeddable":true,"href":"https:\/\/www.das-autopfand.de\/blog\/wp-json\/wp\/v2\/tags?post=1131"}],"curies":[{"name":"wp","href":"https:\/\/api.w.org\/{rel}","templated":true}]}}