{"id":1133,"date":"2014-01-17T16:27:00","date_gmt":"2014-01-17T14:27:00","guid":{"rendered":"https:\/\/www.das-autopfand.de\/blog\/?p=1133"},"modified":"2025-03-02T16:08:24","modified_gmt":"2025-03-02T14:08:24","slug":"porsche-911-997-kfz-versteigerung","status":"publish","type":"post","link":"https:\/\/www.das-autopfand.de\/blog\/porsche-911-997-kfz-versteigerung\/","title":{"rendered":"Porsche 911 (997) &#8211; Kfz-Versteigerung am 01.02."},"content":{"rendered":"<figure style=\"width: 455px\" class=\"wp-caption alignnone\"><img loading=\"lazy\" decoding=\"async\" title=\"Wei\u00dfer Porsche 911 (997) zur Kfz-Versteigerung\" alt=\"Wei\u00dfer Porsche 911 (997) zur Kfz-Versteigerung\" src=\"\/blog\/uploads\/porsche-911-weiss.jpg\" width=\"455\" height=\"305\" \/><figcaption class=\"wp-caption-text\">Wei\u00dfer Porsche 911 (997) zur Kfz-Versteigerung<\/figcaption><\/figure>\n<p>Daten zum <strong>Porsche 911<\/strong>:<\/p>\n<p class=\"hinweis\"><strong><\/strong><strong>Das Auto wurde versteigert!<\/strong><br \/>\n\u00bb \u00dcberblick \u00fcber die n\u00e4chste <a title=\"Kfz-Versteigerungen bei das Autopfand\" href=\"https:\/\/www.das-autopfand.de\/versteigerungen\/\">Kfz-Versteigerung im Kfz-Pfandleihhaus<\/a>.<\/p>\n<p><!--more-->Typ: Porsche 911 (997) Carrera S<br \/>\nErstzulassung: 22.02.2005<br \/>\nKm-Stand: 18.558<br \/>\nKraftstoff: Benzin<br \/>\nKW: 261<br \/>\nAu\u00dfenfarbe: Wei\u00df<br \/>\nGetriebeart: Automatik<br \/>\nHubraum: 3824 ccm<br \/>\nT\u00fcren: 2<br \/>\nVorbesitzer: 1<br \/>\nAusstattung: Alufelgen, PDC hinten, Xenon, Schiebedach, elektr Fenster und Spiegel, elektr Sitze mit Memory, Klimaautomatik, Tempomat, gro\u00dfe Navigation, Tiptronic, Telefon, Sitzheizung, Sportfahrwerk<\/p>\n<p>Alle Angaben ohne Gew\u00e4hr und laut Auskunft der Vorbesitzer. Wir versteigern im Namen und auf Rechnung der jeweiligen Eigent\u00fcmer.<\/p>\n<h2>Fotos vom wei\u00dfen 911er<\/h2>\n<figure style=\"width: 455px\" class=\"wp-caption alignnone\"><img loading=\"lazy\" decoding=\"async\" alt=\"911 Porsche in wei\u00df\" src=\"\/blog\/uploads\/porsche-911-heck.jpg\" width=\"455\" height=\"305\" \/><figcaption class=\"wp-caption-text\">Seitenansicht des Porsche<\/figcaption><\/figure>\n<figure style=\"width: 455px\" class=\"wp-caption alignnone\"><img loading=\"lazy\" decoding=\"async\" title=\"Innenraum des Porsche 911\" alt=\"Innenraum des Porsche 911\" src=\"\/blog\/uploads\/porsche-911-innenraum.jpg\" width=\"455\" height=\"305\" \/><figcaption class=\"wp-caption-text\">Innenraum des Porsche 911<\/figcaption><\/figure>\n<h2>Fragen zum Porsche 911<\/h2>\n<p>Haben Sie Fragen zum Porsche 911, dann treten Sie bitte mit uns in Kontakt. Bitte beachten Sie zuvor auch unsere <a title=\"H\u00e4ufige Fragen zur Versteigerung\" href=\"\/versteigerungen\/#faq\">FAQ zur Kfz-Versteigerung<\/a>. Hier finden Sie Antworten auf h\u00e4ufige Fragen!<\/p>\n<h2>Termin der Kfz-Versteigerung<\/h2>\n<p>Die <a title=\"Kfz-Versteigerungen bei das Autopfand\" href=\"\/versteigerungen\/\">Kfz-Versteigerung<\/a> findet am <strong>Samstag, den 1. Februar 2014<\/strong> im Kfz-Pfandleihhaus in Krefeld statt.<\/p>\n<p>M\u00f6chten Sie sich einfach und bequem \u00fcber die Termine der kommenden Kfz-Versteigerungen in unseren bundesweiten Pfandleihh\u00e4usern per Email informieren lassen, dann nutzen Sie unseren <a title=\"dap&lt;br \/&gt;&lt;br \/&gt;&lt;br \/&gt; Newsletter\" href=\"\/newsletter\/\">dap-Newsletter<\/a> oder <a title=\"https:\/\/twitter.com\/autopfand\" href=\"https:\/\/twitter.com\/autopfand\" rel=\"nofollow\">folgen Sie uns auf Twitter \u00bb<\/a><\/p>\n","protected":false},"excerpt":{"rendered":"<p>Daten zum Porsche 911: Das Auto wurde versteigert! \u00bb \u00dcberblick \u00fcber die n\u00e4chste Kfz-Versteigerung im Kfz-Pfandleihhaus.<\/p>\n","protected":false},"author":2,"featured_media":0,"comment_status":"closed","ping_status":"open","sticky":false,"template":"","format":"standard","meta":{"footnotes":""},"categories":[10],"tags":[],"class_list":["post-1133","post","type-post","status-publish","format-standard","hentry","category-versteigerung"],"yoast_head":"<!-- This site is optimized with the Yoast SEO plugin v26.9 - https:\/\/yoast.com\/product\/yoast-seo-wordpress\/ -->\n<title>Porsche 911 Carrera S - Versteigerung im Autopfandhaus<\/title>\n<meta name=\"description\" content=\"Wei\u00dfer Porsche 911 Carrera S in der Kfz-Auktion im Autopfandhaus das Autopfand. Hier finden Sie hochwertige Porsche zu g\u00fcnstigen Preisen. \u2714 Jetzt ansehen!\" \/>\n<meta name=\"robots\" content=\"index, follow, max-snippet:-1, max-image-preview:large, max-video-preview:-1\" \/>\n<link rel=\"canonical\" href=\"https:\/\/www.das-autopfand.de\/blog\/porsche-911-997-kfz-versteigerung\/\" \/>\n<meta property=\"og:locale\" content=\"de_DE\" \/>\n<meta property=\"og:type\" content=\"article\" \/>\n<meta property=\"og:title\" content=\"Porsche 911 Carrera S - Versteigerung im Autopfandhaus\" \/>\n<meta property=\"og:description\" content=\"Wei\u00dfer Porsche 911 Carrera S in der Kfz-Auktion im Autopfandhaus das Autopfand. Hier finden Sie hochwertige Porsche zu g\u00fcnstigen Preisen. \u2714 Jetzt ansehen!\" \/>\n<meta property=\"og:url\" content=\"https:\/\/www.das-autopfand.de\/blog\/porsche-911-997-kfz-versteigerung\/\" \/>\n<meta property=\"article:publisher\" content=\"https:\/\/www.facebook.com\/dasautopfand\" \/>\n<meta property=\"article:author\" content=\"https:\/\/www.facebook.com\/dasautopfand\" \/>\n<meta property=\"article:published_time\" content=\"2014-01-17T14:27:00+00:00\" \/>\n<meta property=\"article:modified_time\" content=\"2025-03-02T14:08:24+00:00\" \/>\n<meta name=\"author\" content=\"Norman Ostgathe\" \/>\n<meta name=\"twitter:card\" content=\"summary_large_image\" \/>\n<meta name=\"twitter:creator\" content=\"@https:\/\/twitter.com\/autopfand\" \/>\n<meta name=\"twitter:site\" content=\"@autopfand\" \/>\n<meta name=\"twitter:label1\" content=\"Verfasst von\" \/>\n\t<meta name=\"twitter:data1\" content=\"Norman Ostgathe\" \/>\n\t<meta name=\"twitter:label2\" content=\"Gesch\u00e4tzte Lesezeit\" \/>\n\t<meta name=\"twitter:data2\" content=\"1\u00a0Minute\" \/>\n<script type=\"application\/ld+json\" class=\"yoast-schema-graph\">{\"@context\":\"https:\/\/schema.org\",\"@graph\":[{\"@type\":\"Article\",\"@id\":\"https:\/\/www.das-autopfand.de\/blog\/porsche-911-997-kfz-versteigerung\/#article\",\"isPartOf\":{\"@id\":\"https:\/\/www.das-autopfand.de\/blog\/porsche-911-997-kfz-versteigerung\/\"},\"author\":{\"name\":\"Norman Ostgathe\",\"@id\":\"https:\/\/www.das-autopfand.de\/blog\/#\/schema\/person\/ebe927f731619d837b8245d6f9c959b0\"},\"headline\":\"Porsche 911 (997) &#8211; Kfz-Versteigerung am 01.02.\",\"datePublished\":\"2014-01-17T14:27:00+00:00\",\"dateModified\":\"2025-03-02T14:08:24+00:00\",\"mainEntityOfPage\":{\"@id\":\"https:\/\/www.das-autopfand.de\/blog\/porsche-911-997-kfz-versteigerung\/\"},\"wordCount\":197,\"articleSection\":[\"Versteigerung\"],\"inLanguage\":\"de\"},{\"@type\":\"WebPage\",\"@id\":\"https:\/\/www.das-autopfand.de\/blog\/porsche-911-997-kfz-versteigerung\/\",\"url\":\"https:\/\/www.das-autopfand.de\/blog\/porsche-911-997-kfz-versteigerung\/\",\"name\":\"Porsche 911 Carrera S - Versteigerung im Autopfandhaus\",\"isPartOf\":{\"@id\":\"https:\/\/www.das-autopfand.de\/blog\/#website\"},\"datePublished\":\"2014-01-17T14:27:00+00:00\",\"dateModified\":\"2025-03-02T14:08:24+00:00\",\"author\":{\"@id\":\"https:\/\/www.das-autopfand.de\/blog\/#\/schema\/person\/ebe927f731619d837b8245d6f9c959b0\"},\"description\":\"Wei\u00dfer Porsche 911 Carrera S in der Kfz-Auktion im Autopfandhaus das Autopfand. Hier finden Sie hochwertige Porsche zu g\u00fcnstigen Preisen. \u2714 Jetzt ansehen!\",\"inLanguage\":\"de\",\"potentialAction\":[{\"@type\":\"ReadAction\",\"target\":[\"https:\/\/www.das-autopfand.de\/blog\/porsche-911-997-kfz-versteigerung\/\"]}]},{\"@type\":\"WebSite\",\"@id\":\"https:\/\/www.das-autopfand.de\/blog\/#website\",\"url\":\"https:\/\/www.das-autopfand.de\/blog\/\",\"name\":\"\",\"description\":\"News aus dem KFZ-Pfandleihhaus\",\"potentialAction\":[{\"@type\":\"SearchAction\",\"target\":{\"@type\":\"EntryPoint\",\"urlTemplate\":\"https:\/\/www.das-autopfand.de\/blog\/?s={search_term_string}\"},\"query-input\":{\"@type\":\"PropertyValueSpecification\",\"valueRequired\":true,\"valueName\":\"search_term_string\"}}],\"inLanguage\":\"de\"},{\"@type\":\"Person\",\"@id\":\"https:\/\/www.das-autopfand.de\/blog\/#\/schema\/person\/ebe927f731619d837b8245d6f9c959b0\",\"name\":\"Norman Ostgathe\",\"description\":\"Seit 2007 betreibe ich das bundesweit t\u00e4tige Kfz-Pfandleihhaus dap - das Autopfand. Mit unseren Autopfandh\u00e4usern in Krefeld, Recklinghausen, Dortmund, Sinsheim, Frankfurt am Main, M\u00fcnchen und Wolfratshausen haben wir uns auf die unkomplizierte und schnelle L\u00f6sung finanzieller Probleme spezialisiert. Wir beleihen Ihr KFZ und Sie erhalten sofort Bargeld.\",\"sameAs\":[\"https:\/\/www.facebook.com\/dasautopfand\",\"https:\/\/x.com\/https:\/\/twitter.com\/autopfand\"],\"url\":\"https:\/\/www.das-autopfand.de\/blog\/author\/dap\/\"}]}<\/script>\n<!-- \/ Yoast SEO plugin. -->","yoast_head_json":{"title":"Porsche 911 Carrera S - Versteigerung im Autopfandhaus","description":"Wei\u00dfer Porsche 911 Carrera S in der Kfz-Auktion im Autopfandhaus das Autopfand. Hier finden Sie hochwertige Porsche zu g\u00fcnstigen Preisen. \u2714 Jetzt ansehen!","robots":{"index":"index","follow":"follow","max-snippet":"max-snippet:-1","max-image-preview":"max-image-preview:large","max-video-preview":"max-video-preview:-1"},"canonical":"https:\/\/www.das-autopfand.de\/blog\/porsche-911-997-kfz-versteigerung\/","og_locale":"de_DE","og_type":"article","og_title":"Porsche 911 Carrera S - Versteigerung im Autopfandhaus","og_description":"Wei\u00dfer Porsche 911 Carrera S in der Kfz-Auktion im Autopfandhaus das Autopfand. Hier finden Sie hochwertige Porsche zu g\u00fcnstigen Preisen. \u2714 Jetzt ansehen!","og_url":"https:\/\/www.das-autopfand.de\/blog\/porsche-911-997-kfz-versteigerung\/","article_publisher":"https:\/\/www.facebook.com\/dasautopfand","article_author":"https:\/\/www.facebook.com\/dasautopfand","article_published_time":"2014-01-17T14:27:00+00:00","article_modified_time":"2025-03-02T14:08:24+00:00","author":"Norman Ostgathe","twitter_card":"summary_large_image","twitter_creator":"@https:\/\/twitter.com\/autopfand","twitter_site":"@autopfand","twitter_misc":{"Verfasst von":"Norman Ostgathe","Gesch\u00e4tzte Lesezeit":"1\u00a0Minute"},"schema":{"@context":"https:\/\/schema.org","@graph":[{"@type":"Article","@id":"https:\/\/www.das-autopfand.de\/blog\/porsche-911-997-kfz-versteigerung\/#article","isPartOf":{"@id":"https:\/\/www.das-autopfand.de\/blog\/porsche-911-997-kfz-versteigerung\/"},"author":{"name":"Norman Ostgathe","@id":"https:\/\/www.das-autopfand.de\/blog\/#\/schema\/person\/ebe927f731619d837b8245d6f9c959b0"},"headline":"Porsche 911 (997) &#8211; Kfz-Versteigerung am 01.02.","datePublished":"2014-01-17T14:27:00+00:00","dateModified":"2025-03-02T14:08:24+00:00","mainEntityOfPage":{"@id":"https:\/\/www.das-autopfand.de\/blog\/porsche-911-997-kfz-versteigerung\/"},"wordCount":197,"articleSection":["Versteigerung"],"inLanguage":"de"},{"@type":"WebPage","@id":"https:\/\/www.das-autopfand.de\/blog\/porsche-911-997-kfz-versteigerung\/","url":"https:\/\/www.das-autopfand.de\/blog\/porsche-911-997-kfz-versteigerung\/","name":"Porsche 911 Carrera S - Versteigerung im Autopfandhaus","isPartOf":{"@id":"https:\/\/www.das-autopfand.de\/blog\/#website"},"datePublished":"2014-01-17T14:27:00+00:00","dateModified":"2025-03-02T14:08:24+00:00","author":{"@id":"https:\/\/www.das-autopfand.de\/blog\/#\/schema\/person\/ebe927f731619d837b8245d6f9c959b0"},"description":"Wei\u00dfer Porsche 911 Carrera S in der Kfz-Auktion im Autopfandhaus das Autopfand. Hier finden Sie hochwertige Porsche zu g\u00fcnstigen Preisen. \u2714 Jetzt ansehen!","inLanguage":"de","potentialAction":[{"@type":"ReadAction","target":["https:\/\/www.das-autopfand.de\/blog\/porsche-911-997-kfz-versteigerung\/"]}]},{"@type":"WebSite","@id":"https:\/\/www.das-autopfand.de\/blog\/#website","url":"https:\/\/www.das-autopfand.de\/blog\/","name":"","description":"News aus dem KFZ-Pfandleihhaus","potentialAction":[{"@type":"SearchAction","target":{"@type":"EntryPoint","urlTemplate":"https:\/\/www.das-autopfand.de\/blog\/?s={search_term_string}"},"query-input":{"@type":"PropertyValueSpecification","valueRequired":true,"valueName":"search_term_string"}}],"inLanguage":"de"},{"@type":"Person","@id":"https:\/\/www.das-autopfand.de\/blog\/#\/schema\/person\/ebe927f731619d837b8245d6f9c959b0","name":"Norman Ostgathe","description":"Seit 2007 betreibe ich das bundesweit t\u00e4tige Kfz-Pfandleihhaus dap - das Autopfand. Mit unseren Autopfandh\u00e4usern in Krefeld, Recklinghausen, Dortmund, Sinsheim, Frankfurt am Main, M\u00fcnchen und Wolfratshausen haben wir uns auf die unkomplizierte und schnelle L\u00f6sung finanzieller Probleme spezialisiert. Wir beleihen Ihr KFZ und Sie erhalten sofort Bargeld.","sameAs":["https:\/\/www.facebook.com\/dasautopfand","https:\/\/x.com\/https:\/\/twitter.com\/autopfand"],"url":"https:\/\/www.das-autopfand.de\/blog\/author\/dap\/"}]}},"_links":{"self":[{"href":"https:\/\/www.das-autopfand.de\/blog\/wp-json\/wp\/v2\/posts\/1133","targetHints":{"allow":["GET"]}}],"collection":[{"href":"https:\/\/www.das-autopfand.de\/blog\/wp-json\/wp\/v2\/posts"}],"about":[{"href":"https:\/\/www.das-autopfand.de\/blog\/wp-json\/wp\/v2\/types\/post"}],"author":[{"embeddable":true,"href":"https:\/\/www.das-autopfand.de\/blog\/wp-json\/wp\/v2\/users\/2"}],"replies":[{"embeddable":true,"href":"https:\/\/www.das-autopfand.de\/blog\/wp-json\/wp\/v2\/comments?post=1133"}],"version-history":[{"count":0,"href":"https:\/\/www.das-autopfand.de\/blog\/wp-json\/wp\/v2\/posts\/1133\/revisions"}],"wp:attachment":[{"href":"https:\/\/www.das-autopfand.de\/blog\/wp-json\/wp\/v2\/media?parent=1133"}],"wp:term":[{"taxonomy":"category","embeddable":true,"href":"https:\/\/www.das-autopfand.de\/blog\/wp-json\/wp\/v2\/categories?post=1133"},{"taxonomy":"post_tag","embeddable":true,"href":"https:\/\/www.das-autopfand.de\/blog\/wp-json\/wp\/v2\/tags?post=1133"}],"curies":[{"name":"wp","href":"https:\/\/api.w.org\/{rel}","templated":true}]}}