{"id":1977,"date":"2014-01-17T20:42:41","date_gmt":"2014-01-17T18:42:41","guid":{"rendered":"https:\/\/www.das-autopfand.de\/blog\/?p=1977"},"modified":"2025-03-02T16:08:24","modified_gmt":"2025-03-02T14:08:24","slug":"porsche-cayenne-s-kfz-versteigerung","status":"publish","type":"post","link":"https:\/\/www.das-autopfand.de\/blog\/porsche-cayenne-s-kfz-versteigerung\/","title":{"rendered":"Porsche Cayenne S &#8211; Kfz-Versteigerung am 01.02."},"content":{"rendered":"<figure id=\"attachment_1978\" aria-describedby=\"caption-attachment-1978\" style=\"width: 640px\" class=\"wp-caption alignnone\"><a href=\"https:\/\/www.das-autopfand.de\/blog\/uploads\/porsche-cayenne-s.jpg\"><img loading=\"lazy\" decoding=\"async\" class=\" wp-image-1978\" title=\"Porsche Cayenne S\" alt=\"Porsche Cayenne S\" src=\"https:\/\/www.das-autopfand.de\/blog\/uploads\/porsche-cayenne-s.jpg\" width=\"640\" height=\"426\" \/><\/a><figcaption id=\"caption-attachment-1978\" class=\"wp-caption-text\">Schwarzer Porsche Cayenne S in der aktuellen Kfz-Versteigerung im Autopfandhaus<\/figcaption><\/figure>\n<p>Daten zum <strong>Porsche Cayenne S<\/strong>:<\/p>\n<p><strong><\/strong><strong>Das Auto wurde versteigert!<\/strong><br \/>\n\u00bb \u00dcberblick \u00fcber die n\u00e4chste <a title=\"Kfz-Versteigerungen bei das Autopfand\" href=\"https:\/\/www.das-autopfand.de\/versteigerungen\/\">Kfz-Versteigerung im Kfz-Pfandleihhaus<\/a>.<\/p>\n<p><!--more--><\/p>\n<p>Typ: Porsche Cayenne S<br \/>\nErstzulassung: 07.08.2008<br \/>\nKm-Stand: 92700<br \/>\nKraftstoff: Benzin<br \/>\nKW: 283<br \/>\nAu\u00dfenfarbe: Schwarz<br \/>\nGetriebeart: Automatik<br \/>\nHubraum: 4806<br \/>\nT\u00fcren: 5<br \/>\nVorbesitzer: 2<br \/>\nAusstattung: 3. Bremsleuchte, Airbag Fahrer-\/Beifahrerseite, Aktivkohlefilter (Geruchsfilter), Aluminium-Paket Sport, Anh\u00e4ngerkupplung elektr. anklappbar, Anh\u00e4ngerkupplung Vorbereitung, Anti-Blockier-System (ABS), Antischlupfregelung (ASR), Antriebsart: Allradantrieb permanent, Au\u00dfenspiegel asph\u00e4risch, links, Au\u00dfenspiegel elektr. verstell- und heizbar, beide, Automatisches Bremsen Differential (ABD), Bi-Xenon-Scheinwerfer, Bordcomputer, CD-Wechsler, Dachschienen-System, Dachspoiler, Diebstahl-Warnanlage, Einstiegschienen (Edelstahl), Exterieur-Paket, Fahrassistenz-System: Park-Assistent, Fensterheber elektrisch vorn hinten, Fu\u00dfmatten, Geschwindigkeits-Regelanlage (Tempomat), Getriebe Automatik &#8211; Tiptronic (6-Stufen), Heckklappe mit automatischem \u00d6ffnungs- und Schlie\u00dfsystem, Heckscheibe heizbar, Innenausstattung: Teilleder, Isofix-Aufnahmen f\u00fcr Kindersitz an Beifahrersitz, Karosserie: 4-t\u00fcrig, Klimaautomatik 4-Zonen, Kopf-Airbag-System (Curtain-Airbag), Lenkrad mit Multifunktion, Leuchtweitenregelung, LM-Felgen vorn\/hinten: 9&#215;20 \/ 10&#215;20 (Cayenne Sport-Techno-Rad), Luftfederung elektronisch geregelt, Motor 4,8 Ltr. &#8211; 283 kW V8 KAT, Nebelscheinwerfer, Nichtraucher-Paket, Porsche Communications Management (PCM) mit Off-Road &#8211; Navigation, Porsche Stability Management (PSM), Radstand 2855 mm, R\u00fccksitzlehne geteilt, Scheibenwischer mit Regensensor, Schiebedach elektrisch, Seitenairbag vorn, Servolenkung elektronisch gesteuert (Servotronic), Sicherheitsgurte farbig, Sitze vorn elektr. verstellbar, Sitzheizung vorn hinten, Sonnenblende im Fond, Sound-System BOSE, Sport-Auspuffanlage, Sportsitze vorn, Telefonmodul f\u00fcr PCM mit Aktivh\u00f6rer, Verglasung get\u00f6nt, Verglasung hinten abgedunkelt (Privacyverglasung), Vorr\u00fcstung Vehicle-Tracking-System, Wegfahrsperre, Zentralverriegelung mit Funkfernbedienung<\/p>\n<p>Alle Angaben ohne Gew\u00e4hr und laut Auskunft der Vorbesitzer. Wir versteigern im Namen und auf Rechnung der jeweiligen Eigent\u00fcmer.<\/p>\n<h2>Fotos des schwarzen Cayenne S<\/h2>\n<figure id=\"attachment_1979\" aria-describedby=\"caption-attachment-1979\" style=\"width: 640px\" class=\"wp-caption alignnone\"><a href=\"https:\/\/www.das-autopfand.de\/blog\/uploads\/porsche-cayenne-s-schwarz.jpg\"><img loading=\"lazy\" decoding=\"async\" class=\"size-full wp-image-1979\" title=\"Porsche Cayenne S\" alt=\"Heck des Porsche Cayenne S\" src=\"https:\/\/www.das-autopfand.de\/blog\/uploads\/porsche-cayenne-s-schwarz.jpg\" width=\"640\" height=\"426\" \/><\/a><figcaption id=\"caption-attachment-1979\" class=\"wp-caption-text\">Heck des Porsche Cayenne S<\/figcaption><\/figure>\n<figure id=\"attachment_1980\" aria-describedby=\"caption-attachment-1980\" style=\"width: 640px\" class=\"wp-caption alignnone\"><a href=\"https:\/\/www.das-autopfand.de\/blog\/uploads\/porsche-cayenne-s-innenraum.jpg\"><img loading=\"lazy\" decoding=\"async\" class=\"size-medium wp-image-1980\" title=\"Innenraum Porsche Cayenne S\" alt=\"Innenraum Cayenne S\" src=\"https:\/\/www.das-autopfand.de\/blog\/uploads\/porsche-cayenne-s-innenraum.jpg\" width=\"640\" height=\"426\" \/><\/a><figcaption id=\"caption-attachment-1980\" class=\"wp-caption-text\">Innenraum des schwazen Porsche Cayenne S<\/figcaption><\/figure>\n<h2>Fragen zum Porsche Cayenne S<\/h2>\n<p>Haben Sie Fragen zum Cayenne S, dann treten Sie bitte mit uns in Kontakt. Bitte beachten Sie zuvor auch unsere <a title=\"H\u00e4ufige Fragen zur Versteigerung\" href=\"\/versteigerungen\/#faq\">FAQ zur Kfz-Versteigerung<\/a>. Hier finden Sie Antworten auf h\u00e4ufige Fragen!<\/p>\n<h2>Termin der Kfz-Versteigerung<\/h2>\n<p>Die <a title=\"Kfz-Versteigerungen bei das Autopfand\" href=\"\/versteigerungen\/\">Kfz-Versteigerung<\/a> findet am <strong>Samstag, den 1. Februar 2014<\/strong> im Kfz-Pfandleihhaus in Krefeld statt.<\/p>\n<p>M\u00f6chten Sie sich einfach und bequem \u00fcber die Termine der kommenden Kfz-Versteigerungen in unseren bundesweiten Pfandleihh\u00e4usern per Email informieren lassen, dann nutzen Sie unseren <a title=\"dap&lt;br \/&gt;&lt;br \/&gt;&lt;br \/&gt; Newsletter\" href=\"\/newsletter\/\">dap-Newsletter<\/a> oder <a title=\"https:\/\/twitter.com\/autopfand\" href=\"https:\/\/twitter.com\/autopfand\" rel=\"nofollow\">folgen Sie uns auf Twitter \u00bb<\/a><\/p>\n","protected":false},"excerpt":{"rendered":"<p>Daten zum Porsche Cayenne S: Das Auto wurde versteigert! \u00bb \u00dcberblick \u00fcber die n\u00e4chste Kfz-Versteigerung im Kfz-Pfandleihhaus.<\/p>\n","protected":false},"author":2,"featured_media":0,"comment_status":"closed","ping_status":"open","sticky":false,"template":"","format":"standard","meta":{"footnotes":""},"categories":[10],"tags":[],"class_list":["post-1977","post","type-post","status-publish","format-standard","hentry","category-versteigerung"],"yoast_head":"<!-- This site is optimized with the Yoast SEO plugin v26.9 - https:\/\/yoast.com\/product\/yoast-seo-wordpress\/ -->\n<title>Porsche Cayenne S - Kfz-Versteigerung im Pfandleihhaus<\/title>\n<meta name=\"description\" content=\"Schwarzer Porsche Cayenne S in der Versteigerung im Kfz-Pfandhaus dap - das Autopfand. Hier finden Sie weitere Porsche zu guten Preisen. \u2714 Jetzt ansehen!\" \/>\n<meta name=\"robots\" content=\"index, follow, max-snippet:-1, max-image-preview:large, max-video-preview:-1\" \/>\n<link rel=\"canonical\" href=\"https:\/\/www.das-autopfand.de\/blog\/porsche-cayenne-s-kfz-versteigerung\/\" \/>\n<meta property=\"og:locale\" content=\"de_DE\" \/>\n<meta property=\"og:type\" content=\"article\" \/>\n<meta property=\"og:title\" content=\"Porsche Cayenne S - Kfz-Versteigerung im Pfandleihhaus\" \/>\n<meta property=\"og:description\" content=\"Schwarzer Porsche Cayenne S in der Versteigerung im Kfz-Pfandhaus dap - das Autopfand. Hier finden Sie weitere Porsche zu guten Preisen. \u2714 Jetzt ansehen!\" \/>\n<meta property=\"og:url\" content=\"https:\/\/www.das-autopfand.de\/blog\/porsche-cayenne-s-kfz-versteigerung\/\" \/>\n<meta property=\"article:publisher\" content=\"https:\/\/www.facebook.com\/dasautopfand\" \/>\n<meta property=\"article:author\" content=\"https:\/\/www.facebook.com\/dasautopfand\" \/>\n<meta property=\"article:published_time\" content=\"2014-01-17T18:42:41+00:00\" \/>\n<meta property=\"article:modified_time\" content=\"2025-03-02T14:08:24+00:00\" \/>\n<meta property=\"og:image\" content=\"https:\/\/www.das-autopfand.de\/blog\/uploads\/porsche-cayenne-s.jpg\" \/>\n\t<meta property=\"og:image:width\" content=\"640\" \/>\n\t<meta property=\"og:image:height\" content=\"426\" \/>\n\t<meta property=\"og:image:type\" content=\"image\/jpeg\" \/>\n<meta name=\"author\" content=\"Norman Ostgathe\" \/>\n<meta name=\"twitter:card\" content=\"summary_large_image\" \/>\n<meta name=\"twitter:creator\" content=\"@https:\/\/twitter.com\/autopfand\" \/>\n<meta name=\"twitter:site\" content=\"@autopfand\" \/>\n<meta name=\"twitter:label1\" content=\"Verfasst von\" \/>\n\t<meta name=\"twitter:data1\" content=\"Norman Ostgathe\" \/>\n\t<meta name=\"twitter:label2\" content=\"Gesch\u00e4tzte Lesezeit\" \/>\n\t<meta name=\"twitter:data2\" content=\"2\u00a0Minuten\" \/>\n<script type=\"application\/ld+json\" class=\"yoast-schema-graph\">{\"@context\":\"https:\/\/schema.org\",\"@graph\":[{\"@type\":\"Article\",\"@id\":\"https:\/\/www.das-autopfand.de\/blog\/porsche-cayenne-s-kfz-versteigerung\/#article\",\"isPartOf\":{\"@id\":\"https:\/\/www.das-autopfand.de\/blog\/porsche-cayenne-s-kfz-versteigerung\/\"},\"author\":{\"name\":\"Norman Ostgathe\",\"@id\":\"https:\/\/www.das-autopfand.de\/blog\/#\/schema\/person\/ebe927f731619d837b8245d6f9c959b0\"},\"headline\":\"Porsche Cayenne S &#8211; Kfz-Versteigerung am 01.02.\",\"datePublished\":\"2014-01-17T18:42:41+00:00\",\"dateModified\":\"2025-03-02T14:08:24+00:00\",\"mainEntityOfPage\":{\"@id\":\"https:\/\/www.das-autopfand.de\/blog\/porsche-cayenne-s-kfz-versteigerung\/\"},\"wordCount\":368,\"image\":{\"@id\":\"https:\/\/www.das-autopfand.de\/blog\/porsche-cayenne-s-kfz-versteigerung\/#primaryimage\"},\"thumbnailUrl\":\"https:\/\/www.das-autopfand.de\/blog\/uploads\/porsche-cayenne-s.jpg\",\"articleSection\":[\"Versteigerung\"],\"inLanguage\":\"de\"},{\"@type\":\"WebPage\",\"@id\":\"https:\/\/www.das-autopfand.de\/blog\/porsche-cayenne-s-kfz-versteigerung\/\",\"url\":\"https:\/\/www.das-autopfand.de\/blog\/porsche-cayenne-s-kfz-versteigerung\/\",\"name\":\"Porsche Cayenne S - Kfz-Versteigerung im Pfandleihhaus\",\"isPartOf\":{\"@id\":\"https:\/\/www.das-autopfand.de\/blog\/#website\"},\"primaryImageOfPage\":{\"@id\":\"https:\/\/www.das-autopfand.de\/blog\/porsche-cayenne-s-kfz-versteigerung\/#primaryimage\"},\"image\":{\"@id\":\"https:\/\/www.das-autopfand.de\/blog\/porsche-cayenne-s-kfz-versteigerung\/#primaryimage\"},\"thumbnailUrl\":\"https:\/\/www.das-autopfand.de\/blog\/uploads\/porsche-cayenne-s.jpg\",\"datePublished\":\"2014-01-17T18:42:41+00:00\",\"dateModified\":\"2025-03-02T14:08:24+00:00\",\"author\":{\"@id\":\"https:\/\/www.das-autopfand.de\/blog\/#\/schema\/person\/ebe927f731619d837b8245d6f9c959b0\"},\"description\":\"Schwarzer Porsche Cayenne S in der Versteigerung im Kfz-Pfandhaus dap - das Autopfand. Hier finden Sie weitere Porsche zu guten Preisen. \u2714 Jetzt ansehen!\",\"inLanguage\":\"de\",\"potentialAction\":[{\"@type\":\"ReadAction\",\"target\":[\"https:\/\/www.das-autopfand.de\/blog\/porsche-cayenne-s-kfz-versteigerung\/\"]}]},{\"@type\":\"ImageObject\",\"inLanguage\":\"de\",\"@id\":\"https:\/\/www.das-autopfand.de\/blog\/porsche-cayenne-s-kfz-versteigerung\/#primaryimage\",\"url\":\"https:\/\/www.das-autopfand.de\/blog\/uploads\/porsche-cayenne-s.jpg\",\"contentUrl\":\"https:\/\/www.das-autopfand.de\/blog\/uploads\/porsche-cayenne-s.jpg\"},{\"@type\":\"WebSite\",\"@id\":\"https:\/\/www.das-autopfand.de\/blog\/#website\",\"url\":\"https:\/\/www.das-autopfand.de\/blog\/\",\"name\":\"\",\"description\":\"News aus dem KFZ-Pfandleihhaus\",\"potentialAction\":[{\"@type\":\"SearchAction\",\"target\":{\"@type\":\"EntryPoint\",\"urlTemplate\":\"https:\/\/www.das-autopfand.de\/blog\/?s={search_term_string}\"},\"query-input\":{\"@type\":\"PropertyValueSpecification\",\"valueRequired\":true,\"valueName\":\"search_term_string\"}}],\"inLanguage\":\"de\"},{\"@type\":\"Person\",\"@id\":\"https:\/\/www.das-autopfand.de\/blog\/#\/schema\/person\/ebe927f731619d837b8245d6f9c959b0\",\"name\":\"Norman Ostgathe\",\"description\":\"Seit 2007 betreibe ich das bundesweit t\u00e4tige Kfz-Pfandleihhaus dap - das Autopfand. Mit unseren Autopfandh\u00e4usern in Krefeld, Recklinghausen, Dortmund, Sinsheim, Frankfurt am Main, M\u00fcnchen und Wolfratshausen haben wir uns auf die unkomplizierte und schnelle L\u00f6sung finanzieller Probleme spezialisiert. Wir beleihen Ihr KFZ und Sie erhalten sofort Bargeld.\",\"sameAs\":[\"https:\/\/www.facebook.com\/dasautopfand\",\"https:\/\/x.com\/https:\/\/twitter.com\/autopfand\"],\"url\":\"https:\/\/www.das-autopfand.de\/blog\/author\/dap\/\"}]}<\/script>\n<!-- \/ Yoast SEO plugin. -->","yoast_head_json":{"title":"Porsche Cayenne S - Kfz-Versteigerung im Pfandleihhaus","description":"Schwarzer Porsche Cayenne S in der Versteigerung im Kfz-Pfandhaus dap - das Autopfand. Hier finden Sie weitere Porsche zu guten Preisen. \u2714 Jetzt ansehen!","robots":{"index":"index","follow":"follow","max-snippet":"max-snippet:-1","max-image-preview":"max-image-preview:large","max-video-preview":"max-video-preview:-1"},"canonical":"https:\/\/www.das-autopfand.de\/blog\/porsche-cayenne-s-kfz-versteigerung\/","og_locale":"de_DE","og_type":"article","og_title":"Porsche Cayenne S - Kfz-Versteigerung im Pfandleihhaus","og_description":"Schwarzer Porsche Cayenne S in der Versteigerung im Kfz-Pfandhaus dap - das Autopfand. Hier finden Sie weitere Porsche zu guten Preisen. \u2714 Jetzt ansehen!","og_url":"https:\/\/www.das-autopfand.de\/blog\/porsche-cayenne-s-kfz-versteigerung\/","article_publisher":"https:\/\/www.facebook.com\/dasautopfand","article_author":"https:\/\/www.facebook.com\/dasautopfand","article_published_time":"2014-01-17T18:42:41+00:00","article_modified_time":"2025-03-02T14:08:24+00:00","og_image":[{"width":640,"height":426,"url":"https:\/\/www.das-autopfand.de\/blog\/uploads\/porsche-cayenne-s.jpg","type":"image\/jpeg"}],"author":"Norman Ostgathe","twitter_card":"summary_large_image","twitter_creator":"@https:\/\/twitter.com\/autopfand","twitter_site":"@autopfand","twitter_misc":{"Verfasst von":"Norman Ostgathe","Gesch\u00e4tzte Lesezeit":"2\u00a0Minuten"},"schema":{"@context":"https:\/\/schema.org","@graph":[{"@type":"Article","@id":"https:\/\/www.das-autopfand.de\/blog\/porsche-cayenne-s-kfz-versteigerung\/#article","isPartOf":{"@id":"https:\/\/www.das-autopfand.de\/blog\/porsche-cayenne-s-kfz-versteigerung\/"},"author":{"name":"Norman Ostgathe","@id":"https:\/\/www.das-autopfand.de\/blog\/#\/schema\/person\/ebe927f731619d837b8245d6f9c959b0"},"headline":"Porsche Cayenne S &#8211; Kfz-Versteigerung am 01.02.","datePublished":"2014-01-17T18:42:41+00:00","dateModified":"2025-03-02T14:08:24+00:00","mainEntityOfPage":{"@id":"https:\/\/www.das-autopfand.de\/blog\/porsche-cayenne-s-kfz-versteigerung\/"},"wordCount":368,"image":{"@id":"https:\/\/www.das-autopfand.de\/blog\/porsche-cayenne-s-kfz-versteigerung\/#primaryimage"},"thumbnailUrl":"https:\/\/www.das-autopfand.de\/blog\/uploads\/porsche-cayenne-s.jpg","articleSection":["Versteigerung"],"inLanguage":"de"},{"@type":"WebPage","@id":"https:\/\/www.das-autopfand.de\/blog\/porsche-cayenne-s-kfz-versteigerung\/","url":"https:\/\/www.das-autopfand.de\/blog\/porsche-cayenne-s-kfz-versteigerung\/","name":"Porsche Cayenne S - Kfz-Versteigerung im Pfandleihhaus","isPartOf":{"@id":"https:\/\/www.das-autopfand.de\/blog\/#website"},"primaryImageOfPage":{"@id":"https:\/\/www.das-autopfand.de\/blog\/porsche-cayenne-s-kfz-versteigerung\/#primaryimage"},"image":{"@id":"https:\/\/www.das-autopfand.de\/blog\/porsche-cayenne-s-kfz-versteigerung\/#primaryimage"},"thumbnailUrl":"https:\/\/www.das-autopfand.de\/blog\/uploads\/porsche-cayenne-s.jpg","datePublished":"2014-01-17T18:42:41+00:00","dateModified":"2025-03-02T14:08:24+00:00","author":{"@id":"https:\/\/www.das-autopfand.de\/blog\/#\/schema\/person\/ebe927f731619d837b8245d6f9c959b0"},"description":"Schwarzer Porsche Cayenne S in der Versteigerung im Kfz-Pfandhaus dap - das Autopfand. Hier finden Sie weitere Porsche zu guten Preisen. \u2714 Jetzt ansehen!","inLanguage":"de","potentialAction":[{"@type":"ReadAction","target":["https:\/\/www.das-autopfand.de\/blog\/porsche-cayenne-s-kfz-versteigerung\/"]}]},{"@type":"ImageObject","inLanguage":"de","@id":"https:\/\/www.das-autopfand.de\/blog\/porsche-cayenne-s-kfz-versteigerung\/#primaryimage","url":"https:\/\/www.das-autopfand.de\/blog\/uploads\/porsche-cayenne-s.jpg","contentUrl":"https:\/\/www.das-autopfand.de\/blog\/uploads\/porsche-cayenne-s.jpg"},{"@type":"WebSite","@id":"https:\/\/www.das-autopfand.de\/blog\/#website","url":"https:\/\/www.das-autopfand.de\/blog\/","name":"","description":"News aus dem KFZ-Pfandleihhaus","potentialAction":[{"@type":"SearchAction","target":{"@type":"EntryPoint","urlTemplate":"https:\/\/www.das-autopfand.de\/blog\/?s={search_term_string}"},"query-input":{"@type":"PropertyValueSpecification","valueRequired":true,"valueName":"search_term_string"}}],"inLanguage":"de"},{"@type":"Person","@id":"https:\/\/www.das-autopfand.de\/blog\/#\/schema\/person\/ebe927f731619d837b8245d6f9c959b0","name":"Norman Ostgathe","description":"Seit 2007 betreibe ich das bundesweit t\u00e4tige Kfz-Pfandleihhaus dap - das Autopfand. Mit unseren Autopfandh\u00e4usern in Krefeld, Recklinghausen, Dortmund, Sinsheim, Frankfurt am Main, M\u00fcnchen und Wolfratshausen haben wir uns auf die unkomplizierte und schnelle L\u00f6sung finanzieller Probleme spezialisiert. Wir beleihen Ihr KFZ und Sie erhalten sofort Bargeld.","sameAs":["https:\/\/www.facebook.com\/dasautopfand","https:\/\/x.com\/https:\/\/twitter.com\/autopfand"],"url":"https:\/\/www.das-autopfand.de\/blog\/author\/dap\/"}]}},"_links":{"self":[{"href":"https:\/\/www.das-autopfand.de\/blog\/wp-json\/wp\/v2\/posts\/1977","targetHints":{"allow":["GET"]}}],"collection":[{"href":"https:\/\/www.das-autopfand.de\/blog\/wp-json\/wp\/v2\/posts"}],"about":[{"href":"https:\/\/www.das-autopfand.de\/blog\/wp-json\/wp\/v2\/types\/post"}],"author":[{"embeddable":true,"href":"https:\/\/www.das-autopfand.de\/blog\/wp-json\/wp\/v2\/users\/2"}],"replies":[{"embeddable":true,"href":"https:\/\/www.das-autopfand.de\/blog\/wp-json\/wp\/v2\/comments?post=1977"}],"version-history":[{"count":0,"href":"https:\/\/www.das-autopfand.de\/blog\/wp-json\/wp\/v2\/posts\/1977\/revisions"}],"wp:attachment":[{"href":"https:\/\/www.das-autopfand.de\/blog\/wp-json\/wp\/v2\/media?parent=1977"}],"wp:term":[{"taxonomy":"category","embeddable":true,"href":"https:\/\/www.das-autopfand.de\/blog\/wp-json\/wp\/v2\/categories?post=1977"},{"taxonomy":"post_tag","embeddable":true,"href":"https:\/\/www.das-autopfand.de\/blog\/wp-json\/wp\/v2\/tags?post=1977"}],"curies":[{"name":"wp","href":"https:\/\/api.w.org\/{rel}","templated":true}]}}