{"id":1995,"date":"2014-01-17T22:09:51","date_gmt":"2014-01-17T20:09:51","guid":{"rendered":"https:\/\/www.das-autopfand.de\/blog\/?p=1995"},"modified":"2025-03-02T16:08:24","modified_gmt":"2025-03-02T14:08:24","slug":"smart-brabus-coupe-kfz-versteigerung","status":"publish","type":"post","link":"https:\/\/www.das-autopfand.de\/blog\/smart-brabus-coupe-kfz-versteigerung\/","title":{"rendered":"Smart Brabus Coupe &#8211; Kfz-Versteigerung am 01.02."},"content":{"rendered":"<figure id=\"attachment_1990\" aria-describedby=\"caption-attachment-1990\" style=\"width: 640px\" class=\"wp-caption alignnone\"><a href=\"https:\/\/www.das-autopfand.de\/blog\/uploads\/smart-brabus-coupe.jpg\"><img loading=\"lazy\" decoding=\"async\" class=\"size-full wp-image-1990\" title=\"Smart Brabus Coupe\" alt=\"Smart Brabus Coupe\" src=\"https:\/\/www.das-autopfand.de\/blog\/uploads\/smart-brabus-coupe.jpg\" width=\"640\" height=\"426\" \/><\/a><figcaption id=\"caption-attachment-1990\" class=\"wp-caption-text\">Wei\u00dfer Smart Brabus Coupe in der aktuellen Kfz-Auktion im Pfandhaus<\/figcaption><\/figure>\n<p>Daten zum <strong>Smart Brabus Coupe<\/strong>:<\/p>\n<p><strong><\/strong><strong>Das Auto wurde versteigert!<\/strong><br \/>\n\u00bb \u00dcberblick \u00fcber die n\u00e4chste <a title=\"Kfz-Versteigerungen bei das Autopfand\" href=\"https:\/\/www.das-autopfand.de\/versteigerungen\/\">Kfz-Versteigerung im Kfz-Pfandleihhaus<\/a>.<\/p>\n<p><!--more--><\/p>\n<p>Typ: Smart Brabus Coupe<br \/>\nErstzulassung: 13.01.2006<br \/>\nKm-Stand: 65948<br \/>\nKraftstoff: Benzin<br \/>\nKW: 55<br \/>\nAu\u00dfenfarbe: wei\u00df<br \/>\nGetriebeart: 6-Gang mit automatischem Schaltprogramm<br \/>\nHubraum: 698<br \/>\nT\u00fcren: 3<br \/>\nVorbesitzer: 1<br \/>\nAusstattung: Airbag Fahrer-\/Beifahrerseite, Anti-Blockier-System (ABS), Audiosystem smart radio five (Radio\/CD-Player), Au\u00dfenspiegel elektr. verstell- und heizbar, Au\u00dfenspiegel schwarz, Blinkleuchten seitlich Wei\u00df, Bodypaneel Lite White (Farbcode EA2), BRABUS Frontspoiler, BRABUS Handbremshebelgriff, BRABUS Kotfl\u00fcgelverbreiterung hinten unlackiert, BRABUS Pedalauflagen Aluminium, BRABUS Schalt-\/W\u00e4hlhebelgriff Leder &#8211; Aluminium, BRABUS Seiten-Flaps hinten (schwarz oder silber), BRABUS Seiten-Flaps vorn (schwarz oder silber), BRABUS Sportauspuff, CD-Box, Drehzahlmesser, Elektron. Stabilit\u00e4ts-Programm (ESP) mit Anfahr-Assistent, Fensterheber elektrisch vorn, Gep\u00e4ckraumabdeckung \/ Rollo, Getriebe 6-Gang &#8211; sequentiell, mit automatischem Schaltprogramm (Softtouch), Glasdach, Heckteil und Radlauf Wagenfarbe, Innenausstattung: Leder, Karosserie: 2-t\u00fcrig, Klimaanlage, Lenkrad mit Schaltwippen\/-tasten, LM-Felgen, Modellpflege, Motor 0,7 Ltr. &#8211; 55 kW Turbo KAT, Nebelscheinwerfer, Pannenset (Kompressor), Radiovorbereitung, Seitenairbag, Seitenschweller BRABUS unlackiert, Sitzheizung, Sonnenschutz Glasdach, Sound-Paket, Tridion-Sicherheitszelle Schwarz (Farbcode EB3), T\u00fcrablagenetze, W\u00e4rmeschutzverglasung gr\u00fcn get\u00f6nt, Zeituhr, Zentralverriegelung mit Fernbedienung und Wegfahrsperre<\/p>\n<p>Alle Angaben ohne Gew\u00e4hr und laut Auskunft der Vorbesitzer. Wir versteigern im Namen und auf Rechnung der jeweiligen Eigent\u00fcmer.<\/p>\n<h2>Fotos des wei\u00dfen Smart Brabus Coupe<\/h2>\n<figure id=\"attachment_1989\" aria-describedby=\"caption-attachment-1989\" style=\"width: 640px\" class=\"wp-caption alignnone\"><a href=\"https:\/\/www.das-autopfand.de\/blog\/uploads\/smart-brabus-coupe-weiss.jpg\"><img loading=\"lazy\" decoding=\"async\" class=\" wp-image-1989\" title=\"Seitenansicht des Smart Brabus Coupe\" alt=\"Seitenansicht des Smart Brabus Coupe\" src=\"https:\/\/www.das-autopfand.de\/blog\/uploads\/smart-brabus-coupe-weiss.jpg\" width=\"640\" height=\"426\" \/><\/a><figcaption id=\"caption-attachment-1989\" class=\"wp-caption-text\">Seitenansicht des Smart Brabus Coupe<\/figcaption><\/figure>\n<figure id=\"attachment_1988\" aria-describedby=\"caption-attachment-1988\" style=\"width: 640px\" class=\"wp-caption alignnone\"><a href=\"https:\/\/www.das-autopfand.de\/blog\/uploads\/smart-brabus-coupe-innenraum.jpg\"><img loading=\"lazy\" decoding=\"async\" class=\"size-full wp-image-1988\" title=\"Innenraum des Smart Coupe\" alt=\"Innenraum des Smart Coupe\" src=\"https:\/\/www.das-autopfand.de\/blog\/uploads\/smart-brabus-coupe-innenraum.jpg\" width=\"640\" height=\"426\" \/><\/a><figcaption id=\"caption-attachment-1988\" class=\"wp-caption-text\">Innenraum des Smart Coupe<\/figcaption><\/figure>\n<figure id=\"attachment_2073\" aria-describedby=\"caption-attachment-2073\" style=\"width: 640px\" class=\"wp-caption alignnone\"><a href=\"https:\/\/www.das-autopfand.de\/blog\/uploads\/smart-brabus-fahrzeugschein.jpg\"><img loading=\"lazy\" decoding=\"async\" class=\" wp-image-2073\" title=\"Fahrzeugschein Smart Brabus\" alt=\"Fahrzeugschein Smart Brabus\" src=\"https:\/\/www.das-autopfand.de\/blog\/uploads\/smart-brabus-fahrzeugschein.jpg\" width=\"640\" height=\"426\" \/><\/a><figcaption id=\"caption-attachment-2073\" class=\"wp-caption-text\">Fahrzeugschein Smart Brabus<\/figcaption><\/figure>\n<h2>Fragen zum Smart Brabus Coupe<\/h2>\n<p>Haben Sie Fragen zum Smart Coupe, dann treten Sie bitte mit uns in Kontakt. Bitte beachten Sie zuvor auch unsere <a title=\"H\u00e4ufige Fragen zur Versteigerung\" href=\"\/versteigerungen\/#faq\">FAQ zur Kfz-Versteigerung<\/a>. Hier finden Sie Antworten auf h\u00e4ufige Fragen!<\/p>\n<h2>Termin der Kfz-Versteigerung<\/h2>\n<p>Die <a title=\"Kfz-Versteigerungen bei das Autopfand\" href=\"\/versteigerungen\/\">Kfz-Versteigerung<\/a> findet am <strong>Samstag, den 1. Februar 2014<\/strong> im Kfz-Pfandleihhaus in Krefeld statt.<\/p>\n<p>M\u00f6chten Sie sich einfach und bequem \u00fcber die Termine der kommenden Kfz-Versteigerungen in unseren bundesweiten Pfandleihh\u00e4usern per Email informieren lassen, dann nutzen Sie unseren <a title=\"dap&lt;br \/&gt;&lt;br \/&gt;&lt;br \/&gt; Newsletter\" href=\"\/newsletter\/\">dap-Newsletter<\/a> oder <a title=\"https:\/\/twitter.com\/autopfand\" href=\"https:\/\/twitter.com\/autopfand\" rel=\"nofollow\">folgen Sie uns auf Twitter \u00bb<\/a><\/p>\n","protected":false},"excerpt":{"rendered":"<p>Daten zum Smart Brabus Coupe: Das Auto wurde versteigert! \u00bb \u00dcberblick \u00fcber die n\u00e4chste Kfz-Versteigerung im Kfz-Pfandleihhaus.<\/p>\n","protected":false},"author":2,"featured_media":0,"comment_status":"closed","ping_status":"open","sticky":false,"template":"","format":"standard","meta":{"footnotes":""},"categories":[10],"tags":[],"class_list":["post-1995","post","type-post","status-publish","format-standard","hentry","category-versteigerung"],"yoast_head":"<!-- This site is optimized with the Yoast SEO plugin v26.9 - https:\/\/yoast.com\/product\/yoast-seo-wordpress\/ -->\n<title>Smart Brabus Coupe - Kfz-Versteigerung im Pfandleihhaus<\/title>\n<meta name=\"description\" content=\"Wei\u00dfer Smart Brabus Coupe in der Versteigerung im Kfz-Pfandhaus dap - das Autopfand. Finden Sie hier weitere Autos zu guten Preisen. \u2714 Jetzt ansehen!\" \/>\n<meta name=\"robots\" content=\"index, follow, max-snippet:-1, max-image-preview:large, max-video-preview:-1\" \/>\n<link rel=\"canonical\" href=\"https:\/\/www.das-autopfand.de\/blog\/smart-brabus-coupe-kfz-versteigerung\/\" \/>\n<meta property=\"og:locale\" content=\"de_DE\" \/>\n<meta property=\"og:type\" content=\"article\" \/>\n<meta property=\"og:title\" content=\"Smart Brabus Coupe - Kfz-Versteigerung im Pfandleihhaus\" \/>\n<meta property=\"og:description\" content=\"Wei\u00dfer Smart Brabus Coupe in der Versteigerung im Kfz-Pfandhaus dap - das Autopfand. Finden Sie hier weitere Autos zu guten Preisen. \u2714 Jetzt ansehen!\" \/>\n<meta property=\"og:url\" content=\"https:\/\/www.das-autopfand.de\/blog\/smart-brabus-coupe-kfz-versteigerung\/\" \/>\n<meta property=\"article:publisher\" content=\"https:\/\/www.facebook.com\/dasautopfand\" \/>\n<meta property=\"article:author\" content=\"https:\/\/www.facebook.com\/dasautopfand\" \/>\n<meta property=\"article:published_time\" content=\"2014-01-17T20:09:51+00:00\" \/>\n<meta property=\"article:modified_time\" content=\"2025-03-02T14:08:24+00:00\" \/>\n<meta property=\"og:image\" content=\"https:\/\/www.das-autopfand.de\/blog\/uploads\/smart-brabus-coupe.jpg\" \/>\n\t<meta property=\"og:image:width\" content=\"640\" \/>\n\t<meta property=\"og:image:height\" content=\"426\" \/>\n\t<meta property=\"og:image:type\" content=\"image\/jpeg\" \/>\n<meta name=\"author\" content=\"Norman Ostgathe\" \/>\n<meta name=\"twitter:card\" content=\"summary_large_image\" \/>\n<meta name=\"twitter:creator\" content=\"@https:\/\/twitter.com\/autopfand\" \/>\n<meta name=\"twitter:site\" content=\"@autopfand\" \/>\n<meta name=\"twitter:label1\" content=\"Verfasst von\" \/>\n\t<meta name=\"twitter:data1\" content=\"Norman Ostgathe\" \/>\n\t<meta name=\"twitter:label2\" content=\"Gesch\u00e4tzte Lesezeit\" \/>\n\t<meta name=\"twitter:data2\" content=\"2\u00a0Minuten\" \/>\n<script type=\"application\/ld+json\" class=\"yoast-schema-graph\">{\"@context\":\"https:\/\/schema.org\",\"@graph\":[{\"@type\":\"Article\",\"@id\":\"https:\/\/www.das-autopfand.de\/blog\/smart-brabus-coupe-kfz-versteigerung\/#article\",\"isPartOf\":{\"@id\":\"https:\/\/www.das-autopfand.de\/blog\/smart-brabus-coupe-kfz-versteigerung\/\"},\"author\":{\"name\":\"Norman Ostgathe\",\"@id\":\"https:\/\/www.das-autopfand.de\/blog\/#\/schema\/person\/ebe927f731619d837b8245d6f9c959b0\"},\"headline\":\"Smart Brabus Coupe &#8211; Kfz-Versteigerung am 01.02.\",\"datePublished\":\"2014-01-17T20:09:51+00:00\",\"dateModified\":\"2025-03-02T14:08:24+00:00\",\"mainEntityOfPage\":{\"@id\":\"https:\/\/www.das-autopfand.de\/blog\/smart-brabus-coupe-kfz-versteigerung\/\"},\"wordCount\":344,\"image\":{\"@id\":\"https:\/\/www.das-autopfand.de\/blog\/smart-brabus-coupe-kfz-versteigerung\/#primaryimage\"},\"thumbnailUrl\":\"https:\/\/www.das-autopfand.de\/blog\/uploads\/smart-brabus-coupe.jpg\",\"articleSection\":[\"Versteigerung\"],\"inLanguage\":\"de\"},{\"@type\":\"WebPage\",\"@id\":\"https:\/\/www.das-autopfand.de\/blog\/smart-brabus-coupe-kfz-versteigerung\/\",\"url\":\"https:\/\/www.das-autopfand.de\/blog\/smart-brabus-coupe-kfz-versteigerung\/\",\"name\":\"Smart Brabus Coupe - Kfz-Versteigerung im Pfandleihhaus\",\"isPartOf\":{\"@id\":\"https:\/\/www.das-autopfand.de\/blog\/#website\"},\"primaryImageOfPage\":{\"@id\":\"https:\/\/www.das-autopfand.de\/blog\/smart-brabus-coupe-kfz-versteigerung\/#primaryimage\"},\"image\":{\"@id\":\"https:\/\/www.das-autopfand.de\/blog\/smart-brabus-coupe-kfz-versteigerung\/#primaryimage\"},\"thumbnailUrl\":\"https:\/\/www.das-autopfand.de\/blog\/uploads\/smart-brabus-coupe.jpg\",\"datePublished\":\"2014-01-17T20:09:51+00:00\",\"dateModified\":\"2025-03-02T14:08:24+00:00\",\"author\":{\"@id\":\"https:\/\/www.das-autopfand.de\/blog\/#\/schema\/person\/ebe927f731619d837b8245d6f9c959b0\"},\"description\":\"Wei\u00dfer Smart Brabus Coupe in der Versteigerung im Kfz-Pfandhaus dap - das Autopfand. Finden Sie hier weitere Autos zu guten Preisen. \u2714 Jetzt ansehen!\",\"inLanguage\":\"de\",\"potentialAction\":[{\"@type\":\"ReadAction\",\"target\":[\"https:\/\/www.das-autopfand.de\/blog\/smart-brabus-coupe-kfz-versteigerung\/\"]}]},{\"@type\":\"ImageObject\",\"inLanguage\":\"de\",\"@id\":\"https:\/\/www.das-autopfand.de\/blog\/smart-brabus-coupe-kfz-versteigerung\/#primaryimage\",\"url\":\"https:\/\/www.das-autopfand.de\/blog\/uploads\/smart-brabus-coupe.jpg\",\"contentUrl\":\"https:\/\/www.das-autopfand.de\/blog\/uploads\/smart-brabus-coupe.jpg\"},{\"@type\":\"WebSite\",\"@id\":\"https:\/\/www.das-autopfand.de\/blog\/#website\",\"url\":\"https:\/\/www.das-autopfand.de\/blog\/\",\"name\":\"\",\"description\":\"News aus dem KFZ-Pfandleihhaus\",\"potentialAction\":[{\"@type\":\"SearchAction\",\"target\":{\"@type\":\"EntryPoint\",\"urlTemplate\":\"https:\/\/www.das-autopfand.de\/blog\/?s={search_term_string}\"},\"query-input\":{\"@type\":\"PropertyValueSpecification\",\"valueRequired\":true,\"valueName\":\"search_term_string\"}}],\"inLanguage\":\"de\"},{\"@type\":\"Person\",\"@id\":\"https:\/\/www.das-autopfand.de\/blog\/#\/schema\/person\/ebe927f731619d837b8245d6f9c959b0\",\"name\":\"Norman Ostgathe\",\"description\":\"Seit 2007 betreibe ich das bundesweit t\u00e4tige Kfz-Pfandleihhaus dap - das Autopfand. Mit unseren Autopfandh\u00e4usern in Krefeld, Recklinghausen, Dortmund, Sinsheim, Frankfurt am Main, M\u00fcnchen und Wolfratshausen haben wir uns auf die unkomplizierte und schnelle L\u00f6sung finanzieller Probleme spezialisiert. Wir beleihen Ihr KFZ und Sie erhalten sofort Bargeld.\",\"sameAs\":[\"https:\/\/www.facebook.com\/dasautopfand\",\"https:\/\/x.com\/https:\/\/twitter.com\/autopfand\"],\"url\":\"https:\/\/www.das-autopfand.de\/blog\/author\/dap\/\"}]}<\/script>\n<!-- \/ Yoast SEO plugin. -->","yoast_head_json":{"title":"Smart Brabus Coupe - Kfz-Versteigerung im Pfandleihhaus","description":"Wei\u00dfer Smart Brabus Coupe in der Versteigerung im Kfz-Pfandhaus dap - das Autopfand. Finden Sie hier weitere Autos zu guten Preisen. \u2714 Jetzt ansehen!","robots":{"index":"index","follow":"follow","max-snippet":"max-snippet:-1","max-image-preview":"max-image-preview:large","max-video-preview":"max-video-preview:-1"},"canonical":"https:\/\/www.das-autopfand.de\/blog\/smart-brabus-coupe-kfz-versteigerung\/","og_locale":"de_DE","og_type":"article","og_title":"Smart Brabus Coupe - Kfz-Versteigerung im Pfandleihhaus","og_description":"Wei\u00dfer Smart Brabus Coupe in der Versteigerung im Kfz-Pfandhaus dap - das Autopfand. Finden Sie hier weitere Autos zu guten Preisen. \u2714 Jetzt ansehen!","og_url":"https:\/\/www.das-autopfand.de\/blog\/smart-brabus-coupe-kfz-versteigerung\/","article_publisher":"https:\/\/www.facebook.com\/dasautopfand","article_author":"https:\/\/www.facebook.com\/dasautopfand","article_published_time":"2014-01-17T20:09:51+00:00","article_modified_time":"2025-03-02T14:08:24+00:00","og_image":[{"width":640,"height":426,"url":"https:\/\/www.das-autopfand.de\/blog\/uploads\/smart-brabus-coupe.jpg","type":"image\/jpeg"}],"author":"Norman Ostgathe","twitter_card":"summary_large_image","twitter_creator":"@https:\/\/twitter.com\/autopfand","twitter_site":"@autopfand","twitter_misc":{"Verfasst von":"Norman Ostgathe","Gesch\u00e4tzte Lesezeit":"2\u00a0Minuten"},"schema":{"@context":"https:\/\/schema.org","@graph":[{"@type":"Article","@id":"https:\/\/www.das-autopfand.de\/blog\/smart-brabus-coupe-kfz-versteigerung\/#article","isPartOf":{"@id":"https:\/\/www.das-autopfand.de\/blog\/smart-brabus-coupe-kfz-versteigerung\/"},"author":{"name":"Norman Ostgathe","@id":"https:\/\/www.das-autopfand.de\/blog\/#\/schema\/person\/ebe927f731619d837b8245d6f9c959b0"},"headline":"Smart Brabus Coupe &#8211; Kfz-Versteigerung am 01.02.","datePublished":"2014-01-17T20:09:51+00:00","dateModified":"2025-03-02T14:08:24+00:00","mainEntityOfPage":{"@id":"https:\/\/www.das-autopfand.de\/blog\/smart-brabus-coupe-kfz-versteigerung\/"},"wordCount":344,"image":{"@id":"https:\/\/www.das-autopfand.de\/blog\/smart-brabus-coupe-kfz-versteigerung\/#primaryimage"},"thumbnailUrl":"https:\/\/www.das-autopfand.de\/blog\/uploads\/smart-brabus-coupe.jpg","articleSection":["Versteigerung"],"inLanguage":"de"},{"@type":"WebPage","@id":"https:\/\/www.das-autopfand.de\/blog\/smart-brabus-coupe-kfz-versteigerung\/","url":"https:\/\/www.das-autopfand.de\/blog\/smart-brabus-coupe-kfz-versteigerung\/","name":"Smart Brabus Coupe - Kfz-Versteigerung im Pfandleihhaus","isPartOf":{"@id":"https:\/\/www.das-autopfand.de\/blog\/#website"},"primaryImageOfPage":{"@id":"https:\/\/www.das-autopfand.de\/blog\/smart-brabus-coupe-kfz-versteigerung\/#primaryimage"},"image":{"@id":"https:\/\/www.das-autopfand.de\/blog\/smart-brabus-coupe-kfz-versteigerung\/#primaryimage"},"thumbnailUrl":"https:\/\/www.das-autopfand.de\/blog\/uploads\/smart-brabus-coupe.jpg","datePublished":"2014-01-17T20:09:51+00:00","dateModified":"2025-03-02T14:08:24+00:00","author":{"@id":"https:\/\/www.das-autopfand.de\/blog\/#\/schema\/person\/ebe927f731619d837b8245d6f9c959b0"},"description":"Wei\u00dfer Smart Brabus Coupe in der Versteigerung im Kfz-Pfandhaus dap - das Autopfand. Finden Sie hier weitere Autos zu guten Preisen. \u2714 Jetzt ansehen!","inLanguage":"de","potentialAction":[{"@type":"ReadAction","target":["https:\/\/www.das-autopfand.de\/blog\/smart-brabus-coupe-kfz-versteigerung\/"]}]},{"@type":"ImageObject","inLanguage":"de","@id":"https:\/\/www.das-autopfand.de\/blog\/smart-brabus-coupe-kfz-versteigerung\/#primaryimage","url":"https:\/\/www.das-autopfand.de\/blog\/uploads\/smart-brabus-coupe.jpg","contentUrl":"https:\/\/www.das-autopfand.de\/blog\/uploads\/smart-brabus-coupe.jpg"},{"@type":"WebSite","@id":"https:\/\/www.das-autopfand.de\/blog\/#website","url":"https:\/\/www.das-autopfand.de\/blog\/","name":"","description":"News aus dem KFZ-Pfandleihhaus","potentialAction":[{"@type":"SearchAction","target":{"@type":"EntryPoint","urlTemplate":"https:\/\/www.das-autopfand.de\/blog\/?s={search_term_string}"},"query-input":{"@type":"PropertyValueSpecification","valueRequired":true,"valueName":"search_term_string"}}],"inLanguage":"de"},{"@type":"Person","@id":"https:\/\/www.das-autopfand.de\/blog\/#\/schema\/person\/ebe927f731619d837b8245d6f9c959b0","name":"Norman Ostgathe","description":"Seit 2007 betreibe ich das bundesweit t\u00e4tige Kfz-Pfandleihhaus dap - das Autopfand. Mit unseren Autopfandh\u00e4usern in Krefeld, Recklinghausen, Dortmund, Sinsheim, Frankfurt am Main, M\u00fcnchen und Wolfratshausen haben wir uns auf die unkomplizierte und schnelle L\u00f6sung finanzieller Probleme spezialisiert. Wir beleihen Ihr KFZ und Sie erhalten sofort Bargeld.","sameAs":["https:\/\/www.facebook.com\/dasautopfand","https:\/\/x.com\/https:\/\/twitter.com\/autopfand"],"url":"https:\/\/www.das-autopfand.de\/blog\/author\/dap\/"}]}},"_links":{"self":[{"href":"https:\/\/www.das-autopfand.de\/blog\/wp-json\/wp\/v2\/posts\/1995","targetHints":{"allow":["GET"]}}],"collection":[{"href":"https:\/\/www.das-autopfand.de\/blog\/wp-json\/wp\/v2\/posts"}],"about":[{"href":"https:\/\/www.das-autopfand.de\/blog\/wp-json\/wp\/v2\/types\/post"}],"author":[{"embeddable":true,"href":"https:\/\/www.das-autopfand.de\/blog\/wp-json\/wp\/v2\/users\/2"}],"replies":[{"embeddable":true,"href":"https:\/\/www.das-autopfand.de\/blog\/wp-json\/wp\/v2\/comments?post=1995"}],"version-history":[{"count":0,"href":"https:\/\/www.das-autopfand.de\/blog\/wp-json\/wp\/v2\/posts\/1995\/revisions"}],"wp:attachment":[{"href":"https:\/\/www.das-autopfand.de\/blog\/wp-json\/wp\/v2\/media?parent=1995"}],"wp:term":[{"taxonomy":"category","embeddable":true,"href":"https:\/\/www.das-autopfand.de\/blog\/wp-json\/wp\/v2\/categories?post=1995"},{"taxonomy":"post_tag","embeddable":true,"href":"https:\/\/www.das-autopfand.de\/blog\/wp-json\/wp\/v2\/tags?post=1995"}],"curies":[{"name":"wp","href":"https:\/\/api.w.org\/{rel}","templated":true}]}}