{"id":2046,"date":"2018-04-30T12:34:53","date_gmt":"2018-04-30T10:34:53","guid":{"rendered":"https:\/\/www.das-autopfand.de\/blog\/?p=2046"},"modified":"2025-03-02T16:08:21","modified_gmt":"2025-03-02T14:08:21","slug":"mercedes-benz-200-kfz-versteigerung","status":"publish","type":"post","link":"https:\/\/www.das-autopfand.de\/blog\/mercedes-benz-200-kfz-versteigerung\/","title":{"rendered":"Mercedes Benz B 200 CDI &#8211; Kfz-Versteigerung am 12.05."},"content":{"rendered":"<p><img loading=\"lazy\" decoding=\"async\" class=\"alignnone size-full wp-image-3514\" src=\"https:\/\/www.das-autopfand.de\/blog\/uploads\/MB-200-CDI-21.jpg\" alt=\"\" width=\"800\" height=\"600\" srcset=\"https:\/\/www.das-autopfand.de\/blog\/uploads\/MB-200-CDI-21.jpg 800w, https:\/\/www.das-autopfand.de\/blog\/uploads\/MB-200-CDI-21-768x576.jpg 768w\" sizes=\"auto, (max-width: 800px) 100vw, 800px\" \/><\/p>\n<p>Daten zum <strong>Mercedes-Benz B-Klasse B 200 CDI<\/strong>:<\/p>\n<p><strong><span class=\"hinweis\">Der PKW wurde versteigert!<br \/>\n\u00bb \u00dcberblick \u00fcber die n\u00e4chste <a title=\"Kfz-Versteigerungen bei das Autopfand\" href=\"https:\/\/www.das-autopfand.de\/versteigerungen\/\">Kfz-Versteigerung im Kfz-Pfandleihhaus<\/a>.<\/span><\/strong><\/p>\n<p><!--more--><\/p>\n<p>Typ:Mercedes-Benz B-Klasse B 200 CDI<br \/>\nErstzulassung: 04\/2010<br \/>\nKm-Stand: 74.219 km<br \/>\nKraftstoff: Diesel<br \/>\nKW: 103 kW (140 PS)<br \/>\nAu\u00dfenfarbe: Silber metallic<br \/>\nGetriebeart: Automatik<br \/>\nHubraum: 1.991 cm\u00b3<br \/>\nT\u00fcren: 5<br \/>\nVorbesitzer: 1<br \/>\nAusstatung:\u00a0 Armlehne hinten klappbar mit Durchladem\u00f6glichkeit (herausnehmbar), Audio-Navigationssystem: Autopilot-System APS COMAND, Au\u00dfenspiegel elektr. anklappbar, Bi-Xenon-Scheinwerfer mit aktivem Kurvenlicht, Diebstahlschutz-Paket, Fahrassistenz-System: aktiver Park-Assistent, Fensterheber elektrisch vorn + hinten, Komfort-Klimaautomatik (Thermotronik), Kopf-Airbag-System (Windowbag), Lenkrad mit Schaltwippen\/-tasten, Licht- und Sicht-Paket, Metallic-Lackierung, Multikontursitz \/ Multikonturlehne vorn links, Reserverad als Notrad, Scheibenwaschanlage beheizt, Sitz vorn links elektr. verstellbar, Sitz-Komfort-Paket, Sitzheizung vorn, Sport-Paket, Steckdose (12V-Anschlu\u00df) im Koffer-\/Laderaum, Adaptives Bremslicht, Airbag Fahrer-\/Beifahrerseite, Antriebs-Schlupfregelung (ASR), Armauflage vorn mit Fach, Au\u00dfenspiegel elektr. verstell- und heizbar, beide, Au\u00dfentemperaturanzeige, Chrom-Paket, Design- und Ausstattungslinie Standard, Drehzahlmesser, Einschaltautomatik f\u00fcr Fahrlicht, Fahrassistenz-System: Berganfahrhilfe, Gep\u00e4ckraumabdeckung \/ Rollo, Heckscheibe heizbar (ESG), Innenausstattung: Zierteile Aluminium, Isofix-Aufnahmen f\u00fcr Kindersitz an R\u00fccksitz, Karosserie: 5-t\u00fcrig, Kopfst\u00fctzen hinten (3-fach), Lenkrad (Leder) + Schalt-\/W\u00e4hlhebelgriff Leder, Lenks\u00e4ule (Lenkrad) mechan. verstellbar, Mittelarmlehne vorn mit Fach, Modellpflege, Motor 2,0 Ltr. &#8211; 103 kW CDI KAT, Nebelschlussleuchte, Reifendruckwarner, Reiserechner, R\u00fccksitze klappbar 1\/3-2\/3 mit Durchladeeinrichtung und Lastenverankerung, Seitenairbag (Sidebag) vorn, Verglasung get\u00f6nt, W\u00e4rmeschutzverglasung (Frontscheibe mit Bandfilter oben)<\/p>\n<table width=\"500\">\n<tbody>\n<tr>\n<td width=\"300\">Vorhandene Unterlagen:<\/td>\n<td width=\"100\">JA<\/td>\n<td width=\"100\">NEIN<\/td>\n<\/tr>\n<tr>\n<td width=\"300\">Fahrzeugschein<\/td>\n<td width=\"100\">X<\/td>\n<td width=\"100\"><\/td>\n<\/tr>\n<tr>\n<td width=\"300\">Fahrzeugbrief<\/td>\n<td width=\"100\">X<\/td>\n<td width=\"100\"><\/td>\n<\/tr>\n<tr>\n<td width=\"300\">Scheckheft<\/td>\n<td width=\"100\">X<\/td>\n<td width=\"100\"><\/td>\n<\/tr>\n<tr>\n<td width=\"300\">Gutachten<\/td>\n<td width=\"100\"><\/td>\n<td width=\"100\">X<\/td>\n<\/tr>\n<tr>\n<td width=\"300\">T\u00dcV Bescheinigung<\/td>\n<td width=\"100\">\u00a0X<\/td>\n<td width=\"100\">05\/2019<\/td>\n<\/tr>\n<tr>\n<td width=\"300\">COC-Papiere<\/td>\n<td width=\"100\">X<\/td>\n<td width=\"100\"><\/td>\n<\/tr>\n<\/tbody>\n<\/table>\n<p>Alle Angaben ohne Gew\u00e4hr und laut Auskunft der Vorbesitzer. Wir versteigern im Namen und auf Rechnung der jeweiligen Eigent\u00fcmer.<\/p>\n<h2>Fotos des silbernen Mercedes Benz 200 CDI<\/h2>\n<p><img loading=\"lazy\" decoding=\"async\" class=\"alignnone size-full wp-image-3515\" src=\"https:\/\/www.das-autopfand.de\/blog\/uploads\/MB-200-CDI-23.jpg\" alt=\"\" width=\"800\" height=\"600\" srcset=\"https:\/\/www.das-autopfand.de\/blog\/uploads\/MB-200-CDI-23.jpg 800w, https:\/\/www.das-autopfand.de\/blog\/uploads\/MB-200-CDI-23-768x576.jpg 768w\" sizes=\"auto, (max-width: 800px) 100vw, 800px\" \/> <img loading=\"lazy\" decoding=\"async\" class=\"alignnone size-full wp-image-3513\" src=\"https:\/\/www.das-autopfand.de\/blog\/uploads\/MB-200-CDI-20.jpg\" alt=\"Mercedes-Benz B-Klasse B 200 CDI\" width=\"450\" height=\"600\" \/> <img loading=\"lazy\" decoding=\"async\" class=\"alignnone size-full wp-image-3512\" src=\"https:\/\/www.das-autopfand.de\/blog\/uploads\/MB-200-CDI-24.jpg\" alt=\"\" width=\"800\" height=\"600\" srcset=\"https:\/\/www.das-autopfand.de\/blog\/uploads\/MB-200-CDI-24.jpg 800w, https:\/\/www.das-autopfand.de\/blog\/uploads\/MB-200-CDI-24-768x576.jpg 768w\" sizes=\"auto, (max-width: 800px) 100vw, 800px\" \/> <img loading=\"lazy\" decoding=\"async\" class=\"alignnone size-full wp-image-3511\" src=\"https:\/\/www.das-autopfand.de\/blog\/uploads\/MB-200-CDI-25.jpg\" alt=\"\" width=\"800\" height=\"600\" srcset=\"https:\/\/www.das-autopfand.de\/blog\/uploads\/MB-200-CDI-25.jpg 800w, https:\/\/www.das-autopfand.de\/blog\/uploads\/MB-200-CDI-25-768x576.jpg 768w\" sizes=\"auto, (max-width: 800px) 100vw, 800px\" \/> <img loading=\"lazy\" decoding=\"async\" class=\"alignnone size-medium wp-image-3510\" src=\"https:\/\/www.das-autopfand.de\/blog\/uploads\/MB-200-CDI-26.jpg\" alt=\"\" width=\"800\" height=\"600\" srcset=\"https:\/\/www.das-autopfand.de\/blog\/uploads\/MB-200-CDI-26.jpg 800w, https:\/\/www.das-autopfand.de\/blog\/uploads\/MB-200-CDI-26-768x576.jpg 768w\" sizes=\"auto, (max-width: 800px) 100vw, 800px\" \/> <img loading=\"lazy\" decoding=\"async\" class=\"alignnone size-medium wp-image-3509\" src=\"https:\/\/www.das-autopfand.de\/blog\/uploads\/MB-200-CDI-27.jpg\" alt=\"\" width=\"800\" height=\"600\" srcset=\"https:\/\/www.das-autopfand.de\/blog\/uploads\/MB-200-CDI-27.jpg 800w, https:\/\/www.das-autopfand.de\/blog\/uploads\/MB-200-CDI-27-768x576.jpg 768w\" sizes=\"auto, (max-width: 800px) 100vw, 800px\" \/> <img loading=\"lazy\" decoding=\"async\" class=\"alignnone size-medium wp-image-3508\" src=\"https:\/\/www.das-autopfand.de\/blog\/uploads\/MB-200-CDI-28.jpg\" alt=\"\" width=\"800\" height=\"600\" srcset=\"https:\/\/www.das-autopfand.de\/blog\/uploads\/MB-200-CDI-28.jpg 800w, https:\/\/www.das-autopfand.de\/blog\/uploads\/MB-200-CDI-28-768x576.jpg 768w\" sizes=\"auto, (max-width: 800px) 100vw, 800px\" \/> <img loading=\"lazy\" decoding=\"async\" class=\"alignnone size-full wp-image-3507\" src=\"https:\/\/www.das-autopfand.de\/blog\/uploads\/MB-200-CDI-29.jpg\" alt=\"\" width=\"450\" height=\"600\" \/> <img loading=\"lazy\" decoding=\"async\" class=\"alignnone size-medium wp-image-3506\" src=\"https:\/\/www.das-autopfand.de\/blog\/uploads\/MB-200-CDI-30.jpg\" alt=\"\" width=\"800\" height=\"600\" srcset=\"https:\/\/www.das-autopfand.de\/blog\/uploads\/MB-200-CDI-30.jpg 800w, https:\/\/www.das-autopfand.de\/blog\/uploads\/MB-200-CDI-30-768x576.jpg 768w\" sizes=\"auto, (max-width: 800px) 100vw, 800px\" \/> <img loading=\"lazy\" decoding=\"async\" class=\"alignnone size-medium wp-image-3505\" src=\"https:\/\/www.das-autopfand.de\/blog\/uploads\/MB-200-CDI-31.jpg\" alt=\"\" width=\"800\" height=\"600\" srcset=\"https:\/\/www.das-autopfand.de\/blog\/uploads\/MB-200-CDI-31.jpg 800w, https:\/\/www.das-autopfand.de\/blog\/uploads\/MB-200-CDI-31-768x576.jpg 768w\" sizes=\"auto, (max-width: 800px) 100vw, 800px\" \/> <img loading=\"lazy\" decoding=\"async\" class=\"alignnone size-full wp-image-3504\" src=\"https:\/\/www.das-autopfand.de\/blog\/uploads\/MB-200-CDI-32.jpg\" alt=\"\" width=\"800\" height=\"600\" srcset=\"https:\/\/www.das-autopfand.de\/blog\/uploads\/MB-200-CDI-32.jpg 800w, https:\/\/www.das-autopfand.de\/blog\/uploads\/MB-200-CDI-32-768x576.jpg 768w\" sizes=\"auto, (max-width: 800px) 100vw, 800px\" \/><\/p>\n<h2>Fragen zum MB B 200 CDI<\/h2>\n<p>Haben Sie Fragen zum Mercedes Benz B 200 CDI, dann treten Sie bitte mit uns in Kontakt. Bitte beachten Sie zuvor auch unsere <a title=\"H\u00e4ufige Fragen zur Versteigerung\" href=\"\/versteigerungen\/#faq\">FAQ zur Kfz-Versteigerung<\/a>. Hier finden Sie Antworten auf h\u00e4ufige Fragen!<\/p>\n<h2>Termin der Kfz-Versteigerung<\/h2>\n<p>Die <a title=\"Kfz-Versteigerungen bei das Autopfand\" href=\"\/versteigerungen\/\">Kfz-Versteigerung <\/a>findet am <strong>Samstag, den 12. Mai 2018<\/strong> im Kfz-Pfandleihhaus in Krefeld statt.<\/p>\n<p>M\u00f6chten Sie sich einfach und bequem \u00fcber die Termine der kommenden Kfz-Versteigerungen in unseren bundesweiten Pfandleihh\u00e4usern per Email informieren lassen, dann nutzen Sie unseren <a title=\"dap&lt;br \/&gt;&lt;br \/&gt;&lt;br \/&gt; Newsletter\" href=\"\/newsletter\/\">dap-Newsletter<\/a> oder <a title=\"https:\/\/twitter.com\/autopfand\" href=\"https:\/\/twitter.com\/autopfand\" rel=\"nofollow\">folgen Sie uns auf Twitter \u00bb<\/a><\/p>\n","protected":false},"excerpt":{"rendered":"<p>Daten zum Mercedes-Benz B-Klasse B 200 CDI: Der PKW wurde versteigert! \u00bb \u00dcberblick \u00fcber die n\u00e4chste Kfz-Versteigerung im Kfz-Pfandleihhaus.<\/p>\n","protected":false},"author":2,"featured_media":0,"comment_status":"closed","ping_status":"open","sticky":false,"template":"","format":"standard","meta":{"footnotes":""},"categories":[10],"tags":[],"class_list":["post-2046","post","type-post","status-publish","format-standard","hentry","category-versteigerung"],"yoast_head":"<!-- This site is optimized with the Yoast SEO plugin v26.9 - https:\/\/yoast.com\/product\/yoast-seo-wordpress\/ -->\n<title>Mercedes Benz B 200 CDI - Kfz-Versteigerung im Kfz-Pfandleihhaus<\/title>\n<meta name=\"description\" content=\"Silberner Mercedes Benz B 200 CDI in der Kfz-Versteigerung bei dap - das Autopfand. Hier finden Sie weitere MB zu guten Preisen. \u2714 Jetzt ansehen!\" \/>\n<meta name=\"robots\" content=\"index, follow, max-snippet:-1, max-image-preview:large, max-video-preview:-1\" \/>\n<link rel=\"canonical\" href=\"https:\/\/www.das-autopfand.de\/blog\/mercedes-benz-200-kfz-versteigerung\/\" \/>\n<meta property=\"og:locale\" content=\"de_DE\" \/>\n<meta property=\"og:type\" content=\"article\" \/>\n<meta property=\"og:title\" content=\"Mercedes Benz B 200 CDI - Kfz-Versteigerung im Kfz-Pfandleihhaus\" \/>\n<meta property=\"og:description\" content=\"Silberner Mercedes Benz B 200 CDI in der Kfz-Versteigerung bei dap - das Autopfand. Hier finden Sie weitere MB zu guten Preisen. \u2714 Jetzt ansehen!\" \/>\n<meta property=\"og:url\" content=\"https:\/\/www.das-autopfand.de\/blog\/mercedes-benz-200-kfz-versteigerung\/\" \/>\n<meta property=\"article:publisher\" content=\"https:\/\/www.facebook.com\/dasautopfand\" \/>\n<meta property=\"article:author\" content=\"https:\/\/www.facebook.com\/dasautopfand\" \/>\n<meta property=\"article:published_time\" content=\"2018-04-30T10:34:53+00:00\" \/>\n<meta property=\"article:modified_time\" content=\"2025-03-02T14:08:21+00:00\" \/>\n<meta property=\"og:image\" content=\"https:\/\/www.das-autopfand.de\/blog\/uploads\/MB-200-CDI-21.jpg\" \/>\n\t<meta property=\"og:image:width\" content=\"800\" \/>\n\t<meta property=\"og:image:height\" content=\"600\" \/>\n\t<meta property=\"og:image:type\" content=\"image\/jpeg\" \/>\n<meta name=\"author\" content=\"Norman Ostgathe\" \/>\n<meta name=\"twitter:card\" content=\"summary_large_image\" \/>\n<meta name=\"twitter:creator\" content=\"@https:\/\/twitter.com\/autopfand\" \/>\n<meta name=\"twitter:site\" content=\"@autopfand\" \/>\n<meta name=\"twitter:label1\" content=\"Verfasst von\" \/>\n\t<meta name=\"twitter:data1\" content=\"Norman Ostgathe\" \/>\n\t<meta name=\"twitter:label2\" content=\"Gesch\u00e4tzte Lesezeit\" \/>\n\t<meta name=\"twitter:data2\" content=\"2\u00a0Minuten\" \/>\n<script type=\"application\/ld+json\" class=\"yoast-schema-graph\">{\"@context\":\"https:\/\/schema.org\",\"@graph\":[{\"@type\":\"Article\",\"@id\":\"https:\/\/www.das-autopfand.de\/blog\/mercedes-benz-200-kfz-versteigerung\/#article\",\"isPartOf\":{\"@id\":\"https:\/\/www.das-autopfand.de\/blog\/mercedes-benz-200-kfz-versteigerung\/\"},\"author\":{\"name\":\"Norman Ostgathe\",\"@id\":\"https:\/\/www.das-autopfand.de\/blog\/#\/schema\/person\/ebe927f731619d837b8245d6f9c959b0\"},\"headline\":\"Mercedes Benz B 200 CDI &#8211; Kfz-Versteigerung am 12.05.\",\"datePublished\":\"2018-04-30T10:34:53+00:00\",\"dateModified\":\"2025-03-02T14:08:21+00:00\",\"mainEntityOfPage\":{\"@id\":\"https:\/\/www.das-autopfand.de\/blog\/mercedes-benz-200-kfz-versteigerung\/\"},\"wordCount\":343,\"image\":{\"@id\":\"https:\/\/www.das-autopfand.de\/blog\/mercedes-benz-200-kfz-versteigerung\/#primaryimage\"},\"thumbnailUrl\":\"https:\/\/www.das-autopfand.de\/blog\/uploads\/MB-200-CDI-21.jpg\",\"articleSection\":[\"Versteigerung\"],\"inLanguage\":\"de\"},{\"@type\":\"WebPage\",\"@id\":\"https:\/\/www.das-autopfand.de\/blog\/mercedes-benz-200-kfz-versteigerung\/\",\"url\":\"https:\/\/www.das-autopfand.de\/blog\/mercedes-benz-200-kfz-versteigerung\/\",\"name\":\"Mercedes Benz B 200 CDI - Kfz-Versteigerung im Kfz-Pfandleihhaus\",\"isPartOf\":{\"@id\":\"https:\/\/www.das-autopfand.de\/blog\/#website\"},\"primaryImageOfPage\":{\"@id\":\"https:\/\/www.das-autopfand.de\/blog\/mercedes-benz-200-kfz-versteigerung\/#primaryimage\"},\"image\":{\"@id\":\"https:\/\/www.das-autopfand.de\/blog\/mercedes-benz-200-kfz-versteigerung\/#primaryimage\"},\"thumbnailUrl\":\"https:\/\/www.das-autopfand.de\/blog\/uploads\/MB-200-CDI-21.jpg\",\"datePublished\":\"2018-04-30T10:34:53+00:00\",\"dateModified\":\"2025-03-02T14:08:21+00:00\",\"author\":{\"@id\":\"https:\/\/www.das-autopfand.de\/blog\/#\/schema\/person\/ebe927f731619d837b8245d6f9c959b0\"},\"description\":\"Silberner Mercedes Benz B 200 CDI in der Kfz-Versteigerung bei dap - das Autopfand. Hier finden Sie weitere MB zu guten Preisen. \u2714 Jetzt ansehen!\",\"inLanguage\":\"de\",\"potentialAction\":[{\"@type\":\"ReadAction\",\"target\":[\"https:\/\/www.das-autopfand.de\/blog\/mercedes-benz-200-kfz-versteigerung\/\"]}]},{\"@type\":\"ImageObject\",\"inLanguage\":\"de\",\"@id\":\"https:\/\/www.das-autopfand.de\/blog\/mercedes-benz-200-kfz-versteigerung\/#primaryimage\",\"url\":\"https:\/\/www.das-autopfand.de\/blog\/uploads\/MB-200-CDI-21.jpg\",\"contentUrl\":\"https:\/\/www.das-autopfand.de\/blog\/uploads\/MB-200-CDI-21.jpg\",\"width\":800,\"height\":600},{\"@type\":\"WebSite\",\"@id\":\"https:\/\/www.das-autopfand.de\/blog\/#website\",\"url\":\"https:\/\/www.das-autopfand.de\/blog\/\",\"name\":\"\",\"description\":\"News aus dem KFZ-Pfandleihhaus\",\"potentialAction\":[{\"@type\":\"SearchAction\",\"target\":{\"@type\":\"EntryPoint\",\"urlTemplate\":\"https:\/\/www.das-autopfand.de\/blog\/?s={search_term_string}\"},\"query-input\":{\"@type\":\"PropertyValueSpecification\",\"valueRequired\":true,\"valueName\":\"search_term_string\"}}],\"inLanguage\":\"de\"},{\"@type\":\"Person\",\"@id\":\"https:\/\/www.das-autopfand.de\/blog\/#\/schema\/person\/ebe927f731619d837b8245d6f9c959b0\",\"name\":\"Norman Ostgathe\",\"description\":\"Seit 2007 betreibe ich das bundesweit t\u00e4tige Kfz-Pfandleihhaus dap - das Autopfand. Mit unseren Autopfandh\u00e4usern in Krefeld, Recklinghausen, Dortmund, Sinsheim, Frankfurt am Main, M\u00fcnchen und Wolfratshausen haben wir uns auf die unkomplizierte und schnelle L\u00f6sung finanzieller Probleme spezialisiert. Wir beleihen Ihr KFZ und Sie erhalten sofort Bargeld.\",\"sameAs\":[\"https:\/\/www.facebook.com\/dasautopfand\",\"https:\/\/x.com\/https:\/\/twitter.com\/autopfand\"],\"url\":\"https:\/\/www.das-autopfand.de\/blog\/author\/dap\/\"}]}<\/script>\n<!-- \/ Yoast SEO plugin. -->","yoast_head_json":{"title":"Mercedes Benz B 200 CDI - Kfz-Versteigerung im Kfz-Pfandleihhaus","description":"Silberner Mercedes Benz B 200 CDI in der Kfz-Versteigerung bei dap - das Autopfand. Hier finden Sie weitere MB zu guten Preisen. \u2714 Jetzt ansehen!","robots":{"index":"index","follow":"follow","max-snippet":"max-snippet:-1","max-image-preview":"max-image-preview:large","max-video-preview":"max-video-preview:-1"},"canonical":"https:\/\/www.das-autopfand.de\/blog\/mercedes-benz-200-kfz-versteigerung\/","og_locale":"de_DE","og_type":"article","og_title":"Mercedes Benz B 200 CDI - Kfz-Versteigerung im Kfz-Pfandleihhaus","og_description":"Silberner Mercedes Benz B 200 CDI in der Kfz-Versteigerung bei dap - das Autopfand. Hier finden Sie weitere MB zu guten Preisen. \u2714 Jetzt ansehen!","og_url":"https:\/\/www.das-autopfand.de\/blog\/mercedes-benz-200-kfz-versteigerung\/","article_publisher":"https:\/\/www.facebook.com\/dasautopfand","article_author":"https:\/\/www.facebook.com\/dasautopfand","article_published_time":"2018-04-30T10:34:53+00:00","article_modified_time":"2025-03-02T14:08:21+00:00","og_image":[{"width":800,"height":600,"url":"https:\/\/www.das-autopfand.de\/blog\/uploads\/MB-200-CDI-21.jpg","type":"image\/jpeg"}],"author":"Norman Ostgathe","twitter_card":"summary_large_image","twitter_creator":"@https:\/\/twitter.com\/autopfand","twitter_site":"@autopfand","twitter_misc":{"Verfasst von":"Norman Ostgathe","Gesch\u00e4tzte Lesezeit":"2\u00a0Minuten"},"schema":{"@context":"https:\/\/schema.org","@graph":[{"@type":"Article","@id":"https:\/\/www.das-autopfand.de\/blog\/mercedes-benz-200-kfz-versteigerung\/#article","isPartOf":{"@id":"https:\/\/www.das-autopfand.de\/blog\/mercedes-benz-200-kfz-versteigerung\/"},"author":{"name":"Norman Ostgathe","@id":"https:\/\/www.das-autopfand.de\/blog\/#\/schema\/person\/ebe927f731619d837b8245d6f9c959b0"},"headline":"Mercedes Benz B 200 CDI &#8211; Kfz-Versteigerung am 12.05.","datePublished":"2018-04-30T10:34:53+00:00","dateModified":"2025-03-02T14:08:21+00:00","mainEntityOfPage":{"@id":"https:\/\/www.das-autopfand.de\/blog\/mercedes-benz-200-kfz-versteigerung\/"},"wordCount":343,"image":{"@id":"https:\/\/www.das-autopfand.de\/blog\/mercedes-benz-200-kfz-versteigerung\/#primaryimage"},"thumbnailUrl":"https:\/\/www.das-autopfand.de\/blog\/uploads\/MB-200-CDI-21.jpg","articleSection":["Versteigerung"],"inLanguage":"de"},{"@type":"WebPage","@id":"https:\/\/www.das-autopfand.de\/blog\/mercedes-benz-200-kfz-versteigerung\/","url":"https:\/\/www.das-autopfand.de\/blog\/mercedes-benz-200-kfz-versteigerung\/","name":"Mercedes Benz B 200 CDI - Kfz-Versteigerung im Kfz-Pfandleihhaus","isPartOf":{"@id":"https:\/\/www.das-autopfand.de\/blog\/#website"},"primaryImageOfPage":{"@id":"https:\/\/www.das-autopfand.de\/blog\/mercedes-benz-200-kfz-versteigerung\/#primaryimage"},"image":{"@id":"https:\/\/www.das-autopfand.de\/blog\/mercedes-benz-200-kfz-versteigerung\/#primaryimage"},"thumbnailUrl":"https:\/\/www.das-autopfand.de\/blog\/uploads\/MB-200-CDI-21.jpg","datePublished":"2018-04-30T10:34:53+00:00","dateModified":"2025-03-02T14:08:21+00:00","author":{"@id":"https:\/\/www.das-autopfand.de\/blog\/#\/schema\/person\/ebe927f731619d837b8245d6f9c959b0"},"description":"Silberner Mercedes Benz B 200 CDI in der Kfz-Versteigerung bei dap - das Autopfand. Hier finden Sie weitere MB zu guten Preisen. \u2714 Jetzt ansehen!","inLanguage":"de","potentialAction":[{"@type":"ReadAction","target":["https:\/\/www.das-autopfand.de\/blog\/mercedes-benz-200-kfz-versteigerung\/"]}]},{"@type":"ImageObject","inLanguage":"de","@id":"https:\/\/www.das-autopfand.de\/blog\/mercedes-benz-200-kfz-versteigerung\/#primaryimage","url":"https:\/\/www.das-autopfand.de\/blog\/uploads\/MB-200-CDI-21.jpg","contentUrl":"https:\/\/www.das-autopfand.de\/blog\/uploads\/MB-200-CDI-21.jpg","width":800,"height":600},{"@type":"WebSite","@id":"https:\/\/www.das-autopfand.de\/blog\/#website","url":"https:\/\/www.das-autopfand.de\/blog\/","name":"","description":"News aus dem KFZ-Pfandleihhaus","potentialAction":[{"@type":"SearchAction","target":{"@type":"EntryPoint","urlTemplate":"https:\/\/www.das-autopfand.de\/blog\/?s={search_term_string}"},"query-input":{"@type":"PropertyValueSpecification","valueRequired":true,"valueName":"search_term_string"}}],"inLanguage":"de"},{"@type":"Person","@id":"https:\/\/www.das-autopfand.de\/blog\/#\/schema\/person\/ebe927f731619d837b8245d6f9c959b0","name":"Norman Ostgathe","description":"Seit 2007 betreibe ich das bundesweit t\u00e4tige Kfz-Pfandleihhaus dap - das Autopfand. Mit unseren Autopfandh\u00e4usern in Krefeld, Recklinghausen, Dortmund, Sinsheim, Frankfurt am Main, M\u00fcnchen und Wolfratshausen haben wir uns auf die unkomplizierte und schnelle L\u00f6sung finanzieller Probleme spezialisiert. Wir beleihen Ihr KFZ und Sie erhalten sofort Bargeld.","sameAs":["https:\/\/www.facebook.com\/dasautopfand","https:\/\/x.com\/https:\/\/twitter.com\/autopfand"],"url":"https:\/\/www.das-autopfand.de\/blog\/author\/dap\/"}]}},"_links":{"self":[{"href":"https:\/\/www.das-autopfand.de\/blog\/wp-json\/wp\/v2\/posts\/2046","targetHints":{"allow":["GET"]}}],"collection":[{"href":"https:\/\/www.das-autopfand.de\/blog\/wp-json\/wp\/v2\/posts"}],"about":[{"href":"https:\/\/www.das-autopfand.de\/blog\/wp-json\/wp\/v2\/types\/post"}],"author":[{"embeddable":true,"href":"https:\/\/www.das-autopfand.de\/blog\/wp-json\/wp\/v2\/users\/2"}],"replies":[{"embeddable":true,"href":"https:\/\/www.das-autopfand.de\/blog\/wp-json\/wp\/v2\/comments?post=2046"}],"version-history":[{"count":0,"href":"https:\/\/www.das-autopfand.de\/blog\/wp-json\/wp\/v2\/posts\/2046\/revisions"}],"wp:attachment":[{"href":"https:\/\/www.das-autopfand.de\/blog\/wp-json\/wp\/v2\/media?parent=2046"}],"wp:term":[{"taxonomy":"category","embeddable":true,"href":"https:\/\/www.das-autopfand.de\/blog\/wp-json\/wp\/v2\/categories?post=2046"},{"taxonomy":"post_tag","embeddable":true,"href":"https:\/\/www.das-autopfand.de\/blog\/wp-json\/wp\/v2\/tags?post=2046"}],"curies":[{"name":"wp","href":"https:\/\/api.w.org\/{rel}","templated":true}]}}