{"id":2457,"date":"2018-04-30T14:28:47","date_gmt":"2018-04-30T12:28:47","guid":{"rendered":"https:\/\/www.das-autopfand.de\/blog\/?p=2457"},"modified":"2025-03-02T16:08:21","modified_gmt":"2025-03-02T14:08:21","slug":"volvo-v70-kfz-versteigerung","status":"publish","type":"post","link":"https:\/\/www.das-autopfand.de\/blog\/volvo-v70-kfz-versteigerung\/","title":{"rendered":"Volvo V70 Bi-Fuel Summum &#8211; Kfz-Versteigerung am 12.05."},"content":{"rendered":"<p><img loading=\"lazy\" decoding=\"async\" class=\"alignnone size-full wp-image-3582\" src=\"https:\/\/www.das-autopfand.de\/blog\/uploads\/volvo-v70-rot-01.jpg\" alt=\"Volvo V70 in rot\" width=\"800\" height=\"600\" srcset=\"https:\/\/www.das-autopfand.de\/blog\/uploads\/volvo-v70-rot-01.jpg 800w, https:\/\/www.das-autopfand.de\/blog\/uploads\/volvo-v70-rot-01-768x576.jpg 768w\" sizes=\"auto, (max-width: 800px) 100vw, 800px\" \/><\/p>\n<p>Daten zum <strong>Volvo V70 Bi-Fuel Summum:<\/strong><\/p>\n<p><strong><span class=\"hinweis\">Der PKW wurde versteigert!<br \/>\n\u00bb \u00dcberblick \u00fcber die n\u00e4chste <a title=\"Kfz-Versteigerungen bei das Autopfand\" href=\"https:\/\/www.das-autopfand.de\/versteigerungen\/\">Kfz-Versteigerung im Kfz-Pfandleihhaus<\/a>.<\/span><\/strong><\/p>\n<p><!--more-->Typ: Volvo V 70 Kombi Bi-Fuel Summum &#8222;Erdgas + Benzin&#8220;<br \/>\nErstzulassung: 06\/2005<br \/>\nKilometerstand: 251.642 km<br \/>\nKraftstoff: Benzin<br \/>\nKW: 103 kW (140 PS)<br \/>\nAu\u00dfenfarbe: Rot<br \/>\nGetriebeart: Automatik<br \/>\nHubraum: 2.435 cm\u00b3<br \/>\nT\u00fcren: 5<br \/>\nVorbesitzer: 1<br \/>\nAusstattung: Dachreling, Einparkhilfe elektronisch, Innenausstattung: Softleder, Lenkrad mit Multifunktion, Raucher-Paket, Scheinwerfer-Reinigungsanlage (SRA), Seitenscheiben als Verbundglas, 3. Bremsleuchte, Airbag Beifahrerseite, Airbag Fahrerseite, Audio-Paket HU-850 RDS, Au\u00dfenausstattung: Chrom-Applikationen, Au\u00dfenspiegel elektr. anklappbar, Au\u00dfenspiegel elektr. verstell- und heizbar, beide, Au\u00dfentemperaturanzeige, Drehzahlmesser, Dynamische Fahrwerksregelung (DSTC), Fahrassistenz-System: Notbrems-Assistent, Fahrwerk dynamisch ausgelegt, Fensterheber elektrisch vorn + hinten, Gep\u00e4ckraum-Abtrennung (Netz), Gep\u00e4ckraumabdeckung \/ Rollo, Gurtstraffer, Handbremshebel Leder, Innenausstattung: Aluminium-Dekor, Innenspiegel mit Abblendautomatik, Karosserie: 5-t\u00fcrig, Klimaautomatik, Kopf-Airbag-System, Kopfst\u00fctzen hinten, Kopfst\u00fctzen hinten umklappbar, Lendenwirbelst\u00fctze vorn, Lenks\u00e4ule (Lenkrad) h\u00f6henverstellbar, LM-Felgen, Mittelarmlehne hinten, Mittelarmlehne vorn mit Getr\u00e4nkehalter, Motor 2,4 Ltr. &#8211; 103 kW, Reifen-Reparaturset, R\u00fccksitz geteilt, R\u00fccksitzlehnen klappbar, Schalt-\/W\u00e4hlhebelgriff Leder, Scheibenantenne, Scheibenwischer mit Regensensor, Schleudertrauma-Schutzsystem (WHIPS), Seitenairbag vorn, Seitenaufprallschutz, Seitenschutzleisten Wagenfarbe, Sitz vorn links elektr. verstellbar (mit Memory), Sitzheizung vorn, Sto\u00dff\u00e4nger Wagenfarbe, Textilfussmatten, Umr\u00fcstung auf Gasbetrieb (CNG), Verglasung get\u00f6nt<\/p>\n<table width=\"500\">\n<tbody>\n<tr>\n<td width=\"300\">Vorhandene Unterlagen:<\/td>\n<td width=\"100\">JA<\/td>\n<td width=\"100\">NEIN<\/td>\n<\/tr>\n<tr>\n<td width=\"300\">Fahrzeugschein<\/td>\n<td width=\"100\">X<\/td>\n<td width=\"100\"><\/td>\n<\/tr>\n<tr>\n<td width=\"300\">Fahrzeugbrief<\/td>\n<td width=\"100\">X<\/td>\n<td width=\"100\"><\/td>\n<\/tr>\n<tr>\n<td width=\"300\">Scheckheft<\/td>\n<td width=\"100\">X<\/td>\n<td width=\"100\"><\/td>\n<\/tr>\n<tr>\n<td width=\"300\">Gutachten<\/td>\n<td width=\"100\"><\/td>\n<td width=\"100\">\u00a0X<\/td>\n<\/tr>\n<tr>\n<td width=\"300\">T\u00dcV Bescheinigung<\/td>\n<td width=\"100\">04\/2020<\/td>\n<td width=\"100\"><\/td>\n<\/tr>\n<tr>\n<td width=\"300\">COC-Papiere<\/td>\n<td width=\"100\">X<\/td>\n<td width=\"100\"><\/td>\n<\/tr>\n<\/tbody>\n<\/table>\n<p>Alle Angaben ohne Gew\u00e4hr und laut Auskunft der Vorbesitzer. Wir versteigern im Namen und auf Rechnung der jeweiligen Eigent\u00fcmer.<\/p>\n<h2>Fotos des roten Volvo\u00a0V70<\/h2>\n<p><img loading=\"lazy\" decoding=\"async\" class=\"alignnone size-full wp-image-3581\" src=\"https:\/\/www.das-autopfand.de\/blog\/uploads\/volvo-v70-rot-02.jpg\" alt=\"\" width=\"800\" height=\"600\" srcset=\"https:\/\/www.das-autopfand.de\/blog\/uploads\/volvo-v70-rot-02.jpg 800w, https:\/\/www.das-autopfand.de\/blog\/uploads\/volvo-v70-rot-02-768x576.jpg 768w\" sizes=\"auto, (max-width: 800px) 100vw, 800px\" \/> <img loading=\"lazy\" decoding=\"async\" class=\"alignnone size-medium wp-image-3580\" src=\"https:\/\/www.das-autopfand.de\/blog\/uploads\/volvo-v70-rot-03.jpg\" alt=\"\" width=\"800\" height=\"600\" srcset=\"https:\/\/www.das-autopfand.de\/blog\/uploads\/volvo-v70-rot-03.jpg 800w, https:\/\/www.das-autopfand.de\/blog\/uploads\/volvo-v70-rot-03-768x576.jpg 768w\" sizes=\"auto, (max-width: 800px) 100vw, 800px\" \/> <img loading=\"lazy\" decoding=\"async\" class=\"alignnone size-medium wp-image-3579\" src=\"https:\/\/www.das-autopfand.de\/blog\/uploads\/volvo-v70-rot-04.jpg\" alt=\"\" width=\"800\" height=\"600\" srcset=\"https:\/\/www.das-autopfand.de\/blog\/uploads\/volvo-v70-rot-04.jpg 800w, https:\/\/www.das-autopfand.de\/blog\/uploads\/volvo-v70-rot-04-768x576.jpg 768w\" sizes=\"auto, (max-width: 800px) 100vw, 800px\" \/> <img loading=\"lazy\" decoding=\"async\" class=\"alignnone size-medium wp-image-3578\" src=\"https:\/\/www.das-autopfand.de\/blog\/uploads\/volvo-v70-rot-05.jpg\" alt=\"\" width=\"800\" height=\"600\" srcset=\"https:\/\/www.das-autopfand.de\/blog\/uploads\/volvo-v70-rot-05.jpg 800w, https:\/\/www.das-autopfand.de\/blog\/uploads\/volvo-v70-rot-05-768x576.jpg 768w\" sizes=\"auto, (max-width: 800px) 100vw, 800px\" \/> <img loading=\"lazy\" decoding=\"async\" class=\"alignnone size-medium wp-image-3577\" src=\"https:\/\/www.das-autopfand.de\/blog\/uploads\/volvo-v70-rot-06.jpg\" alt=\"\" width=\"800\" height=\"600\" srcset=\"https:\/\/www.das-autopfand.de\/blog\/uploads\/volvo-v70-rot-06.jpg 800w, https:\/\/www.das-autopfand.de\/blog\/uploads\/volvo-v70-rot-06-768x576.jpg 768w\" sizes=\"auto, (max-width: 800px) 100vw, 800px\" \/> <img loading=\"lazy\" decoding=\"async\" class=\"alignnone size-medium wp-image-3576\" src=\"https:\/\/www.das-autopfand.de\/blog\/uploads\/volvo-v70-rot-07.jpg\" alt=\"\" width=\"800\" height=\"600\" srcset=\"https:\/\/www.das-autopfand.de\/blog\/uploads\/volvo-v70-rot-07.jpg 800w, https:\/\/www.das-autopfand.de\/blog\/uploads\/volvo-v70-rot-07-768x576.jpg 768w\" sizes=\"auto, (max-width: 800px) 100vw, 800px\" \/> <img loading=\"lazy\" decoding=\"async\" class=\"alignnone size-medium wp-image-3575\" src=\"https:\/\/www.das-autopfand.de\/blog\/uploads\/volvo-v70-rot-08.jpg\" alt=\"\" width=\"800\" height=\"600\" srcset=\"https:\/\/www.das-autopfand.de\/blog\/uploads\/volvo-v70-rot-08.jpg 800w, https:\/\/www.das-autopfand.de\/blog\/uploads\/volvo-v70-rot-08-768x576.jpg 768w\" sizes=\"auto, (max-width: 800px) 100vw, 800px\" \/> <img loading=\"lazy\" decoding=\"async\" class=\"alignnone size-medium wp-image-3574\" src=\"https:\/\/www.das-autopfand.de\/blog\/uploads\/volvo-v70-rot-09.jpg\" alt=\"\" width=\"800\" height=\"600\" srcset=\"https:\/\/www.das-autopfand.de\/blog\/uploads\/volvo-v70-rot-09.jpg 800w, https:\/\/www.das-autopfand.de\/blog\/uploads\/volvo-v70-rot-09-768x576.jpg 768w\" sizes=\"auto, (max-width: 800px) 100vw, 800px\" \/> <img loading=\"lazy\" decoding=\"async\" class=\"alignnone size-medium wp-image-3573\" src=\"https:\/\/www.das-autopfand.de\/blog\/uploads\/volvo-v70-rot-10.jpg\" alt=\"\" width=\"450\" height=\"600\" \/> <img loading=\"lazy\" decoding=\"async\" class=\"alignnone size-medium wp-image-3572\" src=\"https:\/\/www.das-autopfand.de\/blog\/uploads\/volvo-v70-rot-11.jpg\" alt=\"\" width=\"800\" height=\"600\" srcset=\"https:\/\/www.das-autopfand.de\/blog\/uploads\/volvo-v70-rot-11.jpg 800w, https:\/\/www.das-autopfand.de\/blog\/uploads\/volvo-v70-rot-11-768x576.jpg 768w\" sizes=\"auto, (max-width: 800px) 100vw, 800px\" \/> <img loading=\"lazy\" decoding=\"async\" class=\"alignnone size-medium wp-image-3571\" src=\"https:\/\/www.das-autopfand.de\/blog\/uploads\/volvo-v70-rot-12.jpg\" alt=\"\" width=\"800\" height=\"600\" srcset=\"https:\/\/www.das-autopfand.de\/blog\/uploads\/volvo-v70-rot-12.jpg 800w, https:\/\/www.das-autopfand.de\/blog\/uploads\/volvo-v70-rot-12-768x576.jpg 768w\" sizes=\"auto, (max-width: 800px) 100vw, 800px\" \/> <img loading=\"lazy\" decoding=\"async\" class=\"alignnone size-medium wp-image-3570\" src=\"https:\/\/www.das-autopfand.de\/blog\/uploads\/volvo-v70-rot-13.jpg\" alt=\"\" width=\"800\" height=\"600\" srcset=\"https:\/\/www.das-autopfand.de\/blog\/uploads\/volvo-v70-rot-13.jpg 800w, https:\/\/www.das-autopfand.de\/blog\/uploads\/volvo-v70-rot-13-768x576.jpg 768w\" sizes=\"auto, (max-width: 800px) 100vw, 800px\" \/> <img loading=\"lazy\" decoding=\"async\" class=\"alignnone size-medium wp-image-3569\" src=\"https:\/\/www.das-autopfand.de\/blog\/uploads\/volvo-v70-rot-14.jpg\" alt=\"\" width=\"800\" height=\"600\" srcset=\"https:\/\/www.das-autopfand.de\/blog\/uploads\/volvo-v70-rot-14.jpg 800w, https:\/\/www.das-autopfand.de\/blog\/uploads\/volvo-v70-rot-14-768x576.jpg 768w\" sizes=\"auto, (max-width: 800px) 100vw, 800px\" \/> <img loading=\"lazy\" decoding=\"async\" class=\"alignnone size-full wp-image-3568\" src=\"https:\/\/www.das-autopfand.de\/blog\/uploads\/volvo-v70-rot-15.jpg\" alt=\"\" width=\"800\" height=\"600\" srcset=\"https:\/\/www.das-autopfand.de\/blog\/uploads\/volvo-v70-rot-15.jpg 800w, https:\/\/www.das-autopfand.de\/blog\/uploads\/volvo-v70-rot-15-768x576.jpg 768w\" sizes=\"auto, (max-width: 800px) 100vw, 800px\" \/><\/p>\n<h2>Fragen zum Volvo V 70 Kombi Bi-Fuel Summum<\/h2>\n<div class=\"g-col-5 right-aligned\"><\/div>\n<p>Haben Sie Fragen zum\u00a0Volvo V70 Kombi oder einem anderen angebotenen Kfz, dann treten Sie bitte mit uns in Kontakt. Bitte beachten Sie zuvor auch unsere <a title=\"H\u00e4ufige Fragen zur Versteigerung\" href=\"\/versteigerungen\/#faq\">FAQ zur Kfz-Versteigerung<\/a>. Hier finden Sie Antworten auf h\u00e4ufige Fragen!<\/p>\n<h2>Termin der Kfz-Versteigerung<\/h2>\n<p>Die <a title=\"Kfz-Versteigerungen bei das Autopfand\" href=\"\/versteigerungen\/\">Kfz-Versteigerung<\/a> findet am <strong>Samstag, den 12. Mai 2018<\/strong> im Kfz-Pfandleihhaus in Krefeld statt.<\/p>\n<p>M\u00f6chten Sie sich einfach und bequem \u00fcber die Termine der kommenden Kfz-Versteigerungen in unseren bundesweiten Pfandleihh\u00e4usern per Email informieren lassen, dann nutzen Sie unseren <a title=\"dap&lt;br \/&gt;&lt;br \/&gt;&lt;br \/&gt; Newsletter\" href=\"\/newsletter\/\">dap-Newsletter<\/a> oder <a title=\"https:\/\/twitter.com\/autopfand\" href=\"https:\/\/twitter.com\/autopfand\" rel=\"nofollow\">folgen Sie uns auf Twitter \u00bb<\/a><\/p>\n<p>&nbsp;<\/p>\n","protected":false},"excerpt":{"rendered":"<p>Daten zum Volvo V70 Bi-Fuel Summum: Der PKW wurde versteigert! \u00bb \u00dcberblick \u00fcber die n\u00e4chste Kfz-Versteigerung im Kfz-Pfandleihhaus.<\/p>\n","protected":false},"author":2,"featured_media":0,"comment_status":"closed","ping_status":"open","sticky":false,"template":"","format":"standard","meta":{"footnotes":""},"categories":[10],"tags":[],"class_list":["post-2457","post","type-post","status-publish","format-standard","hentry","category-versteigerung"],"yoast_head":"<!-- This site is optimized with the Yoast SEO plugin v26.9 - https:\/\/yoast.com\/product\/yoast-seo-wordpress\/ -->\n<title>Volvo V 70 Kombi Bi-Fuel Summum &quot;Erdgas + Benzin&quot; - Kfz-Versteigerung bei dap - das Autopfand<\/title>\n<meta name=\"description\" content=\"Volvo V 70 Kombi Bi-Fuel Summum &quot;Erdgas + Benzin&quot; in der Versteigerung im Kfz-Pfandhaus dap - das Autopfand. Hier finden Sie weitere Kombis zu guten Preisen. \u2714 Jetzt ansehen!\" \/>\n<meta name=\"robots\" content=\"index, follow, max-snippet:-1, max-image-preview:large, max-video-preview:-1\" \/>\n<link rel=\"canonical\" href=\"https:\/\/www.das-autopfand.de\/blog\/volvo-v70-kfz-versteigerung\/\" \/>\n<meta property=\"og:locale\" content=\"de_DE\" \/>\n<meta property=\"og:type\" content=\"article\" \/>\n<meta property=\"og:title\" content=\"Volvo V 70 Kombi Bi-Fuel Summum &quot;Erdgas + Benzin&quot; - Kfz-Versteigerung bei dap - das Autopfand\" \/>\n<meta property=\"og:description\" content=\"Volvo V 70 Kombi Bi-Fuel Summum &quot;Erdgas + Benzin&quot; in der Versteigerung im Kfz-Pfandhaus dap - das Autopfand. Hier finden Sie weitere Kombis zu guten Preisen. \u2714 Jetzt ansehen!\" \/>\n<meta property=\"og:url\" content=\"https:\/\/www.das-autopfand.de\/blog\/volvo-v70-kfz-versteigerung\/\" \/>\n<meta property=\"article:publisher\" content=\"https:\/\/www.facebook.com\/dasautopfand\" \/>\n<meta property=\"article:author\" content=\"https:\/\/www.facebook.com\/dasautopfand\" \/>\n<meta property=\"article:published_time\" content=\"2018-04-30T12:28:47+00:00\" \/>\n<meta property=\"article:modified_time\" content=\"2025-03-02T14:08:21+00:00\" \/>\n<meta property=\"og:image\" content=\"https:\/\/www.das-autopfand.de\/blog\/uploads\/volvo-v70-rot-01.jpg\" \/>\n\t<meta property=\"og:image:width\" content=\"800\" \/>\n\t<meta property=\"og:image:height\" content=\"600\" \/>\n\t<meta property=\"og:image:type\" content=\"image\/jpeg\" \/>\n<meta name=\"author\" content=\"Norman Ostgathe\" \/>\n<meta name=\"twitter:card\" content=\"summary_large_image\" \/>\n<meta name=\"twitter:creator\" content=\"@https:\/\/twitter.com\/autopfand\" \/>\n<meta name=\"twitter:site\" content=\"@autopfand\" \/>\n<meta name=\"twitter:label1\" content=\"Verfasst von\" \/>\n\t<meta name=\"twitter:data1\" content=\"Norman Ostgathe\" \/>\n\t<meta name=\"twitter:label2\" content=\"Gesch\u00e4tzte Lesezeit\" \/>\n\t<meta name=\"twitter:data2\" content=\"2\u00a0Minuten\" \/>\n<script type=\"application\/ld+json\" class=\"yoast-schema-graph\">{\"@context\":\"https:\/\/schema.org\",\"@graph\":[{\"@type\":\"Article\",\"@id\":\"https:\/\/www.das-autopfand.de\/blog\/volvo-v70-kfz-versteigerung\/#article\",\"isPartOf\":{\"@id\":\"https:\/\/www.das-autopfand.de\/blog\/volvo-v70-kfz-versteigerung\/\"},\"author\":{\"name\":\"Norman Ostgathe\",\"@id\":\"https:\/\/www.das-autopfand.de\/blog\/#\/schema\/person\/ebe927f731619d837b8245d6f9c959b0\"},\"headline\":\"Volvo V70 Bi-Fuel Summum &#8211; Kfz-Versteigerung am 12.05.\",\"datePublished\":\"2018-04-30T12:28:47+00:00\",\"dateModified\":\"2025-03-02T14:08:21+00:00\",\"mainEntityOfPage\":{\"@id\":\"https:\/\/www.das-autopfand.de\/blog\/volvo-v70-kfz-versteigerung\/\"},\"wordCount\":329,\"image\":{\"@id\":\"https:\/\/www.das-autopfand.de\/blog\/volvo-v70-kfz-versteigerung\/#primaryimage\"},\"thumbnailUrl\":\"https:\/\/www.das-autopfand.de\/blog\/uploads\/volvo-v70-rot-01.jpg\",\"articleSection\":[\"Versteigerung\"],\"inLanguage\":\"de\"},{\"@type\":\"WebPage\",\"@id\":\"https:\/\/www.das-autopfand.de\/blog\/volvo-v70-kfz-versteigerung\/\",\"url\":\"https:\/\/www.das-autopfand.de\/blog\/volvo-v70-kfz-versteigerung\/\",\"name\":\"Volvo V 70 Kombi Bi-Fuel Summum \\\"Erdgas + Benzin\\\" - Kfz-Versteigerung bei dap - das Autopfand\",\"isPartOf\":{\"@id\":\"https:\/\/www.das-autopfand.de\/blog\/#website\"},\"primaryImageOfPage\":{\"@id\":\"https:\/\/www.das-autopfand.de\/blog\/volvo-v70-kfz-versteigerung\/#primaryimage\"},\"image\":{\"@id\":\"https:\/\/www.das-autopfand.de\/blog\/volvo-v70-kfz-versteigerung\/#primaryimage\"},\"thumbnailUrl\":\"https:\/\/www.das-autopfand.de\/blog\/uploads\/volvo-v70-rot-01.jpg\",\"datePublished\":\"2018-04-30T12:28:47+00:00\",\"dateModified\":\"2025-03-02T14:08:21+00:00\",\"author\":{\"@id\":\"https:\/\/www.das-autopfand.de\/blog\/#\/schema\/person\/ebe927f731619d837b8245d6f9c959b0\"},\"description\":\"Volvo V 70 Kombi Bi-Fuel Summum \\\"Erdgas + Benzin\\\" in der Versteigerung im Kfz-Pfandhaus dap - das Autopfand. Hier finden Sie weitere Kombis zu guten Preisen. \u2714 Jetzt ansehen!\",\"inLanguage\":\"de\",\"potentialAction\":[{\"@type\":\"ReadAction\",\"target\":[\"https:\/\/www.das-autopfand.de\/blog\/volvo-v70-kfz-versteigerung\/\"]}]},{\"@type\":\"ImageObject\",\"inLanguage\":\"de\",\"@id\":\"https:\/\/www.das-autopfand.de\/blog\/volvo-v70-kfz-versteigerung\/#primaryimage\",\"url\":\"https:\/\/www.das-autopfand.de\/blog\/uploads\/volvo-v70-rot-01.jpg\",\"contentUrl\":\"https:\/\/www.das-autopfand.de\/blog\/uploads\/volvo-v70-rot-01.jpg\",\"width\":800,\"height\":600,\"caption\":\"Volvo V70 in rot\"},{\"@type\":\"WebSite\",\"@id\":\"https:\/\/www.das-autopfand.de\/blog\/#website\",\"url\":\"https:\/\/www.das-autopfand.de\/blog\/\",\"name\":\"\",\"description\":\"News aus dem KFZ-Pfandleihhaus\",\"potentialAction\":[{\"@type\":\"SearchAction\",\"target\":{\"@type\":\"EntryPoint\",\"urlTemplate\":\"https:\/\/www.das-autopfand.de\/blog\/?s={search_term_string}\"},\"query-input\":{\"@type\":\"PropertyValueSpecification\",\"valueRequired\":true,\"valueName\":\"search_term_string\"}}],\"inLanguage\":\"de\"},{\"@type\":\"Person\",\"@id\":\"https:\/\/www.das-autopfand.de\/blog\/#\/schema\/person\/ebe927f731619d837b8245d6f9c959b0\",\"name\":\"Norman Ostgathe\",\"description\":\"Seit 2007 betreibe ich das bundesweit t\u00e4tige Kfz-Pfandleihhaus dap - das Autopfand. Mit unseren Autopfandh\u00e4usern in Krefeld, Recklinghausen, Dortmund, Sinsheim, Frankfurt am Main, M\u00fcnchen und Wolfratshausen haben wir uns auf die unkomplizierte und schnelle L\u00f6sung finanzieller Probleme spezialisiert. Wir beleihen Ihr KFZ und Sie erhalten sofort Bargeld.\",\"sameAs\":[\"https:\/\/www.facebook.com\/dasautopfand\",\"https:\/\/x.com\/https:\/\/twitter.com\/autopfand\"],\"url\":\"https:\/\/www.das-autopfand.de\/blog\/author\/dap\/\"}]}<\/script>\n<!-- \/ Yoast SEO plugin. -->","yoast_head_json":{"title":"Volvo V 70 Kombi Bi-Fuel Summum \"Erdgas + Benzin\" - Kfz-Versteigerung bei dap - das Autopfand","description":"Volvo V 70 Kombi Bi-Fuel Summum \"Erdgas + Benzin\" in der Versteigerung im Kfz-Pfandhaus dap - das Autopfand. Hier finden Sie weitere Kombis zu guten Preisen. \u2714 Jetzt ansehen!","robots":{"index":"index","follow":"follow","max-snippet":"max-snippet:-1","max-image-preview":"max-image-preview:large","max-video-preview":"max-video-preview:-1"},"canonical":"https:\/\/www.das-autopfand.de\/blog\/volvo-v70-kfz-versteigerung\/","og_locale":"de_DE","og_type":"article","og_title":"Volvo V 70 Kombi Bi-Fuel Summum \"Erdgas + Benzin\" - Kfz-Versteigerung bei dap - das Autopfand","og_description":"Volvo V 70 Kombi Bi-Fuel Summum \"Erdgas + Benzin\" in der Versteigerung im Kfz-Pfandhaus dap - das Autopfand. Hier finden Sie weitere Kombis zu guten Preisen. \u2714 Jetzt ansehen!","og_url":"https:\/\/www.das-autopfand.de\/blog\/volvo-v70-kfz-versteigerung\/","article_publisher":"https:\/\/www.facebook.com\/dasautopfand","article_author":"https:\/\/www.facebook.com\/dasautopfand","article_published_time":"2018-04-30T12:28:47+00:00","article_modified_time":"2025-03-02T14:08:21+00:00","og_image":[{"width":800,"height":600,"url":"https:\/\/www.das-autopfand.de\/blog\/uploads\/volvo-v70-rot-01.jpg","type":"image\/jpeg"}],"author":"Norman Ostgathe","twitter_card":"summary_large_image","twitter_creator":"@https:\/\/twitter.com\/autopfand","twitter_site":"@autopfand","twitter_misc":{"Verfasst von":"Norman Ostgathe","Gesch\u00e4tzte Lesezeit":"2\u00a0Minuten"},"schema":{"@context":"https:\/\/schema.org","@graph":[{"@type":"Article","@id":"https:\/\/www.das-autopfand.de\/blog\/volvo-v70-kfz-versteigerung\/#article","isPartOf":{"@id":"https:\/\/www.das-autopfand.de\/blog\/volvo-v70-kfz-versteigerung\/"},"author":{"name":"Norman Ostgathe","@id":"https:\/\/www.das-autopfand.de\/blog\/#\/schema\/person\/ebe927f731619d837b8245d6f9c959b0"},"headline":"Volvo V70 Bi-Fuel Summum &#8211; Kfz-Versteigerung am 12.05.","datePublished":"2018-04-30T12:28:47+00:00","dateModified":"2025-03-02T14:08:21+00:00","mainEntityOfPage":{"@id":"https:\/\/www.das-autopfand.de\/blog\/volvo-v70-kfz-versteigerung\/"},"wordCount":329,"image":{"@id":"https:\/\/www.das-autopfand.de\/blog\/volvo-v70-kfz-versteigerung\/#primaryimage"},"thumbnailUrl":"https:\/\/www.das-autopfand.de\/blog\/uploads\/volvo-v70-rot-01.jpg","articleSection":["Versteigerung"],"inLanguage":"de"},{"@type":"WebPage","@id":"https:\/\/www.das-autopfand.de\/blog\/volvo-v70-kfz-versteigerung\/","url":"https:\/\/www.das-autopfand.de\/blog\/volvo-v70-kfz-versteigerung\/","name":"Volvo V 70 Kombi Bi-Fuel Summum \"Erdgas + Benzin\" - Kfz-Versteigerung bei dap - das Autopfand","isPartOf":{"@id":"https:\/\/www.das-autopfand.de\/blog\/#website"},"primaryImageOfPage":{"@id":"https:\/\/www.das-autopfand.de\/blog\/volvo-v70-kfz-versteigerung\/#primaryimage"},"image":{"@id":"https:\/\/www.das-autopfand.de\/blog\/volvo-v70-kfz-versteigerung\/#primaryimage"},"thumbnailUrl":"https:\/\/www.das-autopfand.de\/blog\/uploads\/volvo-v70-rot-01.jpg","datePublished":"2018-04-30T12:28:47+00:00","dateModified":"2025-03-02T14:08:21+00:00","author":{"@id":"https:\/\/www.das-autopfand.de\/blog\/#\/schema\/person\/ebe927f731619d837b8245d6f9c959b0"},"description":"Volvo V 70 Kombi Bi-Fuel Summum \"Erdgas + Benzin\" in der Versteigerung im Kfz-Pfandhaus dap - das Autopfand. Hier finden Sie weitere Kombis zu guten Preisen. \u2714 Jetzt ansehen!","inLanguage":"de","potentialAction":[{"@type":"ReadAction","target":["https:\/\/www.das-autopfand.de\/blog\/volvo-v70-kfz-versteigerung\/"]}]},{"@type":"ImageObject","inLanguage":"de","@id":"https:\/\/www.das-autopfand.de\/blog\/volvo-v70-kfz-versteigerung\/#primaryimage","url":"https:\/\/www.das-autopfand.de\/blog\/uploads\/volvo-v70-rot-01.jpg","contentUrl":"https:\/\/www.das-autopfand.de\/blog\/uploads\/volvo-v70-rot-01.jpg","width":800,"height":600,"caption":"Volvo V70 in rot"},{"@type":"WebSite","@id":"https:\/\/www.das-autopfand.de\/blog\/#website","url":"https:\/\/www.das-autopfand.de\/blog\/","name":"","description":"News aus dem KFZ-Pfandleihhaus","potentialAction":[{"@type":"SearchAction","target":{"@type":"EntryPoint","urlTemplate":"https:\/\/www.das-autopfand.de\/blog\/?s={search_term_string}"},"query-input":{"@type":"PropertyValueSpecification","valueRequired":true,"valueName":"search_term_string"}}],"inLanguage":"de"},{"@type":"Person","@id":"https:\/\/www.das-autopfand.de\/blog\/#\/schema\/person\/ebe927f731619d837b8245d6f9c959b0","name":"Norman Ostgathe","description":"Seit 2007 betreibe ich das bundesweit t\u00e4tige Kfz-Pfandleihhaus dap - das Autopfand. Mit unseren Autopfandh\u00e4usern in Krefeld, Recklinghausen, Dortmund, Sinsheim, Frankfurt am Main, M\u00fcnchen und Wolfratshausen haben wir uns auf die unkomplizierte und schnelle L\u00f6sung finanzieller Probleme spezialisiert. Wir beleihen Ihr KFZ und Sie erhalten sofort Bargeld.","sameAs":["https:\/\/www.facebook.com\/dasautopfand","https:\/\/x.com\/https:\/\/twitter.com\/autopfand"],"url":"https:\/\/www.das-autopfand.de\/blog\/author\/dap\/"}]}},"_links":{"self":[{"href":"https:\/\/www.das-autopfand.de\/blog\/wp-json\/wp\/v2\/posts\/2457","targetHints":{"allow":["GET"]}}],"collection":[{"href":"https:\/\/www.das-autopfand.de\/blog\/wp-json\/wp\/v2\/posts"}],"about":[{"href":"https:\/\/www.das-autopfand.de\/blog\/wp-json\/wp\/v2\/types\/post"}],"author":[{"embeddable":true,"href":"https:\/\/www.das-autopfand.de\/blog\/wp-json\/wp\/v2\/users\/2"}],"replies":[{"embeddable":true,"href":"https:\/\/www.das-autopfand.de\/blog\/wp-json\/wp\/v2\/comments?post=2457"}],"version-history":[{"count":0,"href":"https:\/\/www.das-autopfand.de\/blog\/wp-json\/wp\/v2\/posts\/2457\/revisions"}],"wp:attachment":[{"href":"https:\/\/www.das-autopfand.de\/blog\/wp-json\/wp\/v2\/media?parent=2457"}],"wp:term":[{"taxonomy":"category","embeddable":true,"href":"https:\/\/www.das-autopfand.de\/blog\/wp-json\/wp\/v2\/categories?post=2457"},{"taxonomy":"post_tag","embeddable":true,"href":"https:\/\/www.das-autopfand.de\/blog\/wp-json\/wp\/v2\/tags?post=2457"}],"curies":[{"name":"wp","href":"https:\/\/api.w.org\/{rel}","templated":true}]}}