{"id":2551,"date":"2016-01-03T18:33:04","date_gmt":"2016-01-03T16:33:04","guid":{"rendered":"https:\/\/www.das-autopfand.de\/blog\/?p=2551"},"modified":"2025-03-02T16:08:22","modified_gmt":"2025-03-02T14:08:22","slug":"kofferanhaenger-krefeld-mieten-ab-1-euro","status":"publish","type":"post","link":"https:\/\/www.das-autopfand.de\/blog\/kofferanhaenger-krefeld-mieten-ab-1-euro\/","title":{"rendered":"Kofferanh\u00e4nger in Krefeld mieten &#8211; ab 1 Euro"},"content":{"rendered":"<figure id=\"attachment_2552\" aria-describedby=\"caption-attachment-2552\" style=\"width: 800px\" class=\"wp-caption alignnone\"><a href=\"https:\/\/www.das-autopfand.de\/blog\/uploads\/anhaenger-mieten-krefeld.jpg\"><img loading=\"lazy\" decoding=\"async\" class=\"wp-image-2552 size-full\" src=\"https:\/\/www.das-autopfand.de\/blog\/uploads\/anhaenger-mieten-krefeld.jpg\" alt=\"Kofferanhaenger mieten in krefeld\" width=\"800\" height=\"600\" \/><\/a><figcaption id=\"caption-attachment-2552\" class=\"wp-caption-text\">Unsere gelben Kofferanh\u00e4nger k\u00f6nnen ab 1 Euro gemietet werden.<\/figcaption><\/figure>\n<p>Unsere mit dap &#8211; das Autopfand\u00a0 folierten Kofferanh\u00e4nger k\u00f6nnen nun <strong>ab 1 Euro pro Tag<\/strong> gemietet werden. Rufen Sie uns bei Interesse kostenfrei unter <strong> 0800 000 5370<\/strong> an oder senden Sie uns eine Mail an <a title=\"info@das-autopfand.de\" href=\"mailto:info@das-autopfand.de\">info@das-autopfand.de<\/a>.<br \/>\n<!--more--><\/p>\n<h4>Daten der Anh\u00e4nger:<\/h4>\n<p>Typ Koffer\u00a0BMG130T Koffer<br \/>\nL\u00e4nge (A) in cm: 251<br \/>\nBreite (B) in cm: 132<br \/>\nH\u00f6he (C) in cm: 150<br \/>\nGesamth\u00f6he \u00fcber Boden: ca. 215<br \/>\nLadefl\u00e4che \u00fcber Boden: 57<br \/>\nGesamtl\u00e4nge in cm: 366<br \/>\nGesamtbreite in cm: 184<br \/>\nZul. Gesamtgewicht in kg:1300<br \/>\nLeergewicht in kg: 390<br \/>\nNutzlast in kg: 910<br \/>\nReifengr\u00f6\u00dfe: 14<br \/>\nBeleuchtung 12 Volt Stecker\u00a013 Polig &amp; Innenleuchte: ja<br \/>\nAuflaufgebremst &amp;\u00a0Handbremse: ja<\/p>\n<p><strong>Miete je Tag 1 Euro (Mindestmietdauer 30 Tage)<\/strong><br \/>\nAnh\u00e4nger ist mit Werbung foliert<br \/>\nFahrbar mit F\u00fchrerscheinklasse &#8222;B&#8220; wenn die Summe der Gesamtmasse von Zugfahrzeug und Anh\u00e4nger 3,5 t nicht \u00fcbersteigt.<\/p>\n<h4>Fahrwerk<\/h4>\n<ul>\n<li>T\u00dcV-gepr\u00fcfte Deichsel mit Kugelkupplung, St\u00fctzb\u00fcgel und Stahlfangseil<\/li>\n<li>spezielle Quertr\u00e4ger unter Ladeboden Stahl verzinkt<\/li>\n<li>Selbsttragender Rahmen verzinkt, viele\u00a0Bauteile sind verschraubt\u00a0leicht auszuwechseln<\/li>\n<li>Wartungsfreie, sto\u00dfged\u00e4mpfte ALKO Gummifederachse 80 km\/H mit gro\u00dfer Bereifung<\/li>\n<li>R Zugeinrichtung mit kurzem und leicht zu bedienenden Handremshebel<\/li>\n<li>Bremsseile VA von ALKO<\/li>\n<\/ul>\n<h4>Aufbau<\/h4>\n<ul>\n<li>abgerundete eloxierte Aluminium\u00a0Doppelsteg Profile und Eckpfosten<\/li>\n<li>Drehstangenverschlu\u00df aus Edelstahl \u00fcber beide T\u00fcren\u00a0abschlie\u00dfbar &#8211; 2 Schl\u00fcssel<\/li>\n<li>2 Stck. Handgriffe zum bequemen Man\u00f6vrieren<\/li>\n<li>wei\u00df, beschichteter Plywood-Aufbau<\/li>\n<li>hinten\u00a02 &#8211; Fl\u00fcgelt\u00fcren mit Einbruchschutz Aluscharnieren und T\u00fcrfeststellern rostfrei<\/li>\n<li>Stahlblech\u00a0Kotfl\u00fcgel\u00a0abgerundet mit Spritzschutzlappen<\/li>\n<li>Stabiler Siebdruckboden, rutschfest<\/li>\n<\/ul>\n<h4>Innenraum<\/h4>\n<ul>\n<li>Innenbeleuchtung<\/li>\n<li>Zurrb\u00fcgel am Ladefl\u00e4chenrand je 3 St\u00fcck\u00a0rechts &#8211; links<\/li>\n<\/ul>\n<p>&nbsp;<\/p>\n<p><!--more--><\/p>\n<p><!--more--><\/p>\n<p><!--more--><\/p>\n<p><!--more--><\/p>\n<p><!--more--><\/p>\n<p><!--more--><\/p>\n<p><!--more--><\/p>\n<p><!--more--><\/p>\n<p><!--more--><\/p>\n<p><!--more--><\/p>\n<p><!--more--><\/p>\n","protected":false},"excerpt":{"rendered":"<p>Unsere mit dap &#8211; das Autopfand\u00a0 folierten Kofferanh\u00e4nger k\u00f6nnen nun ab 1 Euro pro Tag gemietet werden. Rufen Sie uns bei Interesse kostenfrei unter 0800 000 5370 an oder senden Sie uns eine Mail an info@das-autopfand.de.<\/p>\n","protected":false},"author":2,"featured_media":0,"comment_status":"closed","ping_status":"open","sticky":false,"template":"","format":"standard","meta":{"footnotes":""},"categories":[3],"tags":[],"class_list":["post-2551","post","type-post","status-publish","format-standard","hentry","category-dap"],"yoast_head":"<!-- This site is optimized with the Yoast SEO plugin v26.9 - https:\/\/yoast.com\/product\/yoast-seo-wordpress\/ -->\n<title>Kofferanh\u00e4nger in Krefeld mieten - ab 1 Euro - das Autopfand<\/title>\n<meta name=\"description\" content=\"Mieten Sie unsere Kofferanh\u00e4nger (251x132x150 cm, zul. GG 1300 kg) ab 1 Euro in Krefeld. \u2713 Informieren Sie sich jetzt hier \u00fcber die Anh\u00e4nger.\" \/>\n<meta name=\"robots\" content=\"index, follow, max-snippet:-1, max-image-preview:large, max-video-preview:-1\" \/>\n<link rel=\"canonical\" href=\"https:\/\/www.das-autopfand.de\/blog\/kofferanhaenger-krefeld-mieten-ab-1-euro\/\" \/>\n<meta property=\"og:locale\" content=\"de_DE\" \/>\n<meta property=\"og:type\" content=\"article\" \/>\n<meta property=\"og:title\" content=\"Kofferanh\u00e4nger in Krefeld mieten - ab 1 Euro - das Autopfand\" \/>\n<meta property=\"og:description\" content=\"Mieten Sie unsere Kofferanh\u00e4nger (251x132x150 cm, zul. GG 1300 kg) ab 1 Euro in Krefeld. \u2713 Informieren Sie sich jetzt hier \u00fcber die Anh\u00e4nger.\" \/>\n<meta property=\"og:url\" content=\"https:\/\/www.das-autopfand.de\/blog\/kofferanhaenger-krefeld-mieten-ab-1-euro\/\" \/>\n<meta property=\"article:publisher\" content=\"https:\/\/www.facebook.com\/dasautopfand\" \/>\n<meta property=\"article:author\" content=\"https:\/\/www.facebook.com\/dasautopfand\" \/>\n<meta property=\"article:published_time\" content=\"2016-01-03T16:33:04+00:00\" \/>\n<meta property=\"article:modified_time\" content=\"2025-03-02T14:08:22+00:00\" \/>\n<meta property=\"og:image\" content=\"https:\/\/www.das-autopfand.de\/blog\/uploads\/anhaenger-mieten-krefeld.jpg\" \/>\n\t<meta property=\"og:image:width\" content=\"800\" \/>\n\t<meta property=\"og:image:height\" content=\"600\" \/>\n\t<meta property=\"og:image:type\" content=\"image\/jpeg\" \/>\n<meta name=\"author\" content=\"Norman Ostgathe\" \/>\n<meta name=\"twitter:card\" content=\"summary_large_image\" \/>\n<meta name=\"twitter:creator\" content=\"@https:\/\/twitter.com\/autopfand\" \/>\n<meta name=\"twitter:site\" content=\"@autopfand\" \/>\n<meta name=\"twitter:label1\" content=\"Verfasst von\" \/>\n\t<meta name=\"twitter:data1\" content=\"Norman Ostgathe\" \/>\n\t<meta name=\"twitter:label2\" content=\"Gesch\u00e4tzte Lesezeit\" \/>\n\t<meta name=\"twitter:data2\" content=\"1\u00a0Minute\" \/>\n<script type=\"application\/ld+json\" class=\"yoast-schema-graph\">{\"@context\":\"https:\/\/schema.org\",\"@graph\":[{\"@type\":\"Article\",\"@id\":\"https:\/\/www.das-autopfand.de\/blog\/kofferanhaenger-krefeld-mieten-ab-1-euro\/#article\",\"isPartOf\":{\"@id\":\"https:\/\/www.das-autopfand.de\/blog\/kofferanhaenger-krefeld-mieten-ab-1-euro\/\"},\"author\":{\"name\":\"Norman Ostgathe\",\"@id\":\"https:\/\/www.das-autopfand.de\/blog\/#\/schema\/person\/ebe927f731619d837b8245d6f9c959b0\"},\"headline\":\"Kofferanh\u00e4nger in Krefeld mieten &#8211; ab 1 Euro\",\"datePublished\":\"2016-01-03T16:33:04+00:00\",\"dateModified\":\"2025-03-02T14:08:22+00:00\",\"mainEntityOfPage\":{\"@id\":\"https:\/\/www.das-autopfand.de\/blog\/kofferanhaenger-krefeld-mieten-ab-1-euro\/\"},\"wordCount\":270,\"image\":{\"@id\":\"https:\/\/www.das-autopfand.de\/blog\/kofferanhaenger-krefeld-mieten-ab-1-euro\/#primaryimage\"},\"thumbnailUrl\":\"https:\/\/www.das-autopfand.de\/blog\/uploads\/anhaenger-mieten-krefeld.jpg\",\"articleSection\":[\"dap\"],\"inLanguage\":\"de\"},{\"@type\":\"WebPage\",\"@id\":\"https:\/\/www.das-autopfand.de\/blog\/kofferanhaenger-krefeld-mieten-ab-1-euro\/\",\"url\":\"https:\/\/www.das-autopfand.de\/blog\/kofferanhaenger-krefeld-mieten-ab-1-euro\/\",\"name\":\"Kofferanh\u00e4nger in Krefeld mieten - ab 1 Euro - das Autopfand\",\"isPartOf\":{\"@id\":\"https:\/\/www.das-autopfand.de\/blog\/#website\"},\"primaryImageOfPage\":{\"@id\":\"https:\/\/www.das-autopfand.de\/blog\/kofferanhaenger-krefeld-mieten-ab-1-euro\/#primaryimage\"},\"image\":{\"@id\":\"https:\/\/www.das-autopfand.de\/blog\/kofferanhaenger-krefeld-mieten-ab-1-euro\/#primaryimage\"},\"thumbnailUrl\":\"https:\/\/www.das-autopfand.de\/blog\/uploads\/anhaenger-mieten-krefeld.jpg\",\"datePublished\":\"2016-01-03T16:33:04+00:00\",\"dateModified\":\"2025-03-02T14:08:22+00:00\",\"author\":{\"@id\":\"https:\/\/www.das-autopfand.de\/blog\/#\/schema\/person\/ebe927f731619d837b8245d6f9c959b0\"},\"description\":\"Mieten Sie unsere Kofferanh\u00e4nger (251x132x150 cm, zul. GG 1300 kg) ab 1 Euro in Krefeld. \u2713 Informieren Sie sich jetzt hier \u00fcber die Anh\u00e4nger.\",\"inLanguage\":\"de\",\"potentialAction\":[{\"@type\":\"ReadAction\",\"target\":[\"https:\/\/www.das-autopfand.de\/blog\/kofferanhaenger-krefeld-mieten-ab-1-euro\/\"]}]},{\"@type\":\"ImageObject\",\"inLanguage\":\"de\",\"@id\":\"https:\/\/www.das-autopfand.de\/blog\/kofferanhaenger-krefeld-mieten-ab-1-euro\/#primaryimage\",\"url\":\"https:\/\/www.das-autopfand.de\/blog\/uploads\/anhaenger-mieten-krefeld.jpg\",\"contentUrl\":\"https:\/\/www.das-autopfand.de\/blog\/uploads\/anhaenger-mieten-krefeld.jpg\"},{\"@type\":\"WebSite\",\"@id\":\"https:\/\/www.das-autopfand.de\/blog\/#website\",\"url\":\"https:\/\/www.das-autopfand.de\/blog\/\",\"name\":\"\",\"description\":\"News aus dem KFZ-Pfandleihhaus\",\"potentialAction\":[{\"@type\":\"SearchAction\",\"target\":{\"@type\":\"EntryPoint\",\"urlTemplate\":\"https:\/\/www.das-autopfand.de\/blog\/?s={search_term_string}\"},\"query-input\":{\"@type\":\"PropertyValueSpecification\",\"valueRequired\":true,\"valueName\":\"search_term_string\"}}],\"inLanguage\":\"de\"},{\"@type\":\"Person\",\"@id\":\"https:\/\/www.das-autopfand.de\/blog\/#\/schema\/person\/ebe927f731619d837b8245d6f9c959b0\",\"name\":\"Norman Ostgathe\",\"description\":\"Seit 2007 betreibe ich das bundesweit t\u00e4tige Kfz-Pfandleihhaus dap - das Autopfand. Mit unseren Autopfandh\u00e4usern in Krefeld, Recklinghausen, Dortmund, Sinsheim, Frankfurt am Main, M\u00fcnchen und Wolfratshausen haben wir uns auf die unkomplizierte und schnelle L\u00f6sung finanzieller Probleme spezialisiert. Wir beleihen Ihr KFZ und Sie erhalten sofort Bargeld.\",\"sameAs\":[\"https:\/\/www.facebook.com\/dasautopfand\",\"https:\/\/x.com\/https:\/\/twitter.com\/autopfand\"],\"url\":\"https:\/\/www.das-autopfand.de\/blog\/author\/dap\/\"}]}<\/script>\n<!-- \/ Yoast SEO plugin. -->","yoast_head_json":{"title":"Kofferanh\u00e4nger in Krefeld mieten - ab 1 Euro - das Autopfand","description":"Mieten Sie unsere Kofferanh\u00e4nger (251x132x150 cm, zul. GG 1300 kg) ab 1 Euro in Krefeld. \u2713 Informieren Sie sich jetzt hier \u00fcber die Anh\u00e4nger.","robots":{"index":"index","follow":"follow","max-snippet":"max-snippet:-1","max-image-preview":"max-image-preview:large","max-video-preview":"max-video-preview:-1"},"canonical":"https:\/\/www.das-autopfand.de\/blog\/kofferanhaenger-krefeld-mieten-ab-1-euro\/","og_locale":"de_DE","og_type":"article","og_title":"Kofferanh\u00e4nger in Krefeld mieten - ab 1 Euro - das Autopfand","og_description":"Mieten Sie unsere Kofferanh\u00e4nger (251x132x150 cm, zul. GG 1300 kg) ab 1 Euro in Krefeld. \u2713 Informieren Sie sich jetzt hier \u00fcber die Anh\u00e4nger.","og_url":"https:\/\/www.das-autopfand.de\/blog\/kofferanhaenger-krefeld-mieten-ab-1-euro\/","article_publisher":"https:\/\/www.facebook.com\/dasautopfand","article_author":"https:\/\/www.facebook.com\/dasautopfand","article_published_time":"2016-01-03T16:33:04+00:00","article_modified_time":"2025-03-02T14:08:22+00:00","og_image":[{"width":800,"height":600,"url":"https:\/\/www.das-autopfand.de\/blog\/uploads\/anhaenger-mieten-krefeld.jpg","type":"image\/jpeg"}],"author":"Norman Ostgathe","twitter_card":"summary_large_image","twitter_creator":"@https:\/\/twitter.com\/autopfand","twitter_site":"@autopfand","twitter_misc":{"Verfasst von":"Norman Ostgathe","Gesch\u00e4tzte Lesezeit":"1\u00a0Minute"},"schema":{"@context":"https:\/\/schema.org","@graph":[{"@type":"Article","@id":"https:\/\/www.das-autopfand.de\/blog\/kofferanhaenger-krefeld-mieten-ab-1-euro\/#article","isPartOf":{"@id":"https:\/\/www.das-autopfand.de\/blog\/kofferanhaenger-krefeld-mieten-ab-1-euro\/"},"author":{"name":"Norman Ostgathe","@id":"https:\/\/www.das-autopfand.de\/blog\/#\/schema\/person\/ebe927f731619d837b8245d6f9c959b0"},"headline":"Kofferanh\u00e4nger in Krefeld mieten &#8211; ab 1 Euro","datePublished":"2016-01-03T16:33:04+00:00","dateModified":"2025-03-02T14:08:22+00:00","mainEntityOfPage":{"@id":"https:\/\/www.das-autopfand.de\/blog\/kofferanhaenger-krefeld-mieten-ab-1-euro\/"},"wordCount":270,"image":{"@id":"https:\/\/www.das-autopfand.de\/blog\/kofferanhaenger-krefeld-mieten-ab-1-euro\/#primaryimage"},"thumbnailUrl":"https:\/\/www.das-autopfand.de\/blog\/uploads\/anhaenger-mieten-krefeld.jpg","articleSection":["dap"],"inLanguage":"de"},{"@type":"WebPage","@id":"https:\/\/www.das-autopfand.de\/blog\/kofferanhaenger-krefeld-mieten-ab-1-euro\/","url":"https:\/\/www.das-autopfand.de\/blog\/kofferanhaenger-krefeld-mieten-ab-1-euro\/","name":"Kofferanh\u00e4nger in Krefeld mieten - ab 1 Euro - das Autopfand","isPartOf":{"@id":"https:\/\/www.das-autopfand.de\/blog\/#website"},"primaryImageOfPage":{"@id":"https:\/\/www.das-autopfand.de\/blog\/kofferanhaenger-krefeld-mieten-ab-1-euro\/#primaryimage"},"image":{"@id":"https:\/\/www.das-autopfand.de\/blog\/kofferanhaenger-krefeld-mieten-ab-1-euro\/#primaryimage"},"thumbnailUrl":"https:\/\/www.das-autopfand.de\/blog\/uploads\/anhaenger-mieten-krefeld.jpg","datePublished":"2016-01-03T16:33:04+00:00","dateModified":"2025-03-02T14:08:22+00:00","author":{"@id":"https:\/\/www.das-autopfand.de\/blog\/#\/schema\/person\/ebe927f731619d837b8245d6f9c959b0"},"description":"Mieten Sie unsere Kofferanh\u00e4nger (251x132x150 cm, zul. GG 1300 kg) ab 1 Euro in Krefeld. \u2713 Informieren Sie sich jetzt hier \u00fcber die Anh\u00e4nger.","inLanguage":"de","potentialAction":[{"@type":"ReadAction","target":["https:\/\/www.das-autopfand.de\/blog\/kofferanhaenger-krefeld-mieten-ab-1-euro\/"]}]},{"@type":"ImageObject","inLanguage":"de","@id":"https:\/\/www.das-autopfand.de\/blog\/kofferanhaenger-krefeld-mieten-ab-1-euro\/#primaryimage","url":"https:\/\/www.das-autopfand.de\/blog\/uploads\/anhaenger-mieten-krefeld.jpg","contentUrl":"https:\/\/www.das-autopfand.de\/blog\/uploads\/anhaenger-mieten-krefeld.jpg"},{"@type":"WebSite","@id":"https:\/\/www.das-autopfand.de\/blog\/#website","url":"https:\/\/www.das-autopfand.de\/blog\/","name":"","description":"News aus dem KFZ-Pfandleihhaus","potentialAction":[{"@type":"SearchAction","target":{"@type":"EntryPoint","urlTemplate":"https:\/\/www.das-autopfand.de\/blog\/?s={search_term_string}"},"query-input":{"@type":"PropertyValueSpecification","valueRequired":true,"valueName":"search_term_string"}}],"inLanguage":"de"},{"@type":"Person","@id":"https:\/\/www.das-autopfand.de\/blog\/#\/schema\/person\/ebe927f731619d837b8245d6f9c959b0","name":"Norman Ostgathe","description":"Seit 2007 betreibe ich das bundesweit t\u00e4tige Kfz-Pfandleihhaus dap - das Autopfand. Mit unseren Autopfandh\u00e4usern in Krefeld, Recklinghausen, Dortmund, Sinsheim, Frankfurt am Main, M\u00fcnchen und Wolfratshausen haben wir uns auf die unkomplizierte und schnelle L\u00f6sung finanzieller Probleme spezialisiert. Wir beleihen Ihr KFZ und Sie erhalten sofort Bargeld.","sameAs":["https:\/\/www.facebook.com\/dasautopfand","https:\/\/x.com\/https:\/\/twitter.com\/autopfand"],"url":"https:\/\/www.das-autopfand.de\/blog\/author\/dap\/"}]}},"_links":{"self":[{"href":"https:\/\/www.das-autopfand.de\/blog\/wp-json\/wp\/v2\/posts\/2551","targetHints":{"allow":["GET"]}}],"collection":[{"href":"https:\/\/www.das-autopfand.de\/blog\/wp-json\/wp\/v2\/posts"}],"about":[{"href":"https:\/\/www.das-autopfand.de\/blog\/wp-json\/wp\/v2\/types\/post"}],"author":[{"embeddable":true,"href":"https:\/\/www.das-autopfand.de\/blog\/wp-json\/wp\/v2\/users\/2"}],"replies":[{"embeddable":true,"href":"https:\/\/www.das-autopfand.de\/blog\/wp-json\/wp\/v2\/comments?post=2551"}],"version-history":[{"count":0,"href":"https:\/\/www.das-autopfand.de\/blog\/wp-json\/wp\/v2\/posts\/2551\/revisions"}],"wp:attachment":[{"href":"https:\/\/www.das-autopfand.de\/blog\/wp-json\/wp\/v2\/media?parent=2551"}],"wp:term":[{"taxonomy":"category","embeddable":true,"href":"https:\/\/www.das-autopfand.de\/blog\/wp-json\/wp\/v2\/categories?post=2551"},{"taxonomy":"post_tag","embeddable":true,"href":"https:\/\/www.das-autopfand.de\/blog\/wp-json\/wp\/v2\/tags?post=2551"}],"curies":[{"name":"wp","href":"https:\/\/api.w.org\/{rel}","templated":true}]}}