{"id":2908,"date":"2018-04-29T09:43:45","date_gmt":"2018-04-29T07:43:45","guid":{"rendered":"https:\/\/www.das-autopfand.de\/blog\/?p=2908"},"modified":"2025-03-02T16:08:21","modified_gmt":"2025-03-02T14:08:21","slug":"audi-a6-kfz-versteigerung","status":"publish","type":"post","link":"https:\/\/www.das-autopfand.de\/blog\/audi-a6-kfz-versteigerung\/","title":{"rendered":"Audi S6 4.2 quattro \u2013 Kfz-Versteigerung am 12.05."},"content":{"rendered":"<p><img loading=\"lazy\" decoding=\"async\" class=\"alignnone size-full wp-image-3398\" src=\"https:\/\/www.das-autopfand.de\/blog\/uploads\/audi-s6-versteigerung.jpg\" alt=\"\" width=\"600\" height=\"450\" \/><\/p>\n<p>Daten zum <strong>Audi S6 4.2<\/strong>:<\/p>\n<p><span class=\"hinweis\"><strong>Der PKW wurde versteigert!<br \/>\n\u00bb \u00dcberblick \u00fcber die n\u00e4chste <a title=\"Kfz-Versteigerungen bei das Autopfand\" href=\"https:\/\/www.das-autopfand.de\/versteigerungen\/\">Kfz-Versteigerung im Kfz-Pfandleihhaus<\/a>.<\/strong><\/span><\/p>\n<p><!--more-->Typ: Audi S6 4.2 quattro Kombi \/ Avant<br \/>\nErstzulassung: 30.06.2000<br \/>\nKm-Stand: 281.023<br \/>\nKraftstoff: Superbenzin<br \/>\nKW: 250 ( 340 PS )<br \/>\nAu\u00dfenfarbe: Schwarz<br \/>\nGetriebeart: Automatik<br \/>\nHubraum: 4172<br \/>\nT\u00fcren: 5<br \/>\nVorbesitzer: 2<br \/>\nFahrzeugausstattung:\u00a0 3. Bremsleuchte \/ Airbag Fahrer-\/Beifahrerseite \/ Anti-Blockier-System (ABS) \/ Antriebs-Schlupfregelung (ASR) \/ Antriebsart: Allradantrieb permanent \/ Au\u00dfenspiegel Aluminium \/ Chromfarben \/ Au\u00dfenspiegel asph\u00e4risch, links \/ Au\u00dfenspiegel elektr. verstell- und heizbar, beide \/ Au\u00dfenspiegel konvex, rechts \/ Au\u00dfentemperaturanzeige \/ Dachreling \/ Diebstahl-Warnanlage \/ Durchladeeinrichtung (Mittelarmlehne hinten) \/ Elektron. Differentialsperre (EDS) \/ Elektron. Stabilit\u00e4ts-Programm (ESP) \/ Fahrer-Informations-System (FIS) \/ Fensterheber elektrisch vorn hinten \/ Heckscheibe heizbar \/ Heckscheibenwischer \/ Karosserie: 4-t\u00fcrig \/ Klimaautomatik \/ Kopf-Airbag-System (Sideguard) \/ Lendenwirbelst\u00fctzen vorn, elektr. verstellbar \/ LM-Felgen \/ Mittelarmlehne vorn \/ Motor 4,2 Ltr. &#8211; 250 kW V8 40V \/ Nebelscheinwerfer integriert \/ Nebelschlussleuchte integriert \/ Reserverad Fahrbereifung \/ R\u00fccksitzlehne geteilt\/klappbar \/ Scheibenwaschd\u00fcsen heizbar \/ Scheinwerfer-Reinigungsanlage (SRA) \/ Seitenairbag vorn \/ Seitenschutzleisten Wagenfarbe \/ Servolenkung \/ Sitze vorn elektr. verstellbar \/ Sitzheizung vorn \/ Sportsitze Recaro vorn und hinten \/ Wegfahrsperre (elektronisch) \/ W\u00e4rmeschutzverglasung gr\u00fcn get\u00f6nt \/ Xenon-Scheinwerfer \/ Zentralverriegelung mit Fernbedienung \/ V Audiosystem Concert (Radio\/Cassette) inkl. Sound-System BOSE \/ V CD-Wechsler im Gep\u00e4ckraum \/ V Einparkhilfe vorn und hinten (APS) \/ V Getriebe Automatik &#8211; Tiptronic (5-Stufen) \/ V Innenspiegel mit Abblendautomatik \/ V Perleffekt-Lackierung \/ V Schiebe-\/Hebedach elektr. (Glas) mit Vorwahlautomatik \/ V Seitenairbag hinten \/ V W Innenausstattung: Dekoreinlagen Nussbaumwurzel hochgl\u00e4nzend<\/p>\n<p>Alle Angaben ohne Gew\u00e4hr und laut Auskunft der Vorbesitzer. Wir versteigern im Namen und auf Rechnung der jeweiligen Eigent\u00fcmer.<\/p>\n<table width=\"500\">\n<tbody>\n<tr>\n<td width=\"300\">Vorhandene Unterlagen:<\/td>\n<td width=\"100\">JA<\/td>\n<td width=\"100\">NEIN<\/td>\n<\/tr>\n<tr>\n<td width=\"300\">Fahrzeugschein<\/td>\n<td width=\"100\"><\/td>\n<td width=\"100\">\u00a0X<\/td>\n<\/tr>\n<tr>\n<td width=\"300\">Fahrzeugbrief<\/td>\n<td width=\"100\">X<\/td>\n<td width=\"100\"><\/td>\n<\/tr>\n<tr>\n<td width=\"300\">Scheckheft<\/td>\n<td width=\"100\"><\/td>\n<td width=\"100\">X<\/td>\n<\/tr>\n<tr>\n<td width=\"300\">Gutachten<\/td>\n<td width=\"100\"><\/td>\n<td width=\"100\">X<\/td>\n<\/tr>\n<tr>\n<td width=\"300\">T\u00dcV Bescheinigung<\/td>\n<td width=\"100\"><\/td>\n<td width=\"100\"><\/td>\n<\/tr>\n<tr>\n<td width=\"300\">COC-Papiere<\/td>\n<td width=\"100\"><\/td>\n<td width=\"100\">\u00a0X<\/td>\n<\/tr>\n<\/tbody>\n<\/table>\n<h2>Weitere Fotos vom Audi S6 4.2 quattro Kombi<\/h2>\n<p><img loading=\"lazy\" decoding=\"async\" class=\"alignnone size-full wp-image-3399\" src=\"https:\/\/www.das-autopfand.de\/blog\/uploads\/audi-s6-heck.jpg\" alt=\"\" width=\"600\" height=\"450\" \/><img loading=\"lazy\" decoding=\"async\" class=\"alignnone size-medium wp-image-3403\" src=\"https:\/\/www.das-autopfand.de\/blog\/uploads\/IMG_0341.jpg\" alt=\"\" width=\"2016\" height=\"1512\" srcset=\"https:\/\/www.das-autopfand.de\/blog\/uploads\/IMG_0341.jpg 2016w, https:\/\/www.das-autopfand.de\/blog\/uploads\/IMG_0341-768x576.jpg 768w\" sizes=\"auto, (max-width: 2016px) 100vw, 2016px\" \/><img loading=\"lazy\" decoding=\"async\" class=\"alignnone size-full wp-image-3400\" src=\"https:\/\/www.das-autopfand.de\/blog\/uploads\/IMG_0338.jpg\" alt=\"\" width=\"2016\" height=\"1512\" srcset=\"https:\/\/www.das-autopfand.de\/blog\/uploads\/IMG_0338.jpg 2016w, https:\/\/www.das-autopfand.de\/blog\/uploads\/IMG_0338-768x576.jpg 768w\" sizes=\"auto, (max-width: 2016px) 100vw, 2016px\" \/> <img loading=\"lazy\" decoding=\"async\" class=\"alignnone size-medium wp-image-3401\" src=\"https:\/\/www.das-autopfand.de\/blog\/uploads\/IMG_0339.jpg\" alt=\"\" width=\"2016\" height=\"1512\" srcset=\"https:\/\/www.das-autopfand.de\/blog\/uploads\/IMG_0339.jpg 2016w, https:\/\/www.das-autopfand.de\/blog\/uploads\/IMG_0339-768x576.jpg 768w\" sizes=\"auto, (max-width: 2016px) 100vw, 2016px\" \/> <img loading=\"lazy\" decoding=\"async\" class=\"alignnone size-medium wp-image-3402\" src=\"https:\/\/www.das-autopfand.de\/blog\/uploads\/IMG_0340.jpg\" alt=\"\" width=\"2016\" height=\"1512\" srcset=\"https:\/\/www.das-autopfand.de\/blog\/uploads\/IMG_0340.jpg 2016w, https:\/\/www.das-autopfand.de\/blog\/uploads\/IMG_0340-768x576.jpg 768w\" sizes=\"auto, (max-width: 2016px) 100vw, 2016px\" \/>\u00a0 <img loading=\"lazy\" decoding=\"async\" class=\"alignnone size-medium wp-image-3404\" src=\"https:\/\/www.das-autopfand.de\/blog\/uploads\/IMG_0342.jpg\" alt=\"\" width=\"2016\" height=\"1512\" srcset=\"https:\/\/www.das-autopfand.de\/blog\/uploads\/IMG_0342.jpg 2016w, https:\/\/www.das-autopfand.de\/blog\/uploads\/IMG_0342-768x576.jpg 768w\" sizes=\"auto, (max-width: 2016px) 100vw, 2016px\" \/> <img loading=\"lazy\" decoding=\"async\" class=\"alignnone size-medium wp-image-3405\" src=\"https:\/\/www.das-autopfand.de\/blog\/uploads\/IMG_0343.jpg\" alt=\"\" width=\"2016\" height=\"1512\" srcset=\"https:\/\/www.das-autopfand.de\/blog\/uploads\/IMG_0343.jpg 2016w, https:\/\/www.das-autopfand.de\/blog\/uploads\/IMG_0343-768x576.jpg 768w\" sizes=\"auto, (max-width: 2016px) 100vw, 2016px\" \/> <img loading=\"lazy\" decoding=\"async\" class=\"alignnone size-medium wp-image-3406\" src=\"https:\/\/www.das-autopfand.de\/blog\/uploads\/IMG_0345.jpg\" alt=\"\" width=\"2016\" height=\"1512\" srcset=\"https:\/\/www.das-autopfand.de\/blog\/uploads\/IMG_0345.jpg 2016w, https:\/\/www.das-autopfand.de\/blog\/uploads\/IMG_0345-768x576.jpg 768w\" sizes=\"auto, (max-width: 2016px) 100vw, 2016px\" \/> <img loading=\"lazy\" decoding=\"async\" class=\"alignnone size-medium wp-image-3407\" src=\"https:\/\/www.das-autopfand.de\/blog\/uploads\/IMG_0346.jpg\" alt=\"\" width=\"2016\" height=\"1512\" srcset=\"https:\/\/www.das-autopfand.de\/blog\/uploads\/IMG_0346.jpg 2016w, https:\/\/www.das-autopfand.de\/blog\/uploads\/IMG_0346-768x576.jpg 768w\" sizes=\"auto, (max-width: 2016px) 100vw, 2016px\" \/> <img loading=\"lazy\" decoding=\"async\" class=\"alignnone size-medium wp-image-3408\" src=\"https:\/\/www.das-autopfand.de\/blog\/uploads\/IMG_0348.jpg\" alt=\"\" width=\"2016\" height=\"1512\" srcset=\"https:\/\/www.das-autopfand.de\/blog\/uploads\/IMG_0348.jpg 2016w, https:\/\/www.das-autopfand.de\/blog\/uploads\/IMG_0348-768x576.jpg 768w\" sizes=\"auto, (max-width: 2016px) 100vw, 2016px\" \/> <img loading=\"lazy\" decoding=\"async\" class=\"alignnone size-medium wp-image-3409\" src=\"https:\/\/www.das-autopfand.de\/blog\/uploads\/IMG_0334.jpg\" alt=\"\" width=\"2016\" height=\"1512\" srcset=\"https:\/\/www.das-autopfand.de\/blog\/uploads\/IMG_0334.jpg 2016w, https:\/\/www.das-autopfand.de\/blog\/uploads\/IMG_0334-768x576.jpg 768w\" sizes=\"auto, (max-width: 2016px) 100vw, 2016px\" \/><\/p>\n<h2>Fragen zum Audi S6 4.2 quattro Kombi<\/h2>\n<p>Haben Sie Fragen zum Audi quattro, dann treten Sie bitte mit uns in Kontakt. Bitte beachten Sie zuvor auch unsere <a title=\"H\u00e4ufige Fragen zur Versteigerung\" href=\"\/versteigerungen\/#faq\">FAQ zur Kfz-Versteigerung<\/a>. Hier finden Sie Antworten auf h\u00e4ufige Fragen!<\/p>\n<h2>Termin der Kfz-Versteigerung<\/h2>\n<p>Die <a title=\"Kfz-Versteigerungen bei das Autopfand\" href=\"\/versteigerungen\/\">Kfz-Versteigerung <\/a>findet am <strong>Samstag, den 12. Mai 2018<\/strong> im Kfz-Pfandleihhaus in Krefeld statt.<\/p>\n<p>M\u00f6chten Sie sich einfach und bequem \u00fcber die Termine der kommenden Kfz-Versteigerungen in unseren bundesweiten Pfandleihh\u00e4usern per Email informieren lassen, dann nutzen Sie unseren <a title=\"dap&lt;br \/&gt; Newsletter\" href=\"\/newsletter\/\">dap-Newsletter<\/a> oder <a title=\"https:\/\/twitter.com\/autopfand\" href=\"https:\/\/twitter.com\/autopfand\" rel=\"nofollow\">folgen Sie uns auf Twitter \u00bb<\/a><\/p>\n","protected":false},"excerpt":{"rendered":"<p>Daten zum Audi S6 4.2: Der PKW wurde versteigert! \u00bb \u00dcberblick \u00fcber die n\u00e4chste Kfz-Versteigerung im Kfz-Pfandleihhaus.<\/p>\n","protected":false},"author":2,"featured_media":0,"comment_status":"closed","ping_status":"open","sticky":false,"template":"","format":"standard","meta":{"footnotes":""},"categories":[10],"tags":[],"class_list":["post-2908","post","type-post","status-publish","format-standard","hentry","category-versteigerung"],"yoast_head":"<!-- This site is optimized with the Yoast SEO plugin v26.9 - https:\/\/yoast.com\/product\/yoast-seo-wordpress\/ -->\n<title>Audi S6 4.2 quattro Kombi - Kfz-Versteigerung im Kfz-Pfandhaus<\/title>\n<meta name=\"description\" content=\"Schwarzer Audi S6 4.2 quattro Kombi in der KFZ-Versteigerung im Pfandhaus. \u2714 Hier finden Sie g\u00fcnstige Autos in der KFZ-Auktion. \u2714 Jetzt informieren!\" \/>\n<meta name=\"robots\" content=\"index, follow, max-snippet:-1, max-image-preview:large, max-video-preview:-1\" \/>\n<link rel=\"canonical\" href=\"https:\/\/www.das-autopfand.de\/blog\/audi-a6-kfz-versteigerung\/\" \/>\n<meta property=\"og:locale\" content=\"de_DE\" \/>\n<meta property=\"og:type\" content=\"article\" \/>\n<meta property=\"og:title\" content=\"Audi S6 4.2 quattro Kombi - Kfz-Versteigerung im Kfz-Pfandhaus\" \/>\n<meta property=\"og:description\" content=\"Schwarzer Audi S6 4.2 quattro Kombi in der KFZ-Versteigerung im Pfandhaus. \u2714 Hier finden Sie g\u00fcnstige Autos in der KFZ-Auktion. \u2714 Jetzt informieren!\" \/>\n<meta property=\"og:url\" content=\"https:\/\/www.das-autopfand.de\/blog\/audi-a6-kfz-versteigerung\/\" \/>\n<meta property=\"article:publisher\" content=\"https:\/\/www.facebook.com\/dasautopfand\" \/>\n<meta property=\"article:author\" content=\"https:\/\/www.facebook.com\/dasautopfand\" \/>\n<meta property=\"article:published_time\" content=\"2018-04-29T07:43:45+00:00\" \/>\n<meta property=\"article:modified_time\" content=\"2025-03-02T14:08:21+00:00\" \/>\n<meta property=\"og:image\" content=\"https:\/\/www.das-autopfand.de\/blog\/uploads\/audi-s6-versteigerung.jpg\" \/>\n\t<meta property=\"og:image:width\" content=\"600\" \/>\n\t<meta property=\"og:image:height\" content=\"450\" \/>\n\t<meta property=\"og:image:type\" content=\"image\/jpeg\" \/>\n<meta name=\"author\" content=\"Norman Ostgathe\" \/>\n<meta name=\"twitter:card\" content=\"summary_large_image\" \/>\n<meta name=\"twitter:creator\" content=\"@https:\/\/twitter.com\/autopfand\" \/>\n<meta name=\"twitter:site\" content=\"@autopfand\" \/>\n<meta name=\"twitter:label1\" content=\"Verfasst von\" \/>\n\t<meta name=\"twitter:data1\" content=\"Norman Ostgathe\" \/>\n\t<meta name=\"twitter:label2\" content=\"Gesch\u00e4tzte Lesezeit\" \/>\n\t<meta name=\"twitter:data2\" content=\"2\u00a0Minuten\" \/>\n<script type=\"application\/ld+json\" class=\"yoast-schema-graph\">{\"@context\":\"https:\/\/schema.org\",\"@graph\":[{\"@type\":\"Article\",\"@id\":\"https:\/\/www.das-autopfand.de\/blog\/audi-a6-kfz-versteigerung\/#article\",\"isPartOf\":{\"@id\":\"https:\/\/www.das-autopfand.de\/blog\/audi-a6-kfz-versteigerung\/\"},\"author\":{\"name\":\"Norman Ostgathe\",\"@id\":\"https:\/\/www.das-autopfand.de\/blog\/#\/schema\/person\/ebe927f731619d837b8245d6f9c959b0\"},\"headline\":\"Audi S6 4.2 quattro \u2013 Kfz-Versteigerung am 12.05.\",\"datePublished\":\"2018-04-29T07:43:45+00:00\",\"dateModified\":\"2025-03-02T14:08:21+00:00\",\"mainEntityOfPage\":{\"@id\":\"https:\/\/www.das-autopfand.de\/blog\/audi-a6-kfz-versteigerung\/\"},\"wordCount\":338,\"image\":{\"@id\":\"https:\/\/www.das-autopfand.de\/blog\/audi-a6-kfz-versteigerung\/#primaryimage\"},\"thumbnailUrl\":\"https:\/\/www.das-autopfand.de\/blog\/uploads\/audi-s6-versteigerung.jpg\",\"articleSection\":[\"Versteigerung\"],\"inLanguage\":\"de\"},{\"@type\":\"WebPage\",\"@id\":\"https:\/\/www.das-autopfand.de\/blog\/audi-a6-kfz-versteigerung\/\",\"url\":\"https:\/\/www.das-autopfand.de\/blog\/audi-a6-kfz-versteigerung\/\",\"name\":\"Audi S6 4.2 quattro Kombi - Kfz-Versteigerung im Kfz-Pfandhaus\",\"isPartOf\":{\"@id\":\"https:\/\/www.das-autopfand.de\/blog\/#website\"},\"primaryImageOfPage\":{\"@id\":\"https:\/\/www.das-autopfand.de\/blog\/audi-a6-kfz-versteigerung\/#primaryimage\"},\"image\":{\"@id\":\"https:\/\/www.das-autopfand.de\/blog\/audi-a6-kfz-versteigerung\/#primaryimage\"},\"thumbnailUrl\":\"https:\/\/www.das-autopfand.de\/blog\/uploads\/audi-s6-versteigerung.jpg\",\"datePublished\":\"2018-04-29T07:43:45+00:00\",\"dateModified\":\"2025-03-02T14:08:21+00:00\",\"author\":{\"@id\":\"https:\/\/www.das-autopfand.de\/blog\/#\/schema\/person\/ebe927f731619d837b8245d6f9c959b0\"},\"description\":\"Schwarzer Audi S6 4.2 quattro Kombi in der KFZ-Versteigerung im Pfandhaus. \u2714 Hier finden Sie g\u00fcnstige Autos in der KFZ-Auktion. \u2714 Jetzt informieren!\",\"inLanguage\":\"de\",\"potentialAction\":[{\"@type\":\"ReadAction\",\"target\":[\"https:\/\/www.das-autopfand.de\/blog\/audi-a6-kfz-versteigerung\/\"]}]},{\"@type\":\"ImageObject\",\"inLanguage\":\"de\",\"@id\":\"https:\/\/www.das-autopfand.de\/blog\/audi-a6-kfz-versteigerung\/#primaryimage\",\"url\":\"https:\/\/www.das-autopfand.de\/blog\/uploads\/audi-s6-versteigerung.jpg\",\"contentUrl\":\"https:\/\/www.das-autopfand.de\/blog\/uploads\/audi-s6-versteigerung.jpg\",\"width\":600,\"height\":450},{\"@type\":\"WebSite\",\"@id\":\"https:\/\/www.das-autopfand.de\/blog\/#website\",\"url\":\"https:\/\/www.das-autopfand.de\/blog\/\",\"name\":\"\",\"description\":\"News aus dem KFZ-Pfandleihhaus\",\"potentialAction\":[{\"@type\":\"SearchAction\",\"target\":{\"@type\":\"EntryPoint\",\"urlTemplate\":\"https:\/\/www.das-autopfand.de\/blog\/?s={search_term_string}\"},\"query-input\":{\"@type\":\"PropertyValueSpecification\",\"valueRequired\":true,\"valueName\":\"search_term_string\"}}],\"inLanguage\":\"de\"},{\"@type\":\"Person\",\"@id\":\"https:\/\/www.das-autopfand.de\/blog\/#\/schema\/person\/ebe927f731619d837b8245d6f9c959b0\",\"name\":\"Norman Ostgathe\",\"description\":\"Seit 2007 betreibe ich das bundesweit t\u00e4tige Kfz-Pfandleihhaus dap - das Autopfand. Mit unseren Autopfandh\u00e4usern in Krefeld, Recklinghausen, Dortmund, Sinsheim, Frankfurt am Main, M\u00fcnchen und Wolfratshausen haben wir uns auf die unkomplizierte und schnelle L\u00f6sung finanzieller Probleme spezialisiert. Wir beleihen Ihr KFZ und Sie erhalten sofort Bargeld.\",\"sameAs\":[\"https:\/\/www.facebook.com\/dasautopfand\",\"https:\/\/x.com\/https:\/\/twitter.com\/autopfand\"],\"url\":\"https:\/\/www.das-autopfand.de\/blog\/author\/dap\/\"}]}<\/script>\n<!-- \/ Yoast SEO plugin. -->","yoast_head_json":{"title":"Audi S6 4.2 quattro Kombi - Kfz-Versteigerung im Kfz-Pfandhaus","description":"Schwarzer Audi S6 4.2 quattro Kombi in der KFZ-Versteigerung im Pfandhaus. \u2714 Hier finden Sie g\u00fcnstige Autos in der KFZ-Auktion. \u2714 Jetzt informieren!","robots":{"index":"index","follow":"follow","max-snippet":"max-snippet:-1","max-image-preview":"max-image-preview:large","max-video-preview":"max-video-preview:-1"},"canonical":"https:\/\/www.das-autopfand.de\/blog\/audi-a6-kfz-versteigerung\/","og_locale":"de_DE","og_type":"article","og_title":"Audi S6 4.2 quattro Kombi - Kfz-Versteigerung im Kfz-Pfandhaus","og_description":"Schwarzer Audi S6 4.2 quattro Kombi in der KFZ-Versteigerung im Pfandhaus. \u2714 Hier finden Sie g\u00fcnstige Autos in der KFZ-Auktion. \u2714 Jetzt informieren!","og_url":"https:\/\/www.das-autopfand.de\/blog\/audi-a6-kfz-versteigerung\/","article_publisher":"https:\/\/www.facebook.com\/dasautopfand","article_author":"https:\/\/www.facebook.com\/dasautopfand","article_published_time":"2018-04-29T07:43:45+00:00","article_modified_time":"2025-03-02T14:08:21+00:00","og_image":[{"width":600,"height":450,"url":"https:\/\/www.das-autopfand.de\/blog\/uploads\/audi-s6-versteigerung.jpg","type":"image\/jpeg"}],"author":"Norman Ostgathe","twitter_card":"summary_large_image","twitter_creator":"@https:\/\/twitter.com\/autopfand","twitter_site":"@autopfand","twitter_misc":{"Verfasst von":"Norman Ostgathe","Gesch\u00e4tzte Lesezeit":"2\u00a0Minuten"},"schema":{"@context":"https:\/\/schema.org","@graph":[{"@type":"Article","@id":"https:\/\/www.das-autopfand.de\/blog\/audi-a6-kfz-versteigerung\/#article","isPartOf":{"@id":"https:\/\/www.das-autopfand.de\/blog\/audi-a6-kfz-versteigerung\/"},"author":{"name":"Norman Ostgathe","@id":"https:\/\/www.das-autopfand.de\/blog\/#\/schema\/person\/ebe927f731619d837b8245d6f9c959b0"},"headline":"Audi S6 4.2 quattro \u2013 Kfz-Versteigerung am 12.05.","datePublished":"2018-04-29T07:43:45+00:00","dateModified":"2025-03-02T14:08:21+00:00","mainEntityOfPage":{"@id":"https:\/\/www.das-autopfand.de\/blog\/audi-a6-kfz-versteigerung\/"},"wordCount":338,"image":{"@id":"https:\/\/www.das-autopfand.de\/blog\/audi-a6-kfz-versteigerung\/#primaryimage"},"thumbnailUrl":"https:\/\/www.das-autopfand.de\/blog\/uploads\/audi-s6-versteigerung.jpg","articleSection":["Versteigerung"],"inLanguage":"de"},{"@type":"WebPage","@id":"https:\/\/www.das-autopfand.de\/blog\/audi-a6-kfz-versteigerung\/","url":"https:\/\/www.das-autopfand.de\/blog\/audi-a6-kfz-versteigerung\/","name":"Audi S6 4.2 quattro Kombi - Kfz-Versteigerung im Kfz-Pfandhaus","isPartOf":{"@id":"https:\/\/www.das-autopfand.de\/blog\/#website"},"primaryImageOfPage":{"@id":"https:\/\/www.das-autopfand.de\/blog\/audi-a6-kfz-versteigerung\/#primaryimage"},"image":{"@id":"https:\/\/www.das-autopfand.de\/blog\/audi-a6-kfz-versteigerung\/#primaryimage"},"thumbnailUrl":"https:\/\/www.das-autopfand.de\/blog\/uploads\/audi-s6-versteigerung.jpg","datePublished":"2018-04-29T07:43:45+00:00","dateModified":"2025-03-02T14:08:21+00:00","author":{"@id":"https:\/\/www.das-autopfand.de\/blog\/#\/schema\/person\/ebe927f731619d837b8245d6f9c959b0"},"description":"Schwarzer Audi S6 4.2 quattro Kombi in der KFZ-Versteigerung im Pfandhaus. \u2714 Hier finden Sie g\u00fcnstige Autos in der KFZ-Auktion. \u2714 Jetzt informieren!","inLanguage":"de","potentialAction":[{"@type":"ReadAction","target":["https:\/\/www.das-autopfand.de\/blog\/audi-a6-kfz-versteigerung\/"]}]},{"@type":"ImageObject","inLanguage":"de","@id":"https:\/\/www.das-autopfand.de\/blog\/audi-a6-kfz-versteigerung\/#primaryimage","url":"https:\/\/www.das-autopfand.de\/blog\/uploads\/audi-s6-versteigerung.jpg","contentUrl":"https:\/\/www.das-autopfand.de\/blog\/uploads\/audi-s6-versteigerung.jpg","width":600,"height":450},{"@type":"WebSite","@id":"https:\/\/www.das-autopfand.de\/blog\/#website","url":"https:\/\/www.das-autopfand.de\/blog\/","name":"","description":"News aus dem KFZ-Pfandleihhaus","potentialAction":[{"@type":"SearchAction","target":{"@type":"EntryPoint","urlTemplate":"https:\/\/www.das-autopfand.de\/blog\/?s={search_term_string}"},"query-input":{"@type":"PropertyValueSpecification","valueRequired":true,"valueName":"search_term_string"}}],"inLanguage":"de"},{"@type":"Person","@id":"https:\/\/www.das-autopfand.de\/blog\/#\/schema\/person\/ebe927f731619d837b8245d6f9c959b0","name":"Norman Ostgathe","description":"Seit 2007 betreibe ich das bundesweit t\u00e4tige Kfz-Pfandleihhaus dap - das Autopfand. Mit unseren Autopfandh\u00e4usern in Krefeld, Recklinghausen, Dortmund, Sinsheim, Frankfurt am Main, M\u00fcnchen und Wolfratshausen haben wir uns auf die unkomplizierte und schnelle L\u00f6sung finanzieller Probleme spezialisiert. Wir beleihen Ihr KFZ und Sie erhalten sofort Bargeld.","sameAs":["https:\/\/www.facebook.com\/dasautopfand","https:\/\/x.com\/https:\/\/twitter.com\/autopfand"],"url":"https:\/\/www.das-autopfand.de\/blog\/author\/dap\/"}]}},"_links":{"self":[{"href":"https:\/\/www.das-autopfand.de\/blog\/wp-json\/wp\/v2\/posts\/2908","targetHints":{"allow":["GET"]}}],"collection":[{"href":"https:\/\/www.das-autopfand.de\/blog\/wp-json\/wp\/v2\/posts"}],"about":[{"href":"https:\/\/www.das-autopfand.de\/blog\/wp-json\/wp\/v2\/types\/post"}],"author":[{"embeddable":true,"href":"https:\/\/www.das-autopfand.de\/blog\/wp-json\/wp\/v2\/users\/2"}],"replies":[{"embeddable":true,"href":"https:\/\/www.das-autopfand.de\/blog\/wp-json\/wp\/v2\/comments?post=2908"}],"version-history":[{"count":0,"href":"https:\/\/www.das-autopfand.de\/blog\/wp-json\/wp\/v2\/posts\/2908\/revisions"}],"wp:attachment":[{"href":"https:\/\/www.das-autopfand.de\/blog\/wp-json\/wp\/v2\/media?parent=2908"}],"wp:term":[{"taxonomy":"category","embeddable":true,"href":"https:\/\/www.das-autopfand.de\/blog\/wp-json\/wp\/v2\/categories?post=2908"},{"taxonomy":"post_tag","embeddable":true,"href":"https:\/\/www.das-autopfand.de\/blog\/wp-json\/wp\/v2\/tags?post=2908"}],"curies":[{"name":"wp","href":"https:\/\/api.w.org\/{rel}","templated":true}]}}