{"id":2937,"date":"2020-05-16T16:20:19","date_gmt":"2020-05-16T14:20:19","guid":{"rendered":"https:\/\/www.das-autopfand.de\/blog\/?p=2937"},"modified":"2025-03-02T16:08:18","modified_gmt":"2025-03-02T14:08:18","slug":"bmw-760-i-kfz-versteigerung","status":"publish","type":"post","link":"https:\/\/www.das-autopfand.de\/blog\/bmw-760-i-kfz-versteigerung\/","title":{"rendered":"BMW 760 i &#8211; Kfz-Versteigerung am 06.06."},"content":{"rendered":"<p><img loading=\"lazy\" decoding=\"async\" class=\"alignnone size-full wp-image-4395\" src=\"https:\/\/www.das-autopfand.de\/blog\/uploads\/BMW-760i.jpg\" alt=\"BMW 760 i\" width=\"640\" height=\"480\" \/><\/p>\n<p>Daten zum <strong>BMW 760 i<\/strong>:<\/p>\n<p><strong><span class=\"hinweis\">Der BMW wurde am 06.06.2020 versteigert!<br \/>\n\u00bb \u00dcberblick \u00fcber die n\u00e4chste <a title=\"Kfz-Versteigerungen bei das Autopfand\" href=\"https:\/\/www.das-autopfand.de\/versteigerungen\/\">Kfz-Versteigerung im Kfz-Pfandleihhaus<\/a>. \u00a0\u00a0 \u00a0\u00a0\u00a0\u00a0\u00a0\u00a0\u00a0\u00a0\u00a0\u00a0\u00a0\u00a0\u00a0\u00a0\u00a0\u00a0 <\/span><\/strong><\/p>\n<p><!--more-->Typ: BMW 7er &#8211; 760 i (F01\/F02) Limousine<br \/>\nErstzulassung: 29.09.2009<br \/>\nKm-Stand: 136372<br \/>\nKraftstoff: Benzin<br \/>\nKW: 400 ( 544 PS )<br \/>\nAu\u00dfenfarbe: blau<br \/>\nGetriebeart: Automatik<br \/>\nHubraum: 1997<br \/>\nT\u00fcren: 4<br \/>\nVorbesitzer: 1<br \/>\nFahrzeugausstattung:\u00a0 Adaptives Kurvenlicht \/ Airbag Fahrer-\/Beifahrerseite \/ Aktive Kopfst\u00fctzen \/ Aktive Sitzbel\u00fcftung hinten \/ Aktive Sitzbel\u00fcftung vorn \/ Aktivsitze vorn \/ Alarmanlage mit Fernbedienung \/ Ambiente-Beleuchtung \/ Anti-Blockier-System (ABS) \/ Audio-Navigationssystem Professional mit integrierter Handyvorr\u00fcstung \/ Automatische Fahrlichtschaltung \/ Au\u00dfen-\/Innenspiegel mit Abblendautomatik \/ Au\u00dfenspiegel elektr. heiz- und anklappbar \/ Au\u00dfenspiegel Wagenfarbe \/ Au\u00dfentemperaturanzeige \/ Bi-Xenon-Scheinwerfer \/ Blinkleuchten Wei\u00df \/ Bordcomputer \/ Bremsassistent \/ Dachhimmel Alcantara \/ Drehzahlmesser \/ Dynamische D\u00e4mpfer Control (Dynamic Damping Control) \/ Dynamische Stabilit\u00e4ts-Control (DSC) \/ Dynamische Tractions Control (DTC) \/ Fahrassistenz-System: Fernlichtassistent \/ Fahrdynamik-System (Wankstabilisierung Dynamic-Drive) \/ Fensterheber elektrisch vorn hinten \/ Fernbedienung f\u00fcr Zentralverriegelung \/ Fu\u00dfmatten Velours \/ Geschwindigkeits-Regelanlage (Tempomat) \/ Getriebe Automatik &#8211; mit Steptronic (8-Stufen) \/ Getr\u00e4nkehalter vorn und hinten \/ Heckklappenbet\u00e4tigung automatisch \/ HiFi-Lautsprechersystem Professional \/ Innenausstattung: Edelholz Nussbaum Intarsien \/ Innenbeleuchtungs-Paket \/ Instrumententafel lederbezogen \/ Isofix-Aufnahmen f\u00fcr Kindersitz \/ Karosserie: 4-t\u00fcrig \/ Klimaautomatik 4-Zonen mit autom. Umluft-Control \/ Komfortsitze hinten elektr. verstellbar \/ Komfortsitze vorn elektr. verstellbar (mit Memory) \/ Komfortzugang (\u00d6ffnungs- und Schlie\u00dfsystem) \/ Kopf-Airbag-System hinten \/ Kopf-Airbag-System vorn \/ Lenks\u00e4ule (Lenkrad) elektr. verstellbar \/ Luftfederung Hinterachse \/ Metallic-Lackierung \/ Mittelarmlehne hinten \/ Motor 6,0 Ltr. &#8211; 400 kW V12 KAT \/ Nebelscheinwerfer \/ Park-Distance-Control (PDC) vorn und hinten \/ Radstand lang \/ Reifenpannen-Anzeige \/ Reifensystem Run-Flat (mit Notlaufeigenschaften) \/ R\u00fcckfahrkamera \/ Schadstoffarm nach Abgasnorm Euro 5 \/ Scheibenwaschd\u00fcsen heizbar \/ Scheibenwischer mit Regensensor \/ Scheinwerfer-Reinigungsanlage SRA (Hochdruck) \/ Seitenairbag vorn \/ Sitzbezug \/ Polsterung: Exklusiv-Leder Nappa (erweiterter Umfang) \/ Sitze hinten mit Massagefunktion \/ Sitze vorn elektr. verstellbar (mit Memory) \/ Sitzheizung vorn \/ Soft-Close-Automatik f\u00fcr T\u00fcren und Kofferraum \/ Heckklappe \/ Sonnenschutzrollo Heckscheibe und Seitenscheiben elektr. \/ Sto\u00dff\u00e4nger Wagenfarbe \/ Tagfahrlicht \/ Telefon hinten \/ Universal-Garagentor\u00f6ffner \/ Verglasung Verbundglas (Ausf\u00fchrung: Klimakomfort) \/ Wegfahrsperre \/ W\u00e4rmeschutzverglasung get\u00f6nt \/ Zentralverriegelung mit Diebstahlsicherung und Crashsensor \/ V Au\u00dfenausstattung: Shadow-Line Hochglanz \/ V Dachhimmel Anthrazit \/ V DVD-Wechsler \/ V Fahrassistenz-System: BMW Night Vision \/ V Fond-Entertainment-System Professional \/ V Head-up-Display \/ V Innenausstattung: Keramik-Applikationen f\u00fcr Bedienelemente \/ V Klimatisierung im Fond, erweiterter Umfang \/ V K\u00fchlbox Individual \/ V Lenkrad (Sport\/Leder) mit Multifunktion \/ V Lenkrad heizbar \/ V Leseleuchten im Fond BMW Individual \/ V LM-Felgen vorn\/hinten: 8,5&#215;19 \/ 9,5&#215;19 (Radialspeiche 252, geschmiedet) \/ V Raucher-Paket \/ V Schiebe-\/Hebedach elektrisch (Glas) \/ V Servolenkung Integral &#8211; Aktivlenkung \/ V TV-Funktion bei Navigationssystem \/ V USB-Schnittstelle \/ V W Dachzierleisten<\/p>\n<table width=\"500\">\n<tbody>\n<tr>\n<td width=\"300\">Vorhandene Unterlagen:<\/td>\n<td width=\"100\">JA<\/td>\n<td width=\"100\">NEIN<\/td>\n<\/tr>\n<tr>\n<td width=\"300\">Fahrzeugschein<\/td>\n<td width=\"100\">X<\/td>\n<td width=\"100\"><\/td>\n<\/tr>\n<tr>\n<td width=\"300\">Fahrzeugbrief<\/td>\n<td width=\"100\">X<\/td>\n<td width=\"100\"><\/td>\n<\/tr>\n<tr>\n<td width=\"300\">Scheckheft<\/td>\n<td width=\"100\"><\/td>\n<td width=\"100\">X<\/td>\n<\/tr>\n<tr>\n<td width=\"300\">Gutachten<\/td>\n<td width=\"100\"><\/td>\n<td width=\"100\">X<\/td>\n<\/tr>\n<tr>\n<td width=\"300\">T\u00dcV Bescheinigung<\/td>\n<td width=\"100\">X<\/td>\n<td width=\"100\">( T\u00dcV bis: 09\/2021 )<\/td>\n<\/tr>\n<tr>\n<td width=\"300\">COC-Papiere<\/td>\n<td width=\"100\"><\/td>\n<td width=\"100\">X<\/td>\n<\/tr>\n<\/tbody>\n<\/table>\n<p>Alle Angaben ohne Gew\u00e4hr und laut Auskunft der Vorbesitzer. Wir versteigern im Namen und auf Rechnung der jeweiligen Eigent\u00fcmer.<\/p>\n<h2>Weitere Fotos vom BMW 760 i<\/h2>\n<p><img loading=\"lazy\" decoding=\"async\" class=\"alignnone size-medium wp-image-4406\" src=\"https:\/\/www.das-autopfand.de\/blog\/uploads\/1998-img-2445.jpg\" alt=\"\" width=\"640\" height=\"480\" \/><img loading=\"lazy\" decoding=\"async\" class=\"alignnone size-medium wp-image-4411\" src=\"https:\/\/www.das-autopfand.de\/blog\/uploads\/1998-img-2450.jpg\" alt=\"\" width=\"640\" height=\"480\" \/><img loading=\"lazy\" decoding=\"async\" class=\"alignnone size-full wp-image-4396\" src=\"https:\/\/www.das-autopfand.de\/blog\/uploads\/1998-img-2456.jpg\" alt=\"\" width=\"640\" height=\"480\" \/> <img loading=\"lazy\" decoding=\"async\" class=\"alignnone size-full wp-image-4416\" src=\"https:\/\/www.das-autopfand.de\/blog\/uploads\/1998-img-2455.jpg\" alt=\"\" width=\"640\" height=\"480\" \/> <img loading=\"lazy\" decoding=\"async\" class=\"alignnone size-medium wp-image-4415\" src=\"https:\/\/www.das-autopfand.de\/blog\/uploads\/1998-img-2454.jpg\" alt=\"\" width=\"640\" height=\"480\" \/> <img loading=\"lazy\" decoding=\"async\" class=\"alignnone size-medium wp-image-4414\" src=\"https:\/\/www.das-autopfand.de\/blog\/uploads\/1998-img-2453.jpg\" alt=\"\" width=\"640\" height=\"480\" \/> <img loading=\"lazy\" decoding=\"async\" class=\"alignnone size-medium wp-image-4413\" src=\"https:\/\/www.das-autopfand.de\/blog\/uploads\/1998-img-2452.jpg\" alt=\"\" width=\"640\" height=\"480\" \/> <img loading=\"lazy\" decoding=\"async\" class=\"alignnone size-medium wp-image-4412\" src=\"https:\/\/www.das-autopfand.de\/blog\/uploads\/1998-img-2451.jpg\" alt=\"\" width=\"640\" height=\"480\" \/>\u00a0 <img loading=\"lazy\" decoding=\"async\" class=\"alignnone size-medium wp-image-4410\" src=\"https:\/\/www.das-autopfand.de\/blog\/uploads\/1998-img-2449.jpg\" alt=\"\" width=\"640\" height=\"480\" \/> <img loading=\"lazy\" decoding=\"async\" class=\"alignnone size-medium wp-image-4409\" src=\"https:\/\/www.das-autopfand.de\/blog\/uploads\/1998-img-2448.jpg\" alt=\"\" width=\"640\" height=\"480\" \/> <img loading=\"lazy\" decoding=\"async\" class=\"alignnone size-medium wp-image-4408\" src=\"https:\/\/www.das-autopfand.de\/blog\/uploads\/1998-img-2447.jpg\" alt=\"\" width=\"640\" height=\"480\" \/> <img loading=\"lazy\" decoding=\"async\" class=\"alignnone size-medium wp-image-4407\" src=\"https:\/\/www.das-autopfand.de\/blog\/uploads\/1998-img-2446.jpg\" alt=\"\" width=\"640\" height=\"480\" \/>\u00a0 <img loading=\"lazy\" decoding=\"async\" class=\"alignnone size-medium wp-image-4405\" src=\"https:\/\/www.das-autopfand.de\/blog\/uploads\/1998-img-2465.jpg\" alt=\"\" width=\"640\" height=\"480\" \/> <img loading=\"lazy\" decoding=\"async\" class=\"alignnone size-medium wp-image-4404\" src=\"https:\/\/www.das-autopfand.de\/blog\/uploads\/1998-img-2464.jpg\" alt=\"\" width=\"640\" height=\"480\" \/> <img loading=\"lazy\" decoding=\"async\" class=\"alignnone size-medium wp-image-4403\" src=\"https:\/\/www.das-autopfand.de\/blog\/uploads\/1998-img-2463.jpg\" alt=\"\" width=\"640\" height=\"480\" \/> <img loading=\"lazy\" decoding=\"async\" class=\"alignnone size-medium wp-image-4402\" src=\"https:\/\/www.das-autopfand.de\/blog\/uploads\/1998-img-2462.jpg\" alt=\"\" width=\"640\" height=\"480\" \/> <img loading=\"lazy\" decoding=\"async\" class=\"alignnone size-medium wp-image-4401\" src=\"https:\/\/www.das-autopfand.de\/blog\/uploads\/1998-img-2461.jpg\" alt=\"\" width=\"640\" height=\"480\" \/> <img loading=\"lazy\" decoding=\"async\" class=\"alignnone size-medium wp-image-4400\" src=\"https:\/\/www.das-autopfand.de\/blog\/uploads\/1998-img-2460.jpg\" alt=\"\" width=\"640\" height=\"480\" \/> <img loading=\"lazy\" decoding=\"async\" class=\"alignnone size-medium wp-image-4399\" src=\"https:\/\/www.das-autopfand.de\/blog\/uploads\/1998-img-2459.jpg\" alt=\"\" width=\"640\" height=\"480\" \/> <img loading=\"lazy\" decoding=\"async\" class=\"alignnone size-medium wp-image-4398\" src=\"https:\/\/www.das-autopfand.de\/blog\/uploads\/1998-img-2458.jpg\" alt=\"\" width=\"640\" height=\"480\" \/> <img loading=\"lazy\" decoding=\"async\" class=\"alignnone size-medium wp-image-4397\" src=\"https:\/\/www.das-autopfand.de\/blog\/uploads\/1998-img-2457.jpg\" alt=\"\" width=\"640\" height=\"480\" \/><\/p>\n<h2>Fragen zum BMW 760i<\/h2>\n<p>Haben Sie Fragen zum BMW 7er, dann treten Sie bitte mit uns in Kontakt. Bitte beachten Sie zuvor auch unsere <a title=\"H\u00e4ufige Fragen zur Versteigerung\" href=\"\/versteigerungen\/#faq\">FAQ zur Kfz-Versteigerung<\/a>. Hier finden Sie Antworten auf h\u00e4ufige Fragen!<\/p>\n<h2>Termin der Kfz-Versteigerung<\/h2>\n<p>Die <a title=\"Kfz-Versteigerungen bei das Autopfand\" href=\"\/versteigerungen\/\">Kfz-Versteigerung <\/a>findet am <strong>Samstag, den 06. Juni 2020<\/strong> im Kfz-Pfandleihhaus in Krefeld statt.<\/p>\n<p>M\u00f6chten Sie sich einfach und bequem \u00fcber die Termine der kommenden Kfz-Versteigerungen in unseren bundesweiten Pfandleihh\u00e4usern per Email informieren lassen, dann nutzen Sie unseren <a title=\"dap&lt;br \/&gt; Newsletter\" href=\"\/newsletter\/\">dap-Newsletter<\/a> oder <a title=\"https:\/\/twitter.com\/autopfand\" href=\"https:\/\/twitter.com\/autopfand\" rel=\"nofollow\">folgen Sie uns auf Twitter \u00bb<\/a><\/p>\n","protected":false},"excerpt":{"rendered":"<p>Daten zum BMW 760 i: Der BMW wurde am 06.06.2020 versteigert! \u00bb \u00dcberblick \u00fcber die n\u00e4chste Kfz-Versteigerung im Kfz-Pfandleihhaus. \u00a0\u00a0 \u00a0\u00a0\u00a0\u00a0\u00a0\u00a0\u00a0\u00a0\u00a0\u00a0\u00a0\u00a0\u00a0\u00a0\u00a0\u00a0<\/p>\n","protected":false},"author":2,"featured_media":0,"comment_status":"closed","ping_status":"open","sticky":false,"template":"","format":"standard","meta":{"footnotes":""},"categories":[10],"tags":[],"class_list":["post-2937","post","type-post","status-publish","format-standard","hentry","category-versteigerung"],"yoast_head":"<!-- This site is optimized with the Yoast SEO plugin v26.9 - https:\/\/yoast.com\/product\/yoast-seo-wordpress\/ -->\n<title>BMW 760 i - Kfz-Versteigerung am 06.06. -<\/title>\n<meta name=\"robots\" content=\"index, follow, max-snippet:-1, max-image-preview:large, max-video-preview:-1\" \/>\n<link rel=\"canonical\" href=\"https:\/\/www.das-autopfand.de\/blog\/bmw-760-i-kfz-versteigerung\/\" \/>\n<meta property=\"og:locale\" content=\"de_DE\" \/>\n<meta property=\"og:type\" content=\"article\" \/>\n<meta property=\"og:title\" content=\"BMW 760 i - Kfz-Versteigerung am 06.06. -\" \/>\n<meta property=\"og:description\" content=\"Daten zum BMW 760 i: Der BMW wurde am 06.06.2020 versteigert! \u00bb \u00dcberblick \u00fcber die n\u00e4chste Kfz-Versteigerung im Kfz-Pfandleihhaus. \u00a0\u00a0 \u00a0\u00a0\u00a0\u00a0\u00a0\u00a0\u00a0\u00a0\u00a0\u00a0\u00a0\u00a0\u00a0\u00a0\u00a0\u00a0\" \/>\n<meta property=\"og:url\" content=\"https:\/\/www.das-autopfand.de\/blog\/bmw-760-i-kfz-versteigerung\/\" \/>\n<meta property=\"article:publisher\" content=\"https:\/\/www.facebook.com\/dasautopfand\" \/>\n<meta property=\"article:author\" content=\"https:\/\/www.facebook.com\/dasautopfand\" \/>\n<meta property=\"article:published_time\" content=\"2020-05-16T14:20:19+00:00\" \/>\n<meta property=\"article:modified_time\" content=\"2025-03-02T14:08:18+00:00\" \/>\n<meta property=\"og:image\" content=\"https:\/\/www.das-autopfand.de\/blog\/uploads\/BMW-760i.jpg\" \/>\n\t<meta property=\"og:image:width\" content=\"640\" \/>\n\t<meta property=\"og:image:height\" content=\"480\" \/>\n\t<meta property=\"og:image:type\" content=\"image\/jpeg\" \/>\n<meta name=\"author\" content=\"Norman Ostgathe\" \/>\n<meta name=\"twitter:card\" content=\"summary_large_image\" \/>\n<meta name=\"twitter:creator\" content=\"@https:\/\/twitter.com\/autopfand\" \/>\n<meta name=\"twitter:site\" content=\"@autopfand\" \/>\n<meta name=\"twitter:label1\" content=\"Verfasst von\" \/>\n\t<meta name=\"twitter:data1\" content=\"Norman Ostgathe\" \/>\n\t<meta name=\"twitter:label2\" content=\"Gesch\u00e4tzte Lesezeit\" \/>\n\t<meta name=\"twitter:data2\" content=\"2\u00a0Minuten\" \/>\n<script type=\"application\/ld+json\" class=\"yoast-schema-graph\">{\"@context\":\"https:\/\/schema.org\",\"@graph\":[{\"@type\":\"Article\",\"@id\":\"https:\/\/www.das-autopfand.de\/blog\/bmw-760-i-kfz-versteigerung\/#article\",\"isPartOf\":{\"@id\":\"https:\/\/www.das-autopfand.de\/blog\/bmw-760-i-kfz-versteigerung\/\"},\"author\":{\"name\":\"Norman Ostgathe\",\"@id\":\"https:\/\/www.das-autopfand.de\/blog\/#\/schema\/person\/ebe927f731619d837b8245d6f9c959b0\"},\"headline\":\"BMW 760 i &#8211; Kfz-Versteigerung am 06.06.\",\"datePublished\":\"2020-05-16T14:20:19+00:00\",\"dateModified\":\"2025-03-02T14:08:18+00:00\",\"mainEntityOfPage\":{\"@id\":\"https:\/\/www.das-autopfand.de\/blog\/bmw-760-i-kfz-versteigerung\/\"},\"wordCount\":500,\"image\":{\"@id\":\"https:\/\/www.das-autopfand.de\/blog\/bmw-760-i-kfz-versteigerung\/#primaryimage\"},\"thumbnailUrl\":\"https:\/\/www.das-autopfand.de\/blog\/uploads\/BMW-760i.jpg\",\"articleSection\":[\"Versteigerung\"],\"inLanguage\":\"de\"},{\"@type\":\"WebPage\",\"@id\":\"https:\/\/www.das-autopfand.de\/blog\/bmw-760-i-kfz-versteigerung\/\",\"url\":\"https:\/\/www.das-autopfand.de\/blog\/bmw-760-i-kfz-versteigerung\/\",\"name\":\"BMW 760 i - Kfz-Versteigerung am 06.06. -\",\"isPartOf\":{\"@id\":\"https:\/\/www.das-autopfand.de\/blog\/#website\"},\"primaryImageOfPage\":{\"@id\":\"https:\/\/www.das-autopfand.de\/blog\/bmw-760-i-kfz-versteigerung\/#primaryimage\"},\"image\":{\"@id\":\"https:\/\/www.das-autopfand.de\/blog\/bmw-760-i-kfz-versteigerung\/#primaryimage\"},\"thumbnailUrl\":\"https:\/\/www.das-autopfand.de\/blog\/uploads\/BMW-760i.jpg\",\"datePublished\":\"2020-05-16T14:20:19+00:00\",\"dateModified\":\"2025-03-02T14:08:18+00:00\",\"author\":{\"@id\":\"https:\/\/www.das-autopfand.de\/blog\/#\/schema\/person\/ebe927f731619d837b8245d6f9c959b0\"},\"inLanguage\":\"de\",\"potentialAction\":[{\"@type\":\"ReadAction\",\"target\":[\"https:\/\/www.das-autopfand.de\/blog\/bmw-760-i-kfz-versteigerung\/\"]}]},{\"@type\":\"ImageObject\",\"inLanguage\":\"de\",\"@id\":\"https:\/\/www.das-autopfand.de\/blog\/bmw-760-i-kfz-versteigerung\/#primaryimage\",\"url\":\"https:\/\/www.das-autopfand.de\/blog\/uploads\/BMW-760i.jpg\",\"contentUrl\":\"https:\/\/www.das-autopfand.de\/blog\/uploads\/BMW-760i.jpg\",\"width\":640,\"height\":480,\"caption\":\"BMW 760 i\"},{\"@type\":\"WebSite\",\"@id\":\"https:\/\/www.das-autopfand.de\/blog\/#website\",\"url\":\"https:\/\/www.das-autopfand.de\/blog\/\",\"name\":\"\",\"description\":\"News aus dem KFZ-Pfandleihhaus\",\"potentialAction\":[{\"@type\":\"SearchAction\",\"target\":{\"@type\":\"EntryPoint\",\"urlTemplate\":\"https:\/\/www.das-autopfand.de\/blog\/?s={search_term_string}\"},\"query-input\":{\"@type\":\"PropertyValueSpecification\",\"valueRequired\":true,\"valueName\":\"search_term_string\"}}],\"inLanguage\":\"de\"},{\"@type\":\"Person\",\"@id\":\"https:\/\/www.das-autopfand.de\/blog\/#\/schema\/person\/ebe927f731619d837b8245d6f9c959b0\",\"name\":\"Norman Ostgathe\",\"description\":\"Seit 2007 betreibe ich das bundesweit t\u00e4tige Kfz-Pfandleihhaus dap - das Autopfand. Mit unseren Autopfandh\u00e4usern in Krefeld, Recklinghausen, Dortmund, Sinsheim, Frankfurt am Main, M\u00fcnchen und Wolfratshausen haben wir uns auf die unkomplizierte und schnelle L\u00f6sung finanzieller Probleme spezialisiert. Wir beleihen Ihr KFZ und Sie erhalten sofort Bargeld.\",\"sameAs\":[\"https:\/\/www.facebook.com\/dasautopfand\",\"https:\/\/x.com\/https:\/\/twitter.com\/autopfand\"],\"url\":\"https:\/\/www.das-autopfand.de\/blog\/author\/dap\/\"}]}<\/script>\n<!-- \/ Yoast SEO plugin. -->","yoast_head_json":{"title":"BMW 760 i - Kfz-Versteigerung am 06.06. -","robots":{"index":"index","follow":"follow","max-snippet":"max-snippet:-1","max-image-preview":"max-image-preview:large","max-video-preview":"max-video-preview:-1"},"canonical":"https:\/\/www.das-autopfand.de\/blog\/bmw-760-i-kfz-versteigerung\/","og_locale":"de_DE","og_type":"article","og_title":"BMW 760 i - Kfz-Versteigerung am 06.06. -","og_description":"Daten zum BMW 760 i: Der BMW wurde am 06.06.2020 versteigert! \u00bb \u00dcberblick \u00fcber die n\u00e4chste Kfz-Versteigerung im Kfz-Pfandleihhaus. \u00a0\u00a0 \u00a0\u00a0\u00a0\u00a0\u00a0\u00a0\u00a0\u00a0\u00a0\u00a0\u00a0\u00a0\u00a0\u00a0\u00a0\u00a0","og_url":"https:\/\/www.das-autopfand.de\/blog\/bmw-760-i-kfz-versteigerung\/","article_publisher":"https:\/\/www.facebook.com\/dasautopfand","article_author":"https:\/\/www.facebook.com\/dasautopfand","article_published_time":"2020-05-16T14:20:19+00:00","article_modified_time":"2025-03-02T14:08:18+00:00","og_image":[{"width":640,"height":480,"url":"https:\/\/www.das-autopfand.de\/blog\/uploads\/BMW-760i.jpg","type":"image\/jpeg"}],"author":"Norman Ostgathe","twitter_card":"summary_large_image","twitter_creator":"@https:\/\/twitter.com\/autopfand","twitter_site":"@autopfand","twitter_misc":{"Verfasst von":"Norman Ostgathe","Gesch\u00e4tzte Lesezeit":"2\u00a0Minuten"},"schema":{"@context":"https:\/\/schema.org","@graph":[{"@type":"Article","@id":"https:\/\/www.das-autopfand.de\/blog\/bmw-760-i-kfz-versteigerung\/#article","isPartOf":{"@id":"https:\/\/www.das-autopfand.de\/blog\/bmw-760-i-kfz-versteigerung\/"},"author":{"name":"Norman Ostgathe","@id":"https:\/\/www.das-autopfand.de\/blog\/#\/schema\/person\/ebe927f731619d837b8245d6f9c959b0"},"headline":"BMW 760 i &#8211; Kfz-Versteigerung am 06.06.","datePublished":"2020-05-16T14:20:19+00:00","dateModified":"2025-03-02T14:08:18+00:00","mainEntityOfPage":{"@id":"https:\/\/www.das-autopfand.de\/blog\/bmw-760-i-kfz-versteigerung\/"},"wordCount":500,"image":{"@id":"https:\/\/www.das-autopfand.de\/blog\/bmw-760-i-kfz-versteigerung\/#primaryimage"},"thumbnailUrl":"https:\/\/www.das-autopfand.de\/blog\/uploads\/BMW-760i.jpg","articleSection":["Versteigerung"],"inLanguage":"de"},{"@type":"WebPage","@id":"https:\/\/www.das-autopfand.de\/blog\/bmw-760-i-kfz-versteigerung\/","url":"https:\/\/www.das-autopfand.de\/blog\/bmw-760-i-kfz-versteigerung\/","name":"BMW 760 i - Kfz-Versteigerung am 06.06. -","isPartOf":{"@id":"https:\/\/www.das-autopfand.de\/blog\/#website"},"primaryImageOfPage":{"@id":"https:\/\/www.das-autopfand.de\/blog\/bmw-760-i-kfz-versteigerung\/#primaryimage"},"image":{"@id":"https:\/\/www.das-autopfand.de\/blog\/bmw-760-i-kfz-versteigerung\/#primaryimage"},"thumbnailUrl":"https:\/\/www.das-autopfand.de\/blog\/uploads\/BMW-760i.jpg","datePublished":"2020-05-16T14:20:19+00:00","dateModified":"2025-03-02T14:08:18+00:00","author":{"@id":"https:\/\/www.das-autopfand.de\/blog\/#\/schema\/person\/ebe927f731619d837b8245d6f9c959b0"},"inLanguage":"de","potentialAction":[{"@type":"ReadAction","target":["https:\/\/www.das-autopfand.de\/blog\/bmw-760-i-kfz-versteigerung\/"]}]},{"@type":"ImageObject","inLanguage":"de","@id":"https:\/\/www.das-autopfand.de\/blog\/bmw-760-i-kfz-versteigerung\/#primaryimage","url":"https:\/\/www.das-autopfand.de\/blog\/uploads\/BMW-760i.jpg","contentUrl":"https:\/\/www.das-autopfand.de\/blog\/uploads\/BMW-760i.jpg","width":640,"height":480,"caption":"BMW 760 i"},{"@type":"WebSite","@id":"https:\/\/www.das-autopfand.de\/blog\/#website","url":"https:\/\/www.das-autopfand.de\/blog\/","name":"","description":"News aus dem KFZ-Pfandleihhaus","potentialAction":[{"@type":"SearchAction","target":{"@type":"EntryPoint","urlTemplate":"https:\/\/www.das-autopfand.de\/blog\/?s={search_term_string}"},"query-input":{"@type":"PropertyValueSpecification","valueRequired":true,"valueName":"search_term_string"}}],"inLanguage":"de"},{"@type":"Person","@id":"https:\/\/www.das-autopfand.de\/blog\/#\/schema\/person\/ebe927f731619d837b8245d6f9c959b0","name":"Norman Ostgathe","description":"Seit 2007 betreibe ich das bundesweit t\u00e4tige Kfz-Pfandleihhaus dap - das Autopfand. Mit unseren Autopfandh\u00e4usern in Krefeld, Recklinghausen, Dortmund, Sinsheim, Frankfurt am Main, M\u00fcnchen und Wolfratshausen haben wir uns auf die unkomplizierte und schnelle L\u00f6sung finanzieller Probleme spezialisiert. Wir beleihen Ihr KFZ und Sie erhalten sofort Bargeld.","sameAs":["https:\/\/www.facebook.com\/dasautopfand","https:\/\/x.com\/https:\/\/twitter.com\/autopfand"],"url":"https:\/\/www.das-autopfand.de\/blog\/author\/dap\/"}]}},"_links":{"self":[{"href":"https:\/\/www.das-autopfand.de\/blog\/wp-json\/wp\/v2\/posts\/2937","targetHints":{"allow":["GET"]}}],"collection":[{"href":"https:\/\/www.das-autopfand.de\/blog\/wp-json\/wp\/v2\/posts"}],"about":[{"href":"https:\/\/www.das-autopfand.de\/blog\/wp-json\/wp\/v2\/types\/post"}],"author":[{"embeddable":true,"href":"https:\/\/www.das-autopfand.de\/blog\/wp-json\/wp\/v2\/users\/2"}],"replies":[{"embeddable":true,"href":"https:\/\/www.das-autopfand.de\/blog\/wp-json\/wp\/v2\/comments?post=2937"}],"version-history":[{"count":0,"href":"https:\/\/www.das-autopfand.de\/blog\/wp-json\/wp\/v2\/posts\/2937\/revisions"}],"wp:attachment":[{"href":"https:\/\/www.das-autopfand.de\/blog\/wp-json\/wp\/v2\/media?parent=2937"}],"wp:term":[{"taxonomy":"category","embeddable":true,"href":"https:\/\/www.das-autopfand.de\/blog\/wp-json\/wp\/v2\/categories?post=2937"},{"taxonomy":"post_tag","embeddable":true,"href":"https:\/\/www.das-autopfand.de\/blog\/wp-json\/wp\/v2\/tags?post=2937"}],"curies":[{"name":"wp","href":"https:\/\/api.w.org\/{rel}","templated":true}]}}