{"id":3633,"date":"2018-04-29T15:21:03","date_gmt":"2018-04-29T13:21:03","guid":{"rendered":"https:\/\/www.das-autopfand.de\/blog\/?p=3633"},"modified":"2025-03-02T16:08:21","modified_gmt":"2025-03-02T14:08:21","slug":"ford-mondeo-kfz-versteigerung","status":"publish","type":"post","link":"https:\/\/www.das-autopfand.de\/blog\/ford-mondeo-kfz-versteigerung\/","title":{"rendered":"Ford Mondeo CDTI &#8211; Kfz-Versteigerung am 12.05."},"content":{"rendered":"<p><img loading=\"lazy\" decoding=\"async\" class=\"alignnone size-full wp-image-3628\" src=\"https:\/\/www.das-autopfand.de\/blog\/uploads\/Ford-Mondeo-2.jpeg\" alt=\"Ford Mondeo\" width=\"1201\" height=\"961\" srcset=\"https:\/\/www.das-autopfand.de\/blog\/uploads\/Ford-Mondeo-2.jpeg 1201w, https:\/\/www.das-autopfand.de\/blog\/uploads\/Ford-Mondeo-2-768x615.jpeg 768w\" sizes=\"auto, (max-width: 1201px) 100vw, 1201px\" \/><\/p>\n<p>Daten zum <strong>Ford Mondeo CDTI<\/strong>:<\/p>\n<p><strong><span class=\"hinweis\">Der PKW wurde versteigert!<br \/>\n\u00bb \u00dcberblick \u00fcber die n\u00e4chste <a title=\"Kfz-Versteigerungen bei das Autopfand\" href=\"https:\/\/www.das-autopfand.de\/versteigerungen\/\">Kfz-Versteigerung im Kfz-Pfandleihhaus<\/a>.<\/span><\/strong><\/p>\n<p><!--more--><\/p>\n<p>Typ: Ford Mondeo CDTI<br \/>\nErstzulassung: <span class=\"attributes\">04\/2008<\/span><br \/>\nKm-Stand: <span class=\"attributes\">186.095 km<\/span><br \/>\nKraftstoff: Diesel<br \/>\nKW:<br \/>\nAu\u00dfenfarbe: Schwarz Metallic<br \/>\nGetriebeart:<br \/>\nHubraum:<br \/>\nT\u00fcren: 5<br \/>\nAusstatung: Navi, Sitzheizung, Sitzbel\u00fcftung, Xenon, Leder, Tempomat, Sitzheizung hinten, Klimaautomatik<\/p>\n<table width=\"500\">\n<tbody>\n<tr>\n<td width=\"300\">Vorhandene Unterlagen:<\/td>\n<td width=\"100\">JA<\/td>\n<td width=\"100\">NEIN<\/td>\n<\/tr>\n<tr>\n<td width=\"300\">Fahrzeugschein<\/td>\n<td width=\"100\">X<\/td>\n<td width=\"100\"><\/td>\n<\/tr>\n<tr>\n<td width=\"300\">Fahrzeugbrief<\/td>\n<td width=\"100\">X<\/td>\n<td width=\"100\"><\/td>\n<\/tr>\n<tr>\n<td width=\"300\">Scheckheft<\/td>\n<td width=\"100\"><\/td>\n<td width=\"100\">X<\/td>\n<\/tr>\n<tr>\n<td width=\"300\">Gutachten<\/td>\n<td width=\"100\"><\/td>\n<td width=\"100\">X<\/td>\n<\/tr>\n<tr>\n<td width=\"300\">T\u00dcV Bescheinigung<\/td>\n<td width=\"100\"><\/td>\n<td width=\"100\">X<\/td>\n<\/tr>\n<tr>\n<td width=\"300\">COC-Papiere<\/td>\n<td width=\"100\">X<\/td>\n<td width=\"100\"><\/td>\n<\/tr>\n<\/tbody>\n<\/table>\n<p>Alle Angaben ohne Gew\u00e4hr und laut Auskunft der Vorbesitzer. Wir versteigern im Namen und auf Rechnung der jeweiligen Eigent\u00fcmer.<\/p>\n<h2>Fotos des schwarzen Ford Mondeo<\/h2>\n<p><img loading=\"lazy\" decoding=\"async\" class=\"alignnone size-full wp-image-3629\" src=\"https:\/\/www.das-autopfand.de\/blog\/uploads\/Ford-Mondeo-3.jpeg\" alt=\"\" width=\"1280\" height=\"679\" srcset=\"https:\/\/www.das-autopfand.de\/blog\/uploads\/Ford-Mondeo-3.jpeg 1280w, https:\/\/www.das-autopfand.de\/blog\/uploads\/Ford-Mondeo-3-768x407.jpeg 768w\" sizes=\"auto, (max-width: 1280px) 100vw, 1280px\" \/> <img loading=\"lazy\" decoding=\"async\" class=\"alignnone size-full wp-image-3632\" src=\"https:\/\/www.das-autopfand.de\/blog\/uploads\/Ford-Mondeo-6.jpeg\" alt=\"\" width=\"1280\" height=\"687\" srcset=\"https:\/\/www.das-autopfand.de\/blog\/uploads\/Ford-Mondeo-6.jpeg 1280w, https:\/\/www.das-autopfand.de\/blog\/uploads\/Ford-Mondeo-6-768x412.jpeg 768w\" sizes=\"auto, (max-width: 1280px) 100vw, 1280px\" \/> <img loading=\"lazy\" decoding=\"async\" class=\"alignnone size-medium wp-image-3631\" src=\"https:\/\/www.das-autopfand.de\/blog\/uploads\/Ford-Mondeo-5.jpeg\" alt=\"\" width=\"1223\" height=\"960\" srcset=\"https:\/\/www.das-autopfand.de\/blog\/uploads\/Ford-Mondeo-5.jpeg 1223w, https:\/\/www.das-autopfand.de\/blog\/uploads\/Ford-Mondeo-5-768x603.jpeg 768w\" sizes=\"auto, (max-width: 1223px) 100vw, 1223px\" \/> <img loading=\"lazy\" decoding=\"async\" class=\"alignnone size-medium wp-image-3630\" src=\"https:\/\/www.das-autopfand.de\/blog\/uploads\/Ford-Mondeo-4.jpeg\" alt=\"\" width=\"1280\" height=\"654\" srcset=\"https:\/\/www.das-autopfand.de\/blog\/uploads\/Ford-Mondeo-4.jpeg 1280w, https:\/\/www.das-autopfand.de\/blog\/uploads\/Ford-Mondeo-4-768x392.jpeg 768w\" sizes=\"auto, (max-width: 1280px) 100vw, 1280px\" \/><img loading=\"lazy\" decoding=\"async\" class=\"alignnone size-full wp-image-3627\" src=\"https:\/\/www.das-autopfand.de\/blog\/uploads\/Ford-Mondeo-12.jpeg\" alt=\"\" width=\"1280\" height=\"911\" srcset=\"https:\/\/www.das-autopfand.de\/blog\/uploads\/Ford-Mondeo-12.jpeg 1280w, https:\/\/www.das-autopfand.de\/blog\/uploads\/Ford-Mondeo-12-768x547.jpeg 768w\" sizes=\"auto, (max-width: 1280px) 100vw, 1280px\" \/> <img loading=\"lazy\" decoding=\"async\" class=\"alignnone size-medium wp-image-3626\" src=\"https:\/\/www.das-autopfand.de\/blog\/uploads\/Ford-Mondeo-13.jpeg\" alt=\"\" width=\"1280\" height=\"805\" srcset=\"https:\/\/www.das-autopfand.de\/blog\/uploads\/Ford-Mondeo-13.jpeg 1280w, https:\/\/www.das-autopfand.de\/blog\/uploads\/Ford-Mondeo-13-768x483.jpeg 768w\" sizes=\"auto, (max-width: 1280px) 100vw, 1280px\" \/> <img loading=\"lazy\" decoding=\"async\" class=\"alignnone size-medium wp-image-3625\" src=\"https:\/\/www.das-autopfand.de\/blog\/uploads\/Ford-Mondeo-14.jpeg\" alt=\"\" width=\"1280\" height=\"740\" srcset=\"https:\/\/www.das-autopfand.de\/blog\/uploads\/Ford-Mondeo-14.jpeg 1280w, https:\/\/www.das-autopfand.de\/blog\/uploads\/Ford-Mondeo-14-768x444.jpeg 768w\" sizes=\"auto, (max-width: 1280px) 100vw, 1280px\" \/> <img loading=\"lazy\" decoding=\"async\" class=\"alignnone size-medium wp-image-3624\" src=\"https:\/\/www.das-autopfand.de\/blog\/uploads\/Ford-Mondeo-15.jpeg\" alt=\"\" width=\"1129\" height=\"960\" srcset=\"https:\/\/www.das-autopfand.de\/blog\/uploads\/Ford-Mondeo-15.jpeg 1129w, https:\/\/www.das-autopfand.de\/blog\/uploads\/Ford-Mondeo-15-768x653.jpeg 768w\" sizes=\"auto, (max-width: 1129px) 100vw, 1129px\" \/> <img loading=\"lazy\" decoding=\"async\" class=\"alignnone size-medium wp-image-3623\" src=\"https:\/\/www.das-autopfand.de\/blog\/uploads\/Ford-Mondeo-16.jpeg\" alt=\"\" width=\"1280\" height=\"637\" srcset=\"https:\/\/www.das-autopfand.de\/blog\/uploads\/Ford-Mondeo-16.jpeg 1280w, https:\/\/www.das-autopfand.de\/blog\/uploads\/Ford-Mondeo-16-768x382.jpeg 768w\" sizes=\"auto, (max-width: 1280px) 100vw, 1280px\" \/> <img loading=\"lazy\" decoding=\"async\" class=\"alignnone size-medium wp-image-3622\" src=\"https:\/\/www.das-autopfand.de\/blog\/uploads\/IMG_4019.jpeg\" alt=\"\" width=\"1280\" height=\"712\" srcset=\"https:\/\/www.das-autopfand.de\/blog\/uploads\/IMG_4019.jpeg 1280w, https:\/\/www.das-autopfand.de\/blog\/uploads\/IMG_4019-768x427.jpeg 768w\" sizes=\"auto, (max-width: 1280px) 100vw, 1280px\" \/> <img loading=\"lazy\" decoding=\"async\" class=\"alignnone size-medium wp-image-3621\" src=\"https:\/\/www.das-autopfand.de\/blog\/uploads\/Ford-Mondeo-7.jpeg\" alt=\"\" width=\"1280\" height=\"886\" srcset=\"https:\/\/www.das-autopfand.de\/blog\/uploads\/Ford-Mondeo-7.jpeg 1280w, https:\/\/www.das-autopfand.de\/blog\/uploads\/Ford-Mondeo-7-768x532.jpeg 768w\" sizes=\"auto, (max-width: 1280px) 100vw, 1280px\" \/> <img loading=\"lazy\" decoding=\"async\" class=\"alignnone size-medium wp-image-3620\" src=\"https:\/\/www.das-autopfand.de\/blog\/uploads\/Ford-Mondeo-8.jpeg\" alt=\"\" width=\"1280\" height=\"959\" srcset=\"https:\/\/www.das-autopfand.de\/blog\/uploads\/Ford-Mondeo-8.jpeg 1280w, https:\/\/www.das-autopfand.de\/blog\/uploads\/Ford-Mondeo-8-768x575.jpeg 768w\" sizes=\"auto, (max-width: 1280px) 100vw, 1280px\" \/> <img loading=\"lazy\" decoding=\"async\" class=\"alignnone size-medium wp-image-3619\" src=\"https:\/\/www.das-autopfand.de\/blog\/uploads\/Ford-Mondeo-9.jpeg\" alt=\"\" width=\"1280\" height=\"827\" srcset=\"https:\/\/www.das-autopfand.de\/blog\/uploads\/Ford-Mondeo-9.jpeg 1280w, https:\/\/www.das-autopfand.de\/blog\/uploads\/Ford-Mondeo-9-768x496.jpeg 768w\" sizes=\"auto, (max-width: 1280px) 100vw, 1280px\" \/> <img loading=\"lazy\" decoding=\"async\" class=\"alignnone size-medium wp-image-3618\" src=\"https:\/\/www.das-autopfand.de\/blog\/uploads\/Ford-Mondeo-10.jpeg\" alt=\"\" width=\"1280\" height=\"827\" srcset=\"https:\/\/www.das-autopfand.de\/blog\/uploads\/Ford-Mondeo-10.jpeg 1280w, https:\/\/www.das-autopfand.de\/blog\/uploads\/Ford-Mondeo-10-768x496.jpeg 768w\" sizes=\"auto, (max-width: 1280px) 100vw, 1280px\" \/> <img loading=\"lazy\" decoding=\"async\" class=\"alignnone size-full wp-image-3617\" src=\"https:\/\/www.das-autopfand.de\/blog\/uploads\/Ford-Mondeo-11.jpeg\" alt=\"\" width=\"1280\" height=\"921\" srcset=\"https:\/\/www.das-autopfand.de\/blog\/uploads\/Ford-Mondeo-11.jpeg 1280w, https:\/\/www.das-autopfand.de\/blog\/uploads\/Ford-Mondeo-11-768x553.jpeg 768w\" sizes=\"auto, (max-width: 1280px) 100vw, 1280px\" \/><\/p>\n<h2>Fragen zum Ford Mondeo<\/h2>\n<p>Haben Sie Fragen zum Ford Mondeo, dann treten Sie bitte mit uns in Kontakt. Bitte beachten Sie zuvor auch unsere <a title=\"H\u00e4ufige Fragen zur Versteigerung\" href=\"\/versteigerungen\/#faq\">FAQ zur Kfz-Versteigerung<\/a>. Hier finden Sie Antworten auf h\u00e4ufige Fragen!<\/p>\n<h2>Termin der Kfz-Versteigerung<\/h2>\n<p>Die <a title=\"Kfz-Versteigerungen bei das Autopfand\" href=\"\/versteigerungen\/\">Kfz-Versteigerung <\/a>findet am <strong>Samstag, den 12. Mai 2018<\/strong> im Kfz-Pfandleihhaus in Krefeld statt.<\/p>\n<p>M\u00f6chten Sie sich einfach und bequem \u00fcber die Termine der kommenden Kfz-Versteigerungen in unseren bundesweiten Pfandleihh\u00e4usern per Email informieren lassen, dann nutzen Sie unseren <a title=\"dap&lt;br \/&gt;&lt;br \/&gt;&lt;br \/&gt; Newsletter\" href=\"\/newsletter\/\">dap-Newsletter<\/a> oder <a title=\"https:\/\/twitter.com\/autopfand\" href=\"https:\/\/twitter.com\/autopfand\" rel=\"nofollow\">folgen Sie uns auf Twitter \u00bb<\/a><\/p>\n","protected":false},"excerpt":{"rendered":"<p>Daten zum Ford Mondeo CDTI: Der PKW wurde versteigert! \u00bb \u00dcberblick \u00fcber die n\u00e4chste Kfz-Versteigerung im Kfz-Pfandleihhaus.<\/p>\n","protected":false},"author":2,"featured_media":0,"comment_status":"closed","ping_status":"open","sticky":false,"template":"","format":"standard","meta":{"footnotes":""},"categories":[10],"tags":[],"class_list":["post-3633","post","type-post","status-publish","format-standard","hentry","category-versteigerung"],"yoast_head":"<!-- This site is optimized with the Yoast SEO plugin v26.9 - https:\/\/yoast.com\/product\/yoast-seo-wordpress\/ -->\n<title>Ford Mondeo CDTI - Kfz-Versteigerung am 12.05. -<\/title>\n<meta name=\"robots\" content=\"index, follow, max-snippet:-1, max-image-preview:large, max-video-preview:-1\" \/>\n<link rel=\"canonical\" href=\"https:\/\/www.das-autopfand.de\/blog\/ford-mondeo-kfz-versteigerung\/\" \/>\n<meta property=\"og:locale\" content=\"de_DE\" \/>\n<meta property=\"og:type\" content=\"article\" \/>\n<meta property=\"og:title\" content=\"Ford Mondeo CDTI - Kfz-Versteigerung am 12.05. -\" \/>\n<meta property=\"og:description\" content=\"Daten zum Ford Mondeo CDTI: Der PKW wurde versteigert! \u00bb \u00dcberblick \u00fcber die n\u00e4chste Kfz-Versteigerung im Kfz-Pfandleihhaus.\" \/>\n<meta property=\"og:url\" content=\"https:\/\/www.das-autopfand.de\/blog\/ford-mondeo-kfz-versteigerung\/\" \/>\n<meta property=\"article:publisher\" content=\"https:\/\/www.facebook.com\/dasautopfand\" \/>\n<meta property=\"article:author\" content=\"https:\/\/www.facebook.com\/dasautopfand\" \/>\n<meta property=\"article:published_time\" content=\"2018-04-29T13:21:03+00:00\" \/>\n<meta property=\"article:modified_time\" content=\"2025-03-02T14:08:21+00:00\" \/>\n<meta property=\"og:image\" content=\"https:\/\/www.das-autopfand.de\/blog\/uploads\/Ford-Mondeo-2.jpeg\" \/>\n\t<meta property=\"og:image:width\" content=\"1201\" \/>\n\t<meta property=\"og:image:height\" content=\"961\" \/>\n\t<meta property=\"og:image:type\" content=\"image\/jpeg\" \/>\n<meta name=\"author\" content=\"Norman Ostgathe\" \/>\n<meta name=\"twitter:card\" content=\"summary_large_image\" \/>\n<meta name=\"twitter:creator\" content=\"@https:\/\/twitter.com\/autopfand\" \/>\n<meta name=\"twitter:site\" content=\"@autopfand\" \/>\n<meta name=\"twitter:label1\" content=\"Verfasst von\" \/>\n\t<meta name=\"twitter:data1\" content=\"Norman Ostgathe\" \/>\n\t<meta name=\"twitter:label2\" content=\"Gesch\u00e4tzte Lesezeit\" \/>\n\t<meta name=\"twitter:data2\" content=\"1\u00a0Minute\" \/>\n<script type=\"application\/ld+json\" class=\"yoast-schema-graph\">{\"@context\":\"https:\/\/schema.org\",\"@graph\":[{\"@type\":\"Article\",\"@id\":\"https:\/\/www.das-autopfand.de\/blog\/ford-mondeo-kfz-versteigerung\/#article\",\"isPartOf\":{\"@id\":\"https:\/\/www.das-autopfand.de\/blog\/ford-mondeo-kfz-versteigerung\/\"},\"author\":{\"name\":\"Norman Ostgathe\",\"@id\":\"https:\/\/www.das-autopfand.de\/blog\/#\/schema\/person\/ebe927f731619d837b8245d6f9c959b0\"},\"headline\":\"Ford Mondeo CDTI &#8211; Kfz-Versteigerung am 12.05.\",\"datePublished\":\"2018-04-29T13:21:03+00:00\",\"dateModified\":\"2025-03-02T14:08:21+00:00\",\"mainEntityOfPage\":{\"@id\":\"https:\/\/www.das-autopfand.de\/blog\/ford-mondeo-kfz-versteigerung\/\"},\"wordCount\":179,\"image\":{\"@id\":\"https:\/\/www.das-autopfand.de\/blog\/ford-mondeo-kfz-versteigerung\/#primaryimage\"},\"thumbnailUrl\":\"https:\/\/www.das-autopfand.de\/blog\/uploads\/Ford-Mondeo-2.jpeg\",\"articleSection\":[\"Versteigerung\"],\"inLanguage\":\"de\"},{\"@type\":\"WebPage\",\"@id\":\"https:\/\/www.das-autopfand.de\/blog\/ford-mondeo-kfz-versteigerung\/\",\"url\":\"https:\/\/www.das-autopfand.de\/blog\/ford-mondeo-kfz-versteigerung\/\",\"name\":\"Ford Mondeo CDTI - Kfz-Versteigerung am 12.05. -\",\"isPartOf\":{\"@id\":\"https:\/\/www.das-autopfand.de\/blog\/#website\"},\"primaryImageOfPage\":{\"@id\":\"https:\/\/www.das-autopfand.de\/blog\/ford-mondeo-kfz-versteigerung\/#primaryimage\"},\"image\":{\"@id\":\"https:\/\/www.das-autopfand.de\/blog\/ford-mondeo-kfz-versteigerung\/#primaryimage\"},\"thumbnailUrl\":\"https:\/\/www.das-autopfand.de\/blog\/uploads\/Ford-Mondeo-2.jpeg\",\"datePublished\":\"2018-04-29T13:21:03+00:00\",\"dateModified\":\"2025-03-02T14:08:21+00:00\",\"author\":{\"@id\":\"https:\/\/www.das-autopfand.de\/blog\/#\/schema\/person\/ebe927f731619d837b8245d6f9c959b0\"},\"inLanguage\":\"de\",\"potentialAction\":[{\"@type\":\"ReadAction\",\"target\":[\"https:\/\/www.das-autopfand.de\/blog\/ford-mondeo-kfz-versteigerung\/\"]}]},{\"@type\":\"ImageObject\",\"inLanguage\":\"de\",\"@id\":\"https:\/\/www.das-autopfand.de\/blog\/ford-mondeo-kfz-versteigerung\/#primaryimage\",\"url\":\"https:\/\/www.das-autopfand.de\/blog\/uploads\/Ford-Mondeo-2.jpeg\",\"contentUrl\":\"https:\/\/www.das-autopfand.de\/blog\/uploads\/Ford-Mondeo-2.jpeg\",\"width\":1201,\"height\":961,\"caption\":\"Ford Mondeo\"},{\"@type\":\"WebSite\",\"@id\":\"https:\/\/www.das-autopfand.de\/blog\/#website\",\"url\":\"https:\/\/www.das-autopfand.de\/blog\/\",\"name\":\"\",\"description\":\"News aus dem KFZ-Pfandleihhaus\",\"potentialAction\":[{\"@type\":\"SearchAction\",\"target\":{\"@type\":\"EntryPoint\",\"urlTemplate\":\"https:\/\/www.das-autopfand.de\/blog\/?s={search_term_string}\"},\"query-input\":{\"@type\":\"PropertyValueSpecification\",\"valueRequired\":true,\"valueName\":\"search_term_string\"}}],\"inLanguage\":\"de\"},{\"@type\":\"Person\",\"@id\":\"https:\/\/www.das-autopfand.de\/blog\/#\/schema\/person\/ebe927f731619d837b8245d6f9c959b0\",\"name\":\"Norman Ostgathe\",\"description\":\"Seit 2007 betreibe ich das bundesweit t\u00e4tige Kfz-Pfandleihhaus dap - das Autopfand. Mit unseren Autopfandh\u00e4usern in Krefeld, Recklinghausen, Dortmund, Sinsheim, Frankfurt am Main, M\u00fcnchen und Wolfratshausen haben wir uns auf die unkomplizierte und schnelle L\u00f6sung finanzieller Probleme spezialisiert. Wir beleihen Ihr KFZ und Sie erhalten sofort Bargeld.\",\"sameAs\":[\"https:\/\/www.facebook.com\/dasautopfand\",\"https:\/\/x.com\/https:\/\/twitter.com\/autopfand\"],\"url\":\"https:\/\/www.das-autopfand.de\/blog\/author\/dap\/\"}]}<\/script>\n<!-- \/ Yoast SEO plugin. -->","yoast_head_json":{"title":"Ford Mondeo CDTI - Kfz-Versteigerung am 12.05. -","robots":{"index":"index","follow":"follow","max-snippet":"max-snippet:-1","max-image-preview":"max-image-preview:large","max-video-preview":"max-video-preview:-1"},"canonical":"https:\/\/www.das-autopfand.de\/blog\/ford-mondeo-kfz-versteigerung\/","og_locale":"de_DE","og_type":"article","og_title":"Ford Mondeo CDTI - Kfz-Versteigerung am 12.05. -","og_description":"Daten zum Ford Mondeo CDTI: Der PKW wurde versteigert! \u00bb \u00dcberblick \u00fcber die n\u00e4chste Kfz-Versteigerung im Kfz-Pfandleihhaus.","og_url":"https:\/\/www.das-autopfand.de\/blog\/ford-mondeo-kfz-versteigerung\/","article_publisher":"https:\/\/www.facebook.com\/dasautopfand","article_author":"https:\/\/www.facebook.com\/dasautopfand","article_published_time":"2018-04-29T13:21:03+00:00","article_modified_time":"2025-03-02T14:08:21+00:00","og_image":[{"width":1201,"height":961,"url":"https:\/\/www.das-autopfand.de\/blog\/uploads\/Ford-Mondeo-2.jpeg","type":"image\/jpeg"}],"author":"Norman Ostgathe","twitter_card":"summary_large_image","twitter_creator":"@https:\/\/twitter.com\/autopfand","twitter_site":"@autopfand","twitter_misc":{"Verfasst von":"Norman Ostgathe","Gesch\u00e4tzte Lesezeit":"1\u00a0Minute"},"schema":{"@context":"https:\/\/schema.org","@graph":[{"@type":"Article","@id":"https:\/\/www.das-autopfand.de\/blog\/ford-mondeo-kfz-versteigerung\/#article","isPartOf":{"@id":"https:\/\/www.das-autopfand.de\/blog\/ford-mondeo-kfz-versteigerung\/"},"author":{"name":"Norman Ostgathe","@id":"https:\/\/www.das-autopfand.de\/blog\/#\/schema\/person\/ebe927f731619d837b8245d6f9c959b0"},"headline":"Ford Mondeo CDTI &#8211; Kfz-Versteigerung am 12.05.","datePublished":"2018-04-29T13:21:03+00:00","dateModified":"2025-03-02T14:08:21+00:00","mainEntityOfPage":{"@id":"https:\/\/www.das-autopfand.de\/blog\/ford-mondeo-kfz-versteigerung\/"},"wordCount":179,"image":{"@id":"https:\/\/www.das-autopfand.de\/blog\/ford-mondeo-kfz-versteigerung\/#primaryimage"},"thumbnailUrl":"https:\/\/www.das-autopfand.de\/blog\/uploads\/Ford-Mondeo-2.jpeg","articleSection":["Versteigerung"],"inLanguage":"de"},{"@type":"WebPage","@id":"https:\/\/www.das-autopfand.de\/blog\/ford-mondeo-kfz-versteigerung\/","url":"https:\/\/www.das-autopfand.de\/blog\/ford-mondeo-kfz-versteigerung\/","name":"Ford Mondeo CDTI - Kfz-Versteigerung am 12.05. -","isPartOf":{"@id":"https:\/\/www.das-autopfand.de\/blog\/#website"},"primaryImageOfPage":{"@id":"https:\/\/www.das-autopfand.de\/blog\/ford-mondeo-kfz-versteigerung\/#primaryimage"},"image":{"@id":"https:\/\/www.das-autopfand.de\/blog\/ford-mondeo-kfz-versteigerung\/#primaryimage"},"thumbnailUrl":"https:\/\/www.das-autopfand.de\/blog\/uploads\/Ford-Mondeo-2.jpeg","datePublished":"2018-04-29T13:21:03+00:00","dateModified":"2025-03-02T14:08:21+00:00","author":{"@id":"https:\/\/www.das-autopfand.de\/blog\/#\/schema\/person\/ebe927f731619d837b8245d6f9c959b0"},"inLanguage":"de","potentialAction":[{"@type":"ReadAction","target":["https:\/\/www.das-autopfand.de\/blog\/ford-mondeo-kfz-versteigerung\/"]}]},{"@type":"ImageObject","inLanguage":"de","@id":"https:\/\/www.das-autopfand.de\/blog\/ford-mondeo-kfz-versteigerung\/#primaryimage","url":"https:\/\/www.das-autopfand.de\/blog\/uploads\/Ford-Mondeo-2.jpeg","contentUrl":"https:\/\/www.das-autopfand.de\/blog\/uploads\/Ford-Mondeo-2.jpeg","width":1201,"height":961,"caption":"Ford Mondeo"},{"@type":"WebSite","@id":"https:\/\/www.das-autopfand.de\/blog\/#website","url":"https:\/\/www.das-autopfand.de\/blog\/","name":"","description":"News aus dem KFZ-Pfandleihhaus","potentialAction":[{"@type":"SearchAction","target":{"@type":"EntryPoint","urlTemplate":"https:\/\/www.das-autopfand.de\/blog\/?s={search_term_string}"},"query-input":{"@type":"PropertyValueSpecification","valueRequired":true,"valueName":"search_term_string"}}],"inLanguage":"de"},{"@type":"Person","@id":"https:\/\/www.das-autopfand.de\/blog\/#\/schema\/person\/ebe927f731619d837b8245d6f9c959b0","name":"Norman Ostgathe","description":"Seit 2007 betreibe ich das bundesweit t\u00e4tige Kfz-Pfandleihhaus dap - das Autopfand. Mit unseren Autopfandh\u00e4usern in Krefeld, Recklinghausen, Dortmund, Sinsheim, Frankfurt am Main, M\u00fcnchen und Wolfratshausen haben wir uns auf die unkomplizierte und schnelle L\u00f6sung finanzieller Probleme spezialisiert. Wir beleihen Ihr KFZ und Sie erhalten sofort Bargeld.","sameAs":["https:\/\/www.facebook.com\/dasautopfand","https:\/\/x.com\/https:\/\/twitter.com\/autopfand"],"url":"https:\/\/www.das-autopfand.de\/blog\/author\/dap\/"}]}},"_links":{"self":[{"href":"https:\/\/www.das-autopfand.de\/blog\/wp-json\/wp\/v2\/posts\/3633","targetHints":{"allow":["GET"]}}],"collection":[{"href":"https:\/\/www.das-autopfand.de\/blog\/wp-json\/wp\/v2\/posts"}],"about":[{"href":"https:\/\/www.das-autopfand.de\/blog\/wp-json\/wp\/v2\/types\/post"}],"author":[{"embeddable":true,"href":"https:\/\/www.das-autopfand.de\/blog\/wp-json\/wp\/v2\/users\/2"}],"replies":[{"embeddable":true,"href":"https:\/\/www.das-autopfand.de\/blog\/wp-json\/wp\/v2\/comments?post=3633"}],"version-history":[{"count":0,"href":"https:\/\/www.das-autopfand.de\/blog\/wp-json\/wp\/v2\/posts\/3633\/revisions"}],"wp:attachment":[{"href":"https:\/\/www.das-autopfand.de\/blog\/wp-json\/wp\/v2\/media?parent=3633"}],"wp:term":[{"taxonomy":"category","embeddable":true,"href":"https:\/\/www.das-autopfand.de\/blog\/wp-json\/wp\/v2\/categories?post=3633"},{"taxonomy":"post_tag","embeddable":true,"href":"https:\/\/www.das-autopfand.de\/blog\/wp-json\/wp\/v2\/tags?post=3633"}],"curies":[{"name":"wp","href":"https:\/\/api.w.org\/{rel}","templated":true}]}}