{"id":4418,"date":"2020-05-16T17:08:17","date_gmt":"2020-05-16T15:08:17","guid":{"rendered":"https:\/\/www.das-autopfand.de\/blog\/?p=4418"},"modified":"2025-03-02T16:08:18","modified_gmt":"2025-03-02T14:08:18","slug":"vw-beetle-kfz-versteigerung","status":"publish","type":"post","link":"https:\/\/www.das-autopfand.de\/blog\/vw-beetle-kfz-versteigerung\/","title":{"rendered":"VW Beetle Cabrio 2.0 TSI &#8211; Kfz-Versteigerung am 06.06."},"content":{"rendered":"<p><img loading=\"lazy\" decoding=\"async\" class=\"alignnone size-full wp-image-4419\" src=\"https:\/\/www.das-autopfand.de\/blog\/uploads\/volkswagen-beetle-cabrio.jpg\" alt=\"Volkswagen Beetle Cabrio\" width=\"640\" height=\"480\" \/><\/p>\n<p>Daten zum <strong>Volkswagen Beetle Cabriolet 2.0 TSI<\/strong>:<\/p>\n<p><strong><span class=\"hinweis\">Der VW wurde am 06.06.2020 versteigert!<br \/>\n\u00bb \u00dcberblick \u00fcber die n\u00e4chste <a title=\"Kfz-Versteigerungen bei das Autopfand\" href=\"https:\/\/www.das-autopfand.de\/versteigerungen\/\">Kfz-Versteigerung im Kfz-Pfandleihhaus<\/a>. \u00a0\u00a0\u00a0\u00a0\u00a0\u00a0\u00a0\u00a0\u00a0\u00a0\u00a0\u00a0\u00a0\u00a0\u00a0 <\/span><\/strong><\/p>\n<p><!--more-->Typ: Volkswagen Beetle Cabriolet 2.0 TSI (16)Cabriolet \/ Sport<br \/>\nErstzulassung: 21.05.2014<br \/>\nKm-Stand: 30.573<br \/>\nKraftstoff: Benzin<br \/>\nKW: 155 ( 211 PS )<br \/>\nAu\u00dfenfarbe: blau<br \/>\nGetriebeart: Manuell<br \/>\nHubraum: 1984<br \/>\nT\u00fcren: 2<br \/>\nVorbesitzer: 2<br \/>\nFahrzeugausstattung: Airbag Beifahrerseite abschaltbar \/ Airbag Fahrer-\/Beifahrerseite \/ Anti-Blockier-System (ABS) \/ Antriebs-Schlupfregelung (ASR) \/ Antriebsart: Frontantrieb \/ Audiosystem RCD 310 mit MP3-Wiedergabefunktion (Radio\/CD-Player) \/ Ausstattung Sport \/ Au\u00dfenspiegel asph\u00e4risch, links \/ Au\u00dfenspiegel elektr. verstell- und heizbar \/ Au\u00dfenspiegel schwarz lackiert \/ Blinkleuchte in Au\u00dfenspiegel integriert \/ Bremsassistent \/ Bremss\u00e4ttel Rot lackiert \/ Chromeinfassung Lufteinlass Sto\u00dff\u00e4nger vorn \/ Chromleisten an Seitenfenstern \/ Doppeltonhorn \/ Einstiegshilfe Easy-Entry \/ Elektron. Differentialsperre (EDS) \/ Elektron. Differentialsperre (XDS) \/ Elektron. Stabilit\u00e4ts-Programm (ESP) \/ Fahrassistenz-System: Berganfahr-Assistent \/ Fensterheber elektrisch vorn \/ Fernbedienung f\u00fcr Zentralverriegelung \/ Frontscheibe Verbundglas get\u00f6nt \/ Getriebe 6-Gang \/ Handbremshebelgriff Leder \/ Handschuhfach zus\u00e4tzlich (K\u00e4ferfach) \/ Heckspoiler \/ Isofix-Aufnahmen f\u00fcr Kindersitz an R\u00fccksitz \/ Karosserie: 2-t\u00fcrig \/ Klimaanlage Climatic \/ Kopfst\u00fctzen hinten (2-fach) \/ Lendenwirbelst\u00fctzen vorn \/ Lenks\u00e4ule (Lenkrad) mechan. verstellbar, H\u00f6hen-\/L\u00e4ngsverstellung \/ Leuchtweitenregelung \/ Motor 2,0 Ltr. &#8211; 155 kW 16V TSI \/ Multifunktionsanzeige Plus \/ Nebelscheinwerfer mit integriertem Abbiegelicht \/ Nebelschlussleuchte \/ Nichtraucher-Paket \/ Pedale Edelstahl \/ Aluminium-Design \/ Reifen-Reparaturkit \/ Reifenkontroll-Anzeige \/ R\u00fccksitz geteilt \/ klappbar \/ Schadstoffarm nach Abgasnorm Euro 5 \/ Schalt-\/W\u00e4hlhebelgriff Leder \/ Seitenairbag vorn mit Kopf-Airbag-Einheit \/ Seitenschutzleisten schwarz mit Chromeinlage \/ Servolenkung elektronisch gesteuert (Servotronic) \/ Sitze vorn h\u00f6henverstellbar \/ Sport-Fahrwerk \/ Sportsitze vorn \/ Staub- und Pollenfilter mit Aktivkohlefilter \/ Sto\u00dff\u00e4nger lackiert \/ Textilfussmatten \/ T\u00fcrgriffe au\u00dfen Wagenfarbe \/ Verbandkasten und Warndreieck \/ Verdeckbet\u00e4tigung elektro-hydraulisch \/ Wegfahrsperre (elektronisch) \/ W\u00e4rmeschutzverglasung gr\u00fcn get\u00f6nt (seitlich \/ hinten) \/ Zentralverriegelung \/ V Ausstattungs-Paket: Licht Sicht \/ V Au\u00dfenspiegel elektr. anklappbar \/ V Bi-Xenon-Scheinwerfer \/ V Dekor-\/Zierfolie Doppelstreifen (Motorraumklappe und Gep\u00e4ckraumklappe) \/ V Dekor-\/Zierfolie K\u00e4fer \/ Beetle \/ Volkswagen (T\u00fcren unten) \/ V Geschwindigkeits-Regelanlage (Tempomat) \/ V Innenausstattung: Leder Vienna (inkl. Sitzheizung vorn) \/ V Lenkrad (Leder) mit Multifunktion \/ V LM-Felgen 8&#215;18 (Twister \/ PG Design, schwarz) \/ V Navigationsmodul RNS 315 (f\u00fcr Audiosystem RCD 310) \/ V Schlie\u00df-\/Startsystem Keyless Access \/ V Sonderlackierung Denim Blue \/ V Sound-System Fender Sound \/ V Vorr\u00fcstung Mobiltelefon\/Handy mit Bluetooth-Schnittstelle \/ V Windschott \/ V Winter-Paket \/ V Zusatzinstrumente<\/p>\n<table width=\"500\">\n<tbody>\n<tr>\n<td width=\"300\">Vorhandene Unterlagen:<\/td>\n<td width=\"100\">JA<\/td>\n<td width=\"100\">NEIN<\/td>\n<\/tr>\n<tr>\n<td width=\"300\">Fahrzeugschein<\/td>\n<td width=\"100\">X<\/td>\n<td width=\"100\"><\/td>\n<\/tr>\n<tr>\n<td width=\"300\">Fahrzeugbrief<\/td>\n<td width=\"100\">X<\/td>\n<td width=\"100\"><\/td>\n<\/tr>\n<tr>\n<td width=\"300\">Scheckheft<\/td>\n<td width=\"100\">X<\/td>\n<td width=\"100\"><\/td>\n<\/tr>\n<tr>\n<td width=\"300\">Gutachten<\/td>\n<td width=\"100\"><\/td>\n<td width=\"100\">X<\/td>\n<\/tr>\n<tr>\n<td width=\"300\">T\u00dcV Bescheinigung<\/td>\n<td width=\"100\">X<\/td>\n<td width=\"100\">( T\u00dcV bis: 06\/2019 )<\/td>\n<\/tr>\n<tr>\n<td width=\"300\">COC-Papiere<\/td>\n<td width=\"100\"><\/td>\n<td width=\"100\">X<\/td>\n<\/tr>\n<\/tbody>\n<\/table>\n<p>Alle Angaben ohne Gew\u00e4hr und laut Auskunft der Vorbesitzer. Wir versteigern im Namen und auf Rechnung der jeweiligen Eigent\u00fcmer.<\/p>\n<h2>Weitere Fotos vom Volkswagen Beetle Cabrio<\/h2>\n<p><img loading=\"lazy\" decoding=\"async\" class=\"alignnone size-medium wp-image-4430\" src=\"https:\/\/www.das-autopfand.de\/blog\/uploads\/1954-img-2365.jpg\" alt=\"\" width=\"640\" height=\"480\" \/><img loading=\"lazy\" decoding=\"async\" class=\"alignnone size-medium wp-image-4434\" src=\"https:\/\/www.das-autopfand.de\/blog\/uploads\/1954-img-2369.jpg\" alt=\"\" width=\"640\" height=\"480\" \/><img loading=\"lazy\" decoding=\"async\" class=\"alignnone size-medium wp-image-4433\" src=\"https:\/\/www.das-autopfand.de\/blog\/uploads\/1954-img-2368.jpg\" alt=\"\" width=\"640\" height=\"480\" \/><img loading=\"lazy\" decoding=\"async\" class=\"alignnone size-medium wp-image-4421\" src=\"https:\/\/www.das-autopfand.de\/blog\/uploads\/1954-img-2371.jpg\" alt=\"\" width=\"640\" height=\"480\" \/> <img loading=\"lazy\" decoding=\"async\" class=\"alignnone size-medium wp-image-4425\" src=\"https:\/\/www.das-autopfand.de\/blog\/uploads\/1954-img-2375.jpg\" alt=\"\" width=\"640\" height=\"480\" \/><img loading=\"lazy\" decoding=\"async\" class=\"alignnone size-medium wp-image-4422\" src=\"https:\/\/www.das-autopfand.de\/blog\/uploads\/1954-img-2372.jpg\" alt=\"\" width=\"640\" height=\"480\" \/> <img loading=\"lazy\" decoding=\"async\" class=\"alignnone size-medium wp-image-4423\" src=\"https:\/\/www.das-autopfand.de\/blog\/uploads\/1954-img-2373.jpg\" alt=\"\" width=\"640\" height=\"480\" \/> <img loading=\"lazy\" decoding=\"async\" class=\"alignnone size-medium wp-image-4424\" src=\"https:\/\/www.das-autopfand.de\/blog\/uploads\/1954-img-2374.jpg\" alt=\"\" width=\"640\" height=\"480\" \/>\u00a0 <img loading=\"lazy\" decoding=\"async\" class=\"alignnone size-medium wp-image-4426\" src=\"https:\/\/www.das-autopfand.de\/blog\/uploads\/1954-img-2376.jpg\" alt=\"\" width=\"640\" height=\"480\" \/> <img loading=\"lazy\" decoding=\"async\" class=\"alignnone size-medium wp-image-4427\" src=\"https:\/\/www.das-autopfand.de\/blog\/uploads\/1954-img-2377.jpg\" alt=\"\" width=\"640\" height=\"480\" \/> <img loading=\"lazy\" decoding=\"async\" class=\"alignnone size-medium wp-image-4428\" src=\"https:\/\/www.das-autopfand.de\/blog\/uploads\/1954-img-2378.jpg\" alt=\"\" width=\"640\" height=\"480\" \/> <img loading=\"lazy\" decoding=\"async\" class=\"alignnone size-medium wp-image-4429\" src=\"https:\/\/www.das-autopfand.de\/blog\/uploads\/1954-img-2379.jpg\" alt=\"\" width=\"640\" height=\"480\" \/>\u00a0 <img loading=\"lazy\" decoding=\"async\" class=\"alignnone size-medium wp-image-4431\" src=\"https:\/\/www.das-autopfand.de\/blog\/uploads\/1954-img-2366.jpg\" alt=\"\" width=\"640\" height=\"480\" \/> <img loading=\"lazy\" decoding=\"async\" class=\"alignnone size-medium wp-image-4432\" src=\"https:\/\/www.das-autopfand.de\/blog\/uploads\/1954-img-2367.jpg\" alt=\"\" width=\"640\" height=\"480\" \/>\u00a0 <img loading=\"lazy\" decoding=\"async\" class=\"alignnone size-full wp-image-4420\" src=\"https:\/\/www.das-autopfand.de\/blog\/uploads\/1954-img-2370.jpg\" alt=\"\" width=\"640\" height=\"480\" \/><\/p>\n<h2>Fragen zum VW Beetle Cabrio<\/h2>\n<p>Haben Sie Fragen zum Volkswagen Beetle Cabrio, dann treten Sie bitte mit uns in Kontakt. Bitte beachten Sie zuvor auch unsere <a title=\"H\u00e4ufige Fragen zur Versteigerung\" href=\"\/versteigerungen\/#faq\">FAQ zur Kfz-Versteigerung<\/a>. Hier finden Sie Antworten auf h\u00e4ufige Fragen!<\/p>\n<h2>Termin der Kfz-Versteigerung<\/h2>\n<p>Die <a title=\"Kfz-Versteigerungen bei das Autopfand\" href=\"\/versteigerungen\/\">Kfz-Versteigerung <\/a>findet am <strong>Samstag, den 06. Juni 2020<\/strong> im Kfz-Pfandleihhaus in Krefeld statt.<\/p>\n<p>M\u00f6chten Sie sich einfach und bequem \u00fcber die Termine der kommenden Kfz-Versteigerungen in unseren bundesweiten Pfandleihh\u00e4usern per Email informieren lassen, dann nutzen Sie unseren <a title=\"dap&lt;br \/&gt; Newsletter\" href=\"\/newsletter\/\">dap-Newsletter<\/a> oder <a title=\"https:\/\/twitter.com\/autopfand\" href=\"https:\/\/twitter.com\/autopfand\" rel=\"nofollow\">folgen Sie uns auf Twitter \u00bb<\/a><\/p>\n","protected":false},"excerpt":{"rendered":"<p>Daten zum Volkswagen Beetle Cabriolet 2.0 TSI: Der VW wurde am 06.06.2020 versteigert! \u00bb \u00dcberblick \u00fcber die n\u00e4chste Kfz-Versteigerung im Kfz-Pfandleihhaus. \u00a0\u00a0\u00a0\u00a0\u00a0\u00a0\u00a0\u00a0\u00a0\u00a0\u00a0\u00a0\u00a0\u00a0\u00a0<\/p>\n","protected":false},"author":2,"featured_media":0,"comment_status":"closed","ping_status":"open","sticky":false,"template":"","format":"standard","meta":{"footnotes":""},"categories":[10],"tags":[],"class_list":["post-4418","post","type-post","status-publish","format-standard","hentry","category-versteigerung"],"yoast_head":"<!-- This site is optimized with the Yoast SEO plugin v26.9 - https:\/\/yoast.com\/product\/yoast-seo-wordpress\/ -->\n<title>VW Beetle Cabrio 2.0 TSI - Kfz-Versteigerung am 06.06. -<\/title>\n<meta name=\"robots\" content=\"index, follow, max-snippet:-1, max-image-preview:large, max-video-preview:-1\" \/>\n<link rel=\"canonical\" href=\"https:\/\/www.das-autopfand.de\/blog\/vw-beetle-kfz-versteigerung\/\" \/>\n<meta property=\"og:locale\" content=\"de_DE\" \/>\n<meta property=\"og:type\" content=\"article\" \/>\n<meta property=\"og:title\" content=\"VW Beetle Cabrio 2.0 TSI - Kfz-Versteigerung am 06.06. -\" \/>\n<meta property=\"og:description\" content=\"Daten zum Volkswagen Beetle Cabriolet 2.0 TSI: Der VW wurde am 06.06.2020 versteigert! \u00bb \u00dcberblick \u00fcber die n\u00e4chste Kfz-Versteigerung im Kfz-Pfandleihhaus. \u00a0\u00a0\u00a0\u00a0\u00a0\u00a0\u00a0\u00a0\u00a0\u00a0\u00a0\u00a0\u00a0\u00a0\u00a0\" \/>\n<meta property=\"og:url\" content=\"https:\/\/www.das-autopfand.de\/blog\/vw-beetle-kfz-versteigerung\/\" \/>\n<meta property=\"article:publisher\" content=\"https:\/\/www.facebook.com\/dasautopfand\" \/>\n<meta property=\"article:author\" content=\"https:\/\/www.facebook.com\/dasautopfand\" \/>\n<meta property=\"article:published_time\" content=\"2020-05-16T15:08:17+00:00\" \/>\n<meta property=\"article:modified_time\" content=\"2025-03-02T14:08:18+00:00\" \/>\n<meta property=\"og:image\" content=\"https:\/\/www.das-autopfand.de\/blog\/uploads\/volkswagen-beetle-cabrio.jpg\" \/>\n\t<meta property=\"og:image:width\" content=\"640\" \/>\n\t<meta property=\"og:image:height\" content=\"480\" \/>\n\t<meta property=\"og:image:type\" content=\"image\/jpeg\" \/>\n<meta name=\"author\" content=\"Norman Ostgathe\" \/>\n<meta name=\"twitter:card\" content=\"summary_large_image\" \/>\n<meta name=\"twitter:creator\" content=\"@https:\/\/twitter.com\/autopfand\" \/>\n<meta name=\"twitter:site\" content=\"@autopfand\" \/>\n<meta name=\"twitter:label1\" content=\"Verfasst von\" \/>\n\t<meta name=\"twitter:data1\" content=\"Norman Ostgathe\" \/>\n\t<meta name=\"twitter:label2\" content=\"Gesch\u00e4tzte Lesezeit\" \/>\n\t<meta name=\"twitter:data2\" content=\"2\u00a0Minuten\" \/>\n<script type=\"application\/ld+json\" class=\"yoast-schema-graph\">{\"@context\":\"https:\/\/schema.org\",\"@graph\":[{\"@type\":\"Article\",\"@id\":\"https:\/\/www.das-autopfand.de\/blog\/vw-beetle-kfz-versteigerung\/#article\",\"isPartOf\":{\"@id\":\"https:\/\/www.das-autopfand.de\/blog\/vw-beetle-kfz-versteigerung\/\"},\"author\":{\"name\":\"Norman Ostgathe\",\"@id\":\"https:\/\/www.das-autopfand.de\/blog\/#\/schema\/person\/ebe927f731619d837b8245d6f9c959b0\"},\"headline\":\"VW Beetle Cabrio 2.0 TSI &#8211; Kfz-Versteigerung am 06.06.\",\"datePublished\":\"2020-05-16T15:08:17+00:00\",\"dateModified\":\"2025-03-02T14:08:18+00:00\",\"mainEntityOfPage\":{\"@id\":\"https:\/\/www.das-autopfand.de\/blog\/vw-beetle-kfz-versteigerung\/\"},\"wordCount\":469,\"image\":{\"@id\":\"https:\/\/www.das-autopfand.de\/blog\/vw-beetle-kfz-versteigerung\/#primaryimage\"},\"thumbnailUrl\":\"https:\/\/www.das-autopfand.de\/blog\/uploads\/volkswagen-beetle-cabrio.jpg\",\"articleSection\":[\"Versteigerung\"],\"inLanguage\":\"de\"},{\"@type\":\"WebPage\",\"@id\":\"https:\/\/www.das-autopfand.de\/blog\/vw-beetle-kfz-versteigerung\/\",\"url\":\"https:\/\/www.das-autopfand.de\/blog\/vw-beetle-kfz-versteigerung\/\",\"name\":\"VW Beetle Cabrio 2.0 TSI - Kfz-Versteigerung am 06.06. -\",\"isPartOf\":{\"@id\":\"https:\/\/www.das-autopfand.de\/blog\/#website\"},\"primaryImageOfPage\":{\"@id\":\"https:\/\/www.das-autopfand.de\/blog\/vw-beetle-kfz-versteigerung\/#primaryimage\"},\"image\":{\"@id\":\"https:\/\/www.das-autopfand.de\/blog\/vw-beetle-kfz-versteigerung\/#primaryimage\"},\"thumbnailUrl\":\"https:\/\/www.das-autopfand.de\/blog\/uploads\/volkswagen-beetle-cabrio.jpg\",\"datePublished\":\"2020-05-16T15:08:17+00:00\",\"dateModified\":\"2025-03-02T14:08:18+00:00\",\"author\":{\"@id\":\"https:\/\/www.das-autopfand.de\/blog\/#\/schema\/person\/ebe927f731619d837b8245d6f9c959b0\"},\"inLanguage\":\"de\",\"potentialAction\":[{\"@type\":\"ReadAction\",\"target\":[\"https:\/\/www.das-autopfand.de\/blog\/vw-beetle-kfz-versteigerung\/\"]}]},{\"@type\":\"ImageObject\",\"inLanguage\":\"de\",\"@id\":\"https:\/\/www.das-autopfand.de\/blog\/vw-beetle-kfz-versteigerung\/#primaryimage\",\"url\":\"https:\/\/www.das-autopfand.de\/blog\/uploads\/volkswagen-beetle-cabrio.jpg\",\"contentUrl\":\"https:\/\/www.das-autopfand.de\/blog\/uploads\/volkswagen-beetle-cabrio.jpg\",\"width\":640,\"height\":480,\"caption\":\"Volkswagen Beetle Cabrio\"},{\"@type\":\"WebSite\",\"@id\":\"https:\/\/www.das-autopfand.de\/blog\/#website\",\"url\":\"https:\/\/www.das-autopfand.de\/blog\/\",\"name\":\"\",\"description\":\"News aus dem KFZ-Pfandleihhaus\",\"potentialAction\":[{\"@type\":\"SearchAction\",\"target\":{\"@type\":\"EntryPoint\",\"urlTemplate\":\"https:\/\/www.das-autopfand.de\/blog\/?s={search_term_string}\"},\"query-input\":{\"@type\":\"PropertyValueSpecification\",\"valueRequired\":true,\"valueName\":\"search_term_string\"}}],\"inLanguage\":\"de\"},{\"@type\":\"Person\",\"@id\":\"https:\/\/www.das-autopfand.de\/blog\/#\/schema\/person\/ebe927f731619d837b8245d6f9c959b0\",\"name\":\"Norman Ostgathe\",\"description\":\"Seit 2007 betreibe ich das bundesweit t\u00e4tige Kfz-Pfandleihhaus dap - das Autopfand. Mit unseren Autopfandh\u00e4usern in Krefeld, Recklinghausen, Dortmund, Sinsheim, Frankfurt am Main, M\u00fcnchen und Wolfratshausen haben wir uns auf die unkomplizierte und schnelle L\u00f6sung finanzieller Probleme spezialisiert. Wir beleihen Ihr KFZ und Sie erhalten sofort Bargeld.\",\"sameAs\":[\"https:\/\/www.facebook.com\/dasautopfand\",\"https:\/\/x.com\/https:\/\/twitter.com\/autopfand\"],\"url\":\"https:\/\/www.das-autopfand.de\/blog\/author\/dap\/\"}]}<\/script>\n<!-- \/ Yoast SEO plugin. -->","yoast_head_json":{"title":"VW Beetle Cabrio 2.0 TSI - Kfz-Versteigerung am 06.06. -","robots":{"index":"index","follow":"follow","max-snippet":"max-snippet:-1","max-image-preview":"max-image-preview:large","max-video-preview":"max-video-preview:-1"},"canonical":"https:\/\/www.das-autopfand.de\/blog\/vw-beetle-kfz-versteigerung\/","og_locale":"de_DE","og_type":"article","og_title":"VW Beetle Cabrio 2.0 TSI - Kfz-Versteigerung am 06.06. -","og_description":"Daten zum Volkswagen Beetle Cabriolet 2.0 TSI: Der VW wurde am 06.06.2020 versteigert! \u00bb \u00dcberblick \u00fcber die n\u00e4chste Kfz-Versteigerung im Kfz-Pfandleihhaus. \u00a0\u00a0\u00a0\u00a0\u00a0\u00a0\u00a0\u00a0\u00a0\u00a0\u00a0\u00a0\u00a0\u00a0\u00a0","og_url":"https:\/\/www.das-autopfand.de\/blog\/vw-beetle-kfz-versteigerung\/","article_publisher":"https:\/\/www.facebook.com\/dasautopfand","article_author":"https:\/\/www.facebook.com\/dasautopfand","article_published_time":"2020-05-16T15:08:17+00:00","article_modified_time":"2025-03-02T14:08:18+00:00","og_image":[{"width":640,"height":480,"url":"https:\/\/www.das-autopfand.de\/blog\/uploads\/volkswagen-beetle-cabrio.jpg","type":"image\/jpeg"}],"author":"Norman Ostgathe","twitter_card":"summary_large_image","twitter_creator":"@https:\/\/twitter.com\/autopfand","twitter_site":"@autopfand","twitter_misc":{"Verfasst von":"Norman Ostgathe","Gesch\u00e4tzte Lesezeit":"2\u00a0Minuten"},"schema":{"@context":"https:\/\/schema.org","@graph":[{"@type":"Article","@id":"https:\/\/www.das-autopfand.de\/blog\/vw-beetle-kfz-versteigerung\/#article","isPartOf":{"@id":"https:\/\/www.das-autopfand.de\/blog\/vw-beetle-kfz-versteigerung\/"},"author":{"name":"Norman Ostgathe","@id":"https:\/\/www.das-autopfand.de\/blog\/#\/schema\/person\/ebe927f731619d837b8245d6f9c959b0"},"headline":"VW Beetle Cabrio 2.0 TSI &#8211; Kfz-Versteigerung am 06.06.","datePublished":"2020-05-16T15:08:17+00:00","dateModified":"2025-03-02T14:08:18+00:00","mainEntityOfPage":{"@id":"https:\/\/www.das-autopfand.de\/blog\/vw-beetle-kfz-versteigerung\/"},"wordCount":469,"image":{"@id":"https:\/\/www.das-autopfand.de\/blog\/vw-beetle-kfz-versteigerung\/#primaryimage"},"thumbnailUrl":"https:\/\/www.das-autopfand.de\/blog\/uploads\/volkswagen-beetle-cabrio.jpg","articleSection":["Versteigerung"],"inLanguage":"de"},{"@type":"WebPage","@id":"https:\/\/www.das-autopfand.de\/blog\/vw-beetle-kfz-versteigerung\/","url":"https:\/\/www.das-autopfand.de\/blog\/vw-beetle-kfz-versteigerung\/","name":"VW Beetle Cabrio 2.0 TSI - Kfz-Versteigerung am 06.06. -","isPartOf":{"@id":"https:\/\/www.das-autopfand.de\/blog\/#website"},"primaryImageOfPage":{"@id":"https:\/\/www.das-autopfand.de\/blog\/vw-beetle-kfz-versteigerung\/#primaryimage"},"image":{"@id":"https:\/\/www.das-autopfand.de\/blog\/vw-beetle-kfz-versteigerung\/#primaryimage"},"thumbnailUrl":"https:\/\/www.das-autopfand.de\/blog\/uploads\/volkswagen-beetle-cabrio.jpg","datePublished":"2020-05-16T15:08:17+00:00","dateModified":"2025-03-02T14:08:18+00:00","author":{"@id":"https:\/\/www.das-autopfand.de\/blog\/#\/schema\/person\/ebe927f731619d837b8245d6f9c959b0"},"inLanguage":"de","potentialAction":[{"@type":"ReadAction","target":["https:\/\/www.das-autopfand.de\/blog\/vw-beetle-kfz-versteigerung\/"]}]},{"@type":"ImageObject","inLanguage":"de","@id":"https:\/\/www.das-autopfand.de\/blog\/vw-beetle-kfz-versteigerung\/#primaryimage","url":"https:\/\/www.das-autopfand.de\/blog\/uploads\/volkswagen-beetle-cabrio.jpg","contentUrl":"https:\/\/www.das-autopfand.de\/blog\/uploads\/volkswagen-beetle-cabrio.jpg","width":640,"height":480,"caption":"Volkswagen Beetle Cabrio"},{"@type":"WebSite","@id":"https:\/\/www.das-autopfand.de\/blog\/#website","url":"https:\/\/www.das-autopfand.de\/blog\/","name":"","description":"News aus dem KFZ-Pfandleihhaus","potentialAction":[{"@type":"SearchAction","target":{"@type":"EntryPoint","urlTemplate":"https:\/\/www.das-autopfand.de\/blog\/?s={search_term_string}"},"query-input":{"@type":"PropertyValueSpecification","valueRequired":true,"valueName":"search_term_string"}}],"inLanguage":"de"},{"@type":"Person","@id":"https:\/\/www.das-autopfand.de\/blog\/#\/schema\/person\/ebe927f731619d837b8245d6f9c959b0","name":"Norman Ostgathe","description":"Seit 2007 betreibe ich das bundesweit t\u00e4tige Kfz-Pfandleihhaus dap - das Autopfand. Mit unseren Autopfandh\u00e4usern in Krefeld, Recklinghausen, Dortmund, Sinsheim, Frankfurt am Main, M\u00fcnchen und Wolfratshausen haben wir uns auf die unkomplizierte und schnelle L\u00f6sung finanzieller Probleme spezialisiert. Wir beleihen Ihr KFZ und Sie erhalten sofort Bargeld.","sameAs":["https:\/\/www.facebook.com\/dasautopfand","https:\/\/x.com\/https:\/\/twitter.com\/autopfand"],"url":"https:\/\/www.das-autopfand.de\/blog\/author\/dap\/"}]}},"_links":{"self":[{"href":"https:\/\/www.das-autopfand.de\/blog\/wp-json\/wp\/v2\/posts\/4418","targetHints":{"allow":["GET"]}}],"collection":[{"href":"https:\/\/www.das-autopfand.de\/blog\/wp-json\/wp\/v2\/posts"}],"about":[{"href":"https:\/\/www.das-autopfand.de\/blog\/wp-json\/wp\/v2\/types\/post"}],"author":[{"embeddable":true,"href":"https:\/\/www.das-autopfand.de\/blog\/wp-json\/wp\/v2\/users\/2"}],"replies":[{"embeddable":true,"href":"https:\/\/www.das-autopfand.de\/blog\/wp-json\/wp\/v2\/comments?post=4418"}],"version-history":[{"count":0,"href":"https:\/\/www.das-autopfand.de\/blog\/wp-json\/wp\/v2\/posts\/4418\/revisions"}],"wp:attachment":[{"href":"https:\/\/www.das-autopfand.de\/blog\/wp-json\/wp\/v2\/media?parent=4418"}],"wp:term":[{"taxonomy":"category","embeddable":true,"href":"https:\/\/www.das-autopfand.de\/blog\/wp-json\/wp\/v2\/categories?post=4418"},{"taxonomy":"post_tag","embeddable":true,"href":"https:\/\/www.das-autopfand.de\/blog\/wp-json\/wp\/v2\/tags?post=4418"}],"curies":[{"name":"wp","href":"https:\/\/api.w.org\/{rel}","templated":true}]}}