{"id":4669,"date":"2021-07-21T12:03:56","date_gmt":"2021-07-21T10:03:56","guid":{"rendered":"https:\/\/www.das-autopfand.de\/blog\/?p=4669"},"modified":"2025-03-02T16:08:18","modified_gmt":"2025-03-02T14:08:18","slug":"mercedes-benz-216-kfz-versteigerung","status":"publish","type":"post","link":"https:\/\/www.das-autopfand.de\/blog\/mercedes-benz-216-kfz-versteigerung\/","title":{"rendered":"Mercedes-Benz Sprinter II 216 CDI &#8211; Kfz-Versteigerung am 07.08."},"content":{"rendered":"<p><img loading=\"lazy\" decoding=\"async\" class=\"alignnone size-full wp-image-4732\" src=\"https:\/\/www.das-autopfand.de\/blog\/uploads\/IMG_4725.jpg\" alt=\"\" width=\"640\" height=\"480\" \/><\/p>\n<p>Daten zum <strong>Mercedes-Benz Sprinter II 216 CDI<\/strong>:<\/p>\n<p><strong><span class=\"hinweis\">Der Mercedes wurde am 07.08.2021 versteigert!<br \/>\n\u00bb \u00dcberblick \u00fcber die n\u00e4chste <a title=\"Kfz-Versteigerungen bei das Autopfand\" href=\"https:\/\/www.das-autopfand.de\/versteigerungen\/\">Kfz-Versteigerung im Kfz-Pfandleihhaus<\/a>. \u00a0\u00a0 \u00a0\u00a0<\/span><\/strong><\/p>\n<p><!--more-->Typ: Mercedes-Benz Sprinter II 216 CDI<br \/>\nErstzulassung: 11.04.2013<br \/>\nKm-Stand: 171.443<br \/>\nKraftstoff: Diesel<br \/>\nKW: 120 ( 163 PS )<br \/>\nAu\u00dfenfarbe: Wei\u00df<br \/>\nGetriebeart: Schalter<br \/>\nHubraum: 2143<br \/>\nT\u00fcren: 4<br \/>\nVorbesitzer: 1<br \/>\nFahrzeugausstattung: 3. Bremsleuchte \/ Adaptives Bremslicht \/ Airbag Fahrerseite \/ Anti-Blockier-System (ABS) \/ Antriebsart: Heckantrieb \/ Anzeige f\u00fcr Waschwasserstand \/ Au\u00dfenspiegel elektr. verstell- und heizbar, beide \/ Au\u00dfenspiegel mit integrierter Blinkleuchte \/ Bremsassistent \/ Bremssystem mit ABS ASR \/ Dachverkleidung im Fahrerhaus \/ Elektron. Stabilit\u00e4ts-Programm (ESP) \/ Fensterheber elektrisch 2-fach \/ Getriebe 6-Gang &#8211; TSG (Eco Gear) \/ Handschuhfach abschlie\u00dfbar \/ Karosserie\/Aufbau: Kasten Hochraum \/ Kindersicherung \/ Kraftstofftank: Haupttank 75 Ltr. \/ Laderaumtrennwand durchgehend \/ Lastenverankerung \/ Verzurr\u00f6sen \/ Leuchtweitenregelung \/ Motor 2,1 Ltr. &#8211; 120 kW CDI KAT \/ Partikelfilter \/ Radstand 3665 mm \/ Raucher-Paket \/ Schadstoffarm nach Abgasnorm Euro 5 \/ Schiebet\u00fcr Lade-\/Fahrgastraum rechts \/ Servolenkung \/ Sicherheitsgurt-System mit Warnanlage (Fahrerseite) \/ Sitzbezug \/ Polsterung: Stoff Lima \/ Sitze im Fahrerhaus: Beifahrersitz mit Armlehne \/ Sitze im Fahrerhaus: Fahrersitz mit Armlehne \/ Wartungsintervall-Anzeige Assyst \/ Wegfahrsperre \/ W\u00e4rmeschutzverglasung \/ Zentralverriegelung mit Fernbedienung \/ Zul. Gesamtgewicht 3,00 t \/ V Airbag Beifahrerseite \/ V Audiosystem Sound 5 \/ V Au\u00dfentemperaturanzeige \/ V Batterie 100 Ah \/ V Dachbedieneinheit mit Lesespot Fahrer-\/Beifahrerseite \/ V Generator 180 A \/ V Heckt\u00fcr (\u00d6ffnungswinkel 270 Grad) \/ V Holzfussboden im Laderaum \/ V Klimaanlage geregelt (Tempmatik) \/ V Parktronic-System (PTS) \/ V Reserverad in Fahrbereifung \/ V Reserveradhalter unter Rahmenende inkl. Wagenheber \/ V Sitze im Fahrerhaus: Beifahrerdoppelsitz \/ V Stabilisator vorn \/ V Trittstufe Heckt\u00fcr \/ V Verkleidung im Lade-\/FG-Raum: Sperrholz<\/p>\n<table width=\"500\">\n<tbody>\n<tr>\n<td width=\"300\">Vorhandene Unterlagen:<\/td>\n<td width=\"100\">JA<\/td>\n<td width=\"100\">NEIN<\/td>\n<\/tr>\n<tr>\n<td width=\"300\">Fahrzeugschein<\/td>\n<td width=\"100\">X<\/td>\n<td width=\"100\"><\/td>\n<\/tr>\n<tr>\n<td width=\"300\">Fahrzeugbrief<\/td>\n<td width=\"100\">X<\/td>\n<td width=\"100\"><\/td>\n<\/tr>\n<tr>\n<td width=\"300\">Scheckheft<\/td>\n<td width=\"100\"><\/td>\n<td width=\"100\">X<\/td>\n<\/tr>\n<tr>\n<td width=\"300\">Gutachten<\/td>\n<td width=\"100\"><\/td>\n<td width=\"100\">X<\/td>\n<\/tr>\n<tr>\n<td width=\"300\">T\u00dcV Bescheinigung<\/td>\n<td width=\"100\"><\/td>\n<td width=\"100\">X<\/td>\n<\/tr>\n<tr>\n<td width=\"300\">COC-Papiere<\/td>\n<td width=\"100\"><\/td>\n<td width=\"100\">X<\/td>\n<\/tr>\n<\/tbody>\n<\/table>\n<p>Alle Angaben ohne Gew\u00e4hr und laut Auskunft der Vorbesitzer. Wir versteigern im Namen und auf Rechnung der jeweiligen Eigent\u00fcmer.<\/p>\n<h2>Fotos zum Mercedes-Benz Sprinter II 216 CDI<\/h2>\n<p><img loading=\"lazy\" decoding=\"async\" class=\"alignnone size-full wp-image-4729\" src=\"https:\/\/www.das-autopfand.de\/blog\/uploads\/IMG_4728.jpg\" alt=\"\" width=\"640\" height=\"480\" \/> <img loading=\"lazy\" decoding=\"async\" class=\"alignnone size-medium wp-image-4730\" src=\"https:\/\/www.das-autopfand.de\/blog\/uploads\/IMG_4727.jpg\" alt=\"\" width=\"640\" height=\"480\" \/> <img loading=\"lazy\" decoding=\"async\" class=\"alignnone size-medium wp-image-4731\" src=\"https:\/\/www.das-autopfand.de\/blog\/uploads\/IMG_4726.jpg\" alt=\"\" width=\"640\" height=\"480\" \/><img loading=\"lazy\" decoding=\"async\" class=\"alignnone size-full wp-image-4717\" src=\"https:\/\/www.das-autopfand.de\/blog\/uploads\/IMG_4739.jpeg\" alt=\"\" width=\"640\" height=\"480\" \/> <img loading=\"lazy\" decoding=\"async\" class=\"alignnone size-medium wp-image-4718\" src=\"https:\/\/www.das-autopfand.de\/blog\/uploads\/IMG_4738.jpeg\" alt=\"\" width=\"640\" height=\"480\" \/> <img loading=\"lazy\" decoding=\"async\" class=\"alignnone size-medium wp-image-4719\" src=\"https:\/\/www.das-autopfand.de\/blog\/uploads\/IMG_4737.jpeg\" alt=\"\" width=\"640\" height=\"480\" \/> <img loading=\"lazy\" decoding=\"async\" class=\"alignnone size-medium wp-image-4720\" src=\"https:\/\/www.das-autopfand.de\/blog\/uploads\/IMG_4736.jpeg\" alt=\"\" width=\"640\" height=\"480\" \/> <img loading=\"lazy\" decoding=\"async\" class=\"alignnone size-medium wp-image-4721\" src=\"https:\/\/www.das-autopfand.de\/blog\/uploads\/IMG_4735.jpeg\" alt=\"\" width=\"640\" height=\"480\" \/> <img loading=\"lazy\" decoding=\"async\" class=\"alignnone size-medium wp-image-4722\" src=\"https:\/\/www.das-autopfand.de\/blog\/uploads\/IMG_4734.jpeg\" alt=\"\" width=\"640\" height=\"480\" \/> <img loading=\"lazy\" decoding=\"async\" class=\"alignnone size-medium wp-image-4723\" src=\"https:\/\/www.das-autopfand.de\/blog\/uploads\/IMG_4733.jpeg\" alt=\"\" width=\"640\" height=\"480\" \/> <img loading=\"lazy\" decoding=\"async\" class=\"alignnone size-medium wp-image-4724\" src=\"https:\/\/www.das-autopfand.de\/blog\/uploads\/IMG_4732.jpeg\" alt=\"\" width=\"640\" height=\"480\" \/> <img loading=\"lazy\" decoding=\"async\" class=\"alignnone size-medium wp-image-4725\" src=\"https:\/\/www.das-autopfand.de\/blog\/uploads\/IMG_4731.jpeg\" alt=\"\" width=\"640\" height=\"480\" \/> <img loading=\"lazy\" decoding=\"async\" class=\"alignnone size-medium wp-image-4726\" src=\"https:\/\/www.das-autopfand.de\/blog\/uploads\/IMG_4730.jpeg\" alt=\"\" width=\"640\" height=\"480\" \/> <img loading=\"lazy\" decoding=\"async\" class=\"alignnone size-medium wp-image-4727\" src=\"https:\/\/www.das-autopfand.de\/blog\/uploads\/IMG_4729.jpeg\" alt=\"\" width=\"640\" height=\"480\" \/><\/p>\n<h2>Fragen zum Mercedes-Benz Sprinter II 216 CDI<\/h2>\n<p>Haben Sie Fragen zum MB Sprinter, dann treten Sie bitte mit uns in Kontakt. Bitte beachten Sie zuvor auch unsere <a title=\"H\u00e4ufige Fragen zur Versteigerung\" href=\"\/versteigerungen\/#faq\">FAQ zur Kfz-Versteigerung<\/a>. Hier finden Sie Antworten auf h\u00e4ufige Fragen!<\/p>\n<h2>Termin der Kfz-Versteigerung<\/h2>\n<p>Die <a title=\"Kfz-Versteigerungen bei das Autopfand\" href=\"\/versteigerungen\/\">Kfz-Versteigerung<\/a> findet am <strong>Samstag, den 07. August 2021<\/strong> im Kfz-Pfandleihhaus in Krefeld statt.<\/p>\n<p>M\u00f6chten Sie sich einfach und bequem \u00fcber die Termine der kommenden Kfz-Versteigerungen in unseren bundesweiten Pfandleihh\u00e4usern per Email informieren lassen, dann nutzen Sie unseren <a title=\"dap&lt;br \/&gt;&lt;br \/&gt;&lt;br \/&gt;&lt;br \/&gt; Newsletter\" href=\"\/newsletter\/\">dap-Newsletter<\/a> oder <a title=\"https:\/\/twitter.com\/autopfand\" href=\"https:\/\/twitter.com\/autopfand\" rel=\"nofollow\">folgen Sie uns auf Twitter \u00bb<\/a><\/p>\n","protected":false},"excerpt":{"rendered":"<p>Daten zum Mercedes-Benz Sprinter II 216 CDI: Der Mercedes wurde am 07.08.2021 versteigert! \u00bb \u00dcberblick \u00fcber die n\u00e4chste Kfz-Versteigerung im Kfz-Pfandleihhaus. \u00a0\u00a0 \u00a0\u00a0<\/p>\n","protected":false},"author":2,"featured_media":0,"comment_status":"closed","ping_status":"open","sticky":false,"template":"","format":"standard","meta":{"footnotes":""},"categories":[1],"tags":[],"class_list":["post-4669","post","type-post","status-publish","format-standard","hentry","category-allgemein"],"yoast_head":"<!-- This site is optimized with the Yoast SEO plugin v26.9 - https:\/\/yoast.com\/product\/yoast-seo-wordpress\/ -->\n<title>Mercedes-Benz Sprinter II 216 CDI - Kfz-Versteigerung am 07.08. -<\/title>\n<meta name=\"robots\" content=\"index, follow, max-snippet:-1, max-image-preview:large, max-video-preview:-1\" \/>\n<link rel=\"canonical\" href=\"https:\/\/www.das-autopfand.de\/blog\/mercedes-benz-216-kfz-versteigerung\/\" \/>\n<meta property=\"og:locale\" content=\"de_DE\" \/>\n<meta property=\"og:type\" content=\"article\" \/>\n<meta property=\"og:title\" content=\"Mercedes-Benz Sprinter II 216 CDI - Kfz-Versteigerung am 07.08. -\" \/>\n<meta property=\"og:description\" content=\"Daten zum Mercedes-Benz Sprinter II 216 CDI: Der Mercedes wurde am 07.08.2021 versteigert! \u00bb \u00dcberblick \u00fcber die n\u00e4chste Kfz-Versteigerung im Kfz-Pfandleihhaus. \u00a0\u00a0 \u00a0\u00a0\" \/>\n<meta property=\"og:url\" content=\"https:\/\/www.das-autopfand.de\/blog\/mercedes-benz-216-kfz-versteigerung\/\" \/>\n<meta property=\"article:publisher\" content=\"https:\/\/www.facebook.com\/dasautopfand\" \/>\n<meta property=\"article:author\" content=\"https:\/\/www.facebook.com\/dasautopfand\" \/>\n<meta property=\"article:published_time\" content=\"2021-07-21T10:03:56+00:00\" \/>\n<meta property=\"article:modified_time\" content=\"2025-03-02T14:08:18+00:00\" \/>\n<meta property=\"og:image\" content=\"https:\/\/www.das-autopfand.de\/blog\/uploads\/IMG_4725.jpg\" \/>\n\t<meta property=\"og:image:width\" content=\"640\" \/>\n\t<meta property=\"og:image:height\" content=\"480\" \/>\n\t<meta property=\"og:image:type\" content=\"image\/jpeg\" \/>\n<meta name=\"author\" content=\"Norman Ostgathe\" \/>\n<meta name=\"twitter:card\" content=\"summary_large_image\" \/>\n<meta name=\"twitter:creator\" content=\"@https:\/\/twitter.com\/autopfand\" \/>\n<meta name=\"twitter:site\" content=\"@autopfand\" \/>\n<meta name=\"twitter:label1\" content=\"Verfasst von\" \/>\n\t<meta name=\"twitter:data1\" content=\"Norman Ostgathe\" \/>\n\t<meta name=\"twitter:label2\" content=\"Gesch\u00e4tzte Lesezeit\" \/>\n\t<meta name=\"twitter:data2\" content=\"2\u00a0Minuten\" \/>\n<script type=\"application\/ld+json\" class=\"yoast-schema-graph\">{\"@context\":\"https:\/\/schema.org\",\"@graph\":[{\"@type\":\"Article\",\"@id\":\"https:\/\/www.das-autopfand.de\/blog\/mercedes-benz-216-kfz-versteigerung\/#article\",\"isPartOf\":{\"@id\":\"https:\/\/www.das-autopfand.de\/blog\/mercedes-benz-216-kfz-versteigerung\/\"},\"author\":{\"name\":\"Norman Ostgathe\",\"@id\":\"https:\/\/www.das-autopfand.de\/blog\/#\/schema\/person\/ebe927f731619d837b8245d6f9c959b0\"},\"headline\":\"Mercedes-Benz Sprinter II 216 CDI &#8211; Kfz-Versteigerung am 07.08.\",\"datePublished\":\"2021-07-21T10:03:56+00:00\",\"dateModified\":\"2025-03-02T14:08:18+00:00\",\"mainEntityOfPage\":{\"@id\":\"https:\/\/www.das-autopfand.de\/blog\/mercedes-benz-216-kfz-versteigerung\/\"},\"wordCount\":356,\"image\":{\"@id\":\"https:\/\/www.das-autopfand.de\/blog\/mercedes-benz-216-kfz-versteigerung\/#primaryimage\"},\"thumbnailUrl\":\"https:\/\/www.das-autopfand.de\/blog\/uploads\/IMG_4725.jpg\",\"inLanguage\":\"de\"},{\"@type\":\"WebPage\",\"@id\":\"https:\/\/www.das-autopfand.de\/blog\/mercedes-benz-216-kfz-versteigerung\/\",\"url\":\"https:\/\/www.das-autopfand.de\/blog\/mercedes-benz-216-kfz-versteigerung\/\",\"name\":\"Mercedes-Benz Sprinter II 216 CDI - Kfz-Versteigerung am 07.08. -\",\"isPartOf\":{\"@id\":\"https:\/\/www.das-autopfand.de\/blog\/#website\"},\"primaryImageOfPage\":{\"@id\":\"https:\/\/www.das-autopfand.de\/blog\/mercedes-benz-216-kfz-versteigerung\/#primaryimage\"},\"image\":{\"@id\":\"https:\/\/www.das-autopfand.de\/blog\/mercedes-benz-216-kfz-versteigerung\/#primaryimage\"},\"thumbnailUrl\":\"https:\/\/www.das-autopfand.de\/blog\/uploads\/IMG_4725.jpg\",\"datePublished\":\"2021-07-21T10:03:56+00:00\",\"dateModified\":\"2025-03-02T14:08:18+00:00\",\"author\":{\"@id\":\"https:\/\/www.das-autopfand.de\/blog\/#\/schema\/person\/ebe927f731619d837b8245d6f9c959b0\"},\"inLanguage\":\"de\",\"potentialAction\":[{\"@type\":\"ReadAction\",\"target\":[\"https:\/\/www.das-autopfand.de\/blog\/mercedes-benz-216-kfz-versteigerung\/\"]}]},{\"@type\":\"ImageObject\",\"inLanguage\":\"de\",\"@id\":\"https:\/\/www.das-autopfand.de\/blog\/mercedes-benz-216-kfz-versteigerung\/#primaryimage\",\"url\":\"https:\/\/www.das-autopfand.de\/blog\/uploads\/IMG_4725.jpg\",\"contentUrl\":\"https:\/\/www.das-autopfand.de\/blog\/uploads\/IMG_4725.jpg\",\"width\":640,\"height\":480},{\"@type\":\"WebSite\",\"@id\":\"https:\/\/www.das-autopfand.de\/blog\/#website\",\"url\":\"https:\/\/www.das-autopfand.de\/blog\/\",\"name\":\"\",\"description\":\"News aus dem KFZ-Pfandleihhaus\",\"potentialAction\":[{\"@type\":\"SearchAction\",\"target\":{\"@type\":\"EntryPoint\",\"urlTemplate\":\"https:\/\/www.das-autopfand.de\/blog\/?s={search_term_string}\"},\"query-input\":{\"@type\":\"PropertyValueSpecification\",\"valueRequired\":true,\"valueName\":\"search_term_string\"}}],\"inLanguage\":\"de\"},{\"@type\":\"Person\",\"@id\":\"https:\/\/www.das-autopfand.de\/blog\/#\/schema\/person\/ebe927f731619d837b8245d6f9c959b0\",\"name\":\"Norman Ostgathe\",\"description\":\"Seit 2007 betreibe ich das bundesweit t\u00e4tige Kfz-Pfandleihhaus dap - das Autopfand. Mit unseren Autopfandh\u00e4usern in Krefeld, Recklinghausen, Dortmund, Sinsheim, Frankfurt am Main, M\u00fcnchen und Wolfratshausen haben wir uns auf die unkomplizierte und schnelle L\u00f6sung finanzieller Probleme spezialisiert. Wir beleihen Ihr KFZ und Sie erhalten sofort Bargeld.\",\"sameAs\":[\"https:\/\/www.facebook.com\/dasautopfand\",\"https:\/\/x.com\/https:\/\/twitter.com\/autopfand\"],\"url\":\"https:\/\/www.das-autopfand.de\/blog\/author\/dap\/\"}]}<\/script>\n<!-- \/ Yoast SEO plugin. -->","yoast_head_json":{"title":"Mercedes-Benz Sprinter II 216 CDI - Kfz-Versteigerung am 07.08. -","robots":{"index":"index","follow":"follow","max-snippet":"max-snippet:-1","max-image-preview":"max-image-preview:large","max-video-preview":"max-video-preview:-1"},"canonical":"https:\/\/www.das-autopfand.de\/blog\/mercedes-benz-216-kfz-versteigerung\/","og_locale":"de_DE","og_type":"article","og_title":"Mercedes-Benz Sprinter II 216 CDI - Kfz-Versteigerung am 07.08. -","og_description":"Daten zum Mercedes-Benz Sprinter II 216 CDI: Der Mercedes wurde am 07.08.2021 versteigert! \u00bb \u00dcberblick \u00fcber die n\u00e4chste Kfz-Versteigerung im Kfz-Pfandleihhaus. \u00a0\u00a0 \u00a0\u00a0","og_url":"https:\/\/www.das-autopfand.de\/blog\/mercedes-benz-216-kfz-versteigerung\/","article_publisher":"https:\/\/www.facebook.com\/dasautopfand","article_author":"https:\/\/www.facebook.com\/dasautopfand","article_published_time":"2021-07-21T10:03:56+00:00","article_modified_time":"2025-03-02T14:08:18+00:00","og_image":[{"width":640,"height":480,"url":"https:\/\/www.das-autopfand.de\/blog\/uploads\/IMG_4725.jpg","type":"image\/jpeg"}],"author":"Norman Ostgathe","twitter_card":"summary_large_image","twitter_creator":"@https:\/\/twitter.com\/autopfand","twitter_site":"@autopfand","twitter_misc":{"Verfasst von":"Norman Ostgathe","Gesch\u00e4tzte Lesezeit":"2\u00a0Minuten"},"schema":{"@context":"https:\/\/schema.org","@graph":[{"@type":"Article","@id":"https:\/\/www.das-autopfand.de\/blog\/mercedes-benz-216-kfz-versteigerung\/#article","isPartOf":{"@id":"https:\/\/www.das-autopfand.de\/blog\/mercedes-benz-216-kfz-versteigerung\/"},"author":{"name":"Norman Ostgathe","@id":"https:\/\/www.das-autopfand.de\/blog\/#\/schema\/person\/ebe927f731619d837b8245d6f9c959b0"},"headline":"Mercedes-Benz Sprinter II 216 CDI &#8211; Kfz-Versteigerung am 07.08.","datePublished":"2021-07-21T10:03:56+00:00","dateModified":"2025-03-02T14:08:18+00:00","mainEntityOfPage":{"@id":"https:\/\/www.das-autopfand.de\/blog\/mercedes-benz-216-kfz-versteigerung\/"},"wordCount":356,"image":{"@id":"https:\/\/www.das-autopfand.de\/blog\/mercedes-benz-216-kfz-versteigerung\/#primaryimage"},"thumbnailUrl":"https:\/\/www.das-autopfand.de\/blog\/uploads\/IMG_4725.jpg","inLanguage":"de"},{"@type":"WebPage","@id":"https:\/\/www.das-autopfand.de\/blog\/mercedes-benz-216-kfz-versteigerung\/","url":"https:\/\/www.das-autopfand.de\/blog\/mercedes-benz-216-kfz-versteigerung\/","name":"Mercedes-Benz Sprinter II 216 CDI - Kfz-Versteigerung am 07.08. -","isPartOf":{"@id":"https:\/\/www.das-autopfand.de\/blog\/#website"},"primaryImageOfPage":{"@id":"https:\/\/www.das-autopfand.de\/blog\/mercedes-benz-216-kfz-versteigerung\/#primaryimage"},"image":{"@id":"https:\/\/www.das-autopfand.de\/blog\/mercedes-benz-216-kfz-versteigerung\/#primaryimage"},"thumbnailUrl":"https:\/\/www.das-autopfand.de\/blog\/uploads\/IMG_4725.jpg","datePublished":"2021-07-21T10:03:56+00:00","dateModified":"2025-03-02T14:08:18+00:00","author":{"@id":"https:\/\/www.das-autopfand.de\/blog\/#\/schema\/person\/ebe927f731619d837b8245d6f9c959b0"},"inLanguage":"de","potentialAction":[{"@type":"ReadAction","target":["https:\/\/www.das-autopfand.de\/blog\/mercedes-benz-216-kfz-versteigerung\/"]}]},{"@type":"ImageObject","inLanguage":"de","@id":"https:\/\/www.das-autopfand.de\/blog\/mercedes-benz-216-kfz-versteigerung\/#primaryimage","url":"https:\/\/www.das-autopfand.de\/blog\/uploads\/IMG_4725.jpg","contentUrl":"https:\/\/www.das-autopfand.de\/blog\/uploads\/IMG_4725.jpg","width":640,"height":480},{"@type":"WebSite","@id":"https:\/\/www.das-autopfand.de\/blog\/#website","url":"https:\/\/www.das-autopfand.de\/blog\/","name":"","description":"News aus dem KFZ-Pfandleihhaus","potentialAction":[{"@type":"SearchAction","target":{"@type":"EntryPoint","urlTemplate":"https:\/\/www.das-autopfand.de\/blog\/?s={search_term_string}"},"query-input":{"@type":"PropertyValueSpecification","valueRequired":true,"valueName":"search_term_string"}}],"inLanguage":"de"},{"@type":"Person","@id":"https:\/\/www.das-autopfand.de\/blog\/#\/schema\/person\/ebe927f731619d837b8245d6f9c959b0","name":"Norman Ostgathe","description":"Seit 2007 betreibe ich das bundesweit t\u00e4tige Kfz-Pfandleihhaus dap - das Autopfand. Mit unseren Autopfandh\u00e4usern in Krefeld, Recklinghausen, Dortmund, Sinsheim, Frankfurt am Main, M\u00fcnchen und Wolfratshausen haben wir uns auf die unkomplizierte und schnelle L\u00f6sung finanzieller Probleme spezialisiert. Wir beleihen Ihr KFZ und Sie erhalten sofort Bargeld.","sameAs":["https:\/\/www.facebook.com\/dasautopfand","https:\/\/x.com\/https:\/\/twitter.com\/autopfand"],"url":"https:\/\/www.das-autopfand.de\/blog\/author\/dap\/"}]}},"_links":{"self":[{"href":"https:\/\/www.das-autopfand.de\/blog\/wp-json\/wp\/v2\/posts\/4669","targetHints":{"allow":["GET"]}}],"collection":[{"href":"https:\/\/www.das-autopfand.de\/blog\/wp-json\/wp\/v2\/posts"}],"about":[{"href":"https:\/\/www.das-autopfand.de\/blog\/wp-json\/wp\/v2\/types\/post"}],"author":[{"embeddable":true,"href":"https:\/\/www.das-autopfand.de\/blog\/wp-json\/wp\/v2\/users\/2"}],"replies":[{"embeddable":true,"href":"https:\/\/www.das-autopfand.de\/blog\/wp-json\/wp\/v2\/comments?post=4669"}],"version-history":[{"count":0,"href":"https:\/\/www.das-autopfand.de\/blog\/wp-json\/wp\/v2\/posts\/4669\/revisions"}],"wp:attachment":[{"href":"https:\/\/www.das-autopfand.de\/blog\/wp-json\/wp\/v2\/media?parent=4669"}],"wp:term":[{"taxonomy":"category","embeddable":true,"href":"https:\/\/www.das-autopfand.de\/blog\/wp-json\/wp\/v2\/categories?post=4669"},{"taxonomy":"post_tag","embeddable":true,"href":"https:\/\/www.das-autopfand.de\/blog\/wp-json\/wp\/v2\/tags?post=4669"}],"curies":[{"name":"wp","href":"https:\/\/api.w.org\/{rel}","templated":true}]}}