{"id":5138,"date":"2026-01-28T11:32:08","date_gmt":"2026-01-28T09:32:08","guid":{"rendered":"https:\/\/www.das-autopfand.de\/blog\/?p=5138"},"modified":"2026-02-13T22:18:13","modified_gmt":"2026-02-13T20:18:13","slug":"bmw-x6-kfz-versteigerung-am-14-02-2026","status":"publish","type":"post","link":"https:\/\/www.das-autopfand.de\/blog\/bmw-x6-kfz-versteigerung-am-14-02-2026\/","title":{"rendered":"BMW X6 &#8211; Kfz-Versteigerung am 14.02.2026"},"content":{"rendered":"<h2><span style=\"color: #ff0000;\">Der BMW X6 steht nicht mehr zur Versteigerung!<\/span><\/h2>\n<p>&nbsp;<\/p>\n<p>Daten zum <strong>BMW X6<\/strong>:<\/p>\n<p><strong><span class=\"hinweis\">Aufrufpreis: 8.000,- EUR<br \/>\nPfandschein-Nr.: 25\/2856<br \/>\n<\/span><\/strong><\/p>\n<p><!--more-->Typ: BMW X6<br \/>\nErstzulassung: 14.05.2014<br \/>\nKm-Stand: 172.330<br \/>\nKraftstoff: Diesel<br \/>\nKW: 225<br \/>\nAu\u00dfenfarbe: Schwarz<br \/>\nGetriebeart: Automatik<br \/>\nHubraum: 2993<br \/>\nT\u00fcren: 5<br \/>\nVorbesitzer: 2<\/p>\n<p>Ausstattung:<\/p>\n<p>Airbag Fahrer-\/Beifahrerseite, Aktive Kopfst\u00fctzen, Audiosystem BMW Professional (Radio\/CD-Player MP3-f\u00e4hig), AUX-IN-Anschluss (AUX-IN), Au\u00dfenspiegel elektr. verstell- und heizbar, Au\u00dfentemperaturanzeige, Blinkleuchten Wei\u00df, Bordcomputer, Dachspoiler mit 3. Bremsleuchte, Dynamische Tractions Control (DTC), Exterieurumf\u00e4nge Wagenfarbe, Fahrassistenz-System: Bergabfahrkontrolle (HDC), Farbmonitor, Fensterheber elektrisch vorn + hinten, Fondorientierte Mittelkonsole, Fondsitzanlage mit Sportsitze, Fu\u00dfmatten Velours, Gep\u00e4ckraumabdeckung \/ Rollo, Getr\u00e4nkehalter vorn und hinten, Heckklappenbet\u00e4tigung automatisch, Innenausstattung: Edelholz Esche, Innenspiegel mit Abblendautomatik, Isofix-Aufnahmen f\u00fcr Kindersitz, Karosserie: 5-t\u00fcrig, Klimaautomatik 2-Zonen mit autom. Umluft-Control, Kopf-Airbag-System hinten, Kopf-Airbag-System vorn, Kopfst\u00fctzen hinten, Lenkrad (Sport\/Leder) mit Multifunktion, Lenks\u00e4ule (Lenkrad) mechan. verstellbar, Licht-Paket, LM-Felgen, Mittelarmlehne hinten, Modellpflege, Motor 3,0 Ltr. &#8211; 225 kW Turbodiesel KAT, Multifunktion f\u00fcr Lenkrad, Nichtraucher-Paket, Park-Distance-Control (PDC), Radstand 2933 mm, Reifenpannen-Anzeige, Reifensystem Run-Flat (mit Notlaufeigenschaften), R\u00fccksitzlehne geteilt\/klappbar, Schadstoffarm nach Abgasnorm Euro 5, Scheibenwaschd\u00fcsen heizbar, Seitenairbag vorn, Sitzausstattung: 4-Sitzer, Sitzbezug \/ Polsterung: Leder Nevada, Sitze vorn elektr. verstellbar (links mit Memory), Sperrdifferential, Steckdose (12V-Anschlu\u00df) 3-fach, W\u00e4rmeschutzverglasung get\u00f6nt<\/p>\n<table width=\"500\">\n<tbody>\n<tr>\n<td width=\"300\">Vorhandene Unterlagen:<\/td>\n<td width=\"100\">JA<\/td>\n<td width=\"100\">NEIN<\/td>\n<\/tr>\n<tr>\n<td width=\"300\">Fahrzeugschein<\/td>\n<td width=\"100\">X<\/td>\n<td width=\"100\"><\/td>\n<\/tr>\n<tr>\n<td width=\"300\">Fahrzeugbrief<\/td>\n<td width=\"100\">X<\/td>\n<td width=\"100\"><\/td>\n<\/tr>\n<tr>\n<td width=\"300\">Scheckheft<\/td>\n<td width=\"100\"><\/td>\n<td width=\"100\">X<\/td>\n<\/tr>\n<tr>\n<td width=\"300\">Gutachten<\/td>\n<td width=\"100\"><\/td>\n<td width=\"100\">X<\/td>\n<\/tr>\n<tr>\n<td width=\"300\">T\u00dcV Bescheinigung<\/td>\n<td width=\"100\">X<\/td>\n<td width=\"100\"><\/td>\n<\/tr>\n<tr>\n<td width=\"300\">COC-Papiere<\/td>\n<td width=\"100\"><\/td>\n<td width=\"100\">X<\/td>\n<\/tr>\n<\/tbody>\n<\/table>\n<p>Alle Angaben ohne Gew\u00e4hr und laut Auskunft der Vorbesitzer. Wir versteigern im Namen und auf Rechnung der jeweiligen Eigent\u00fcmer.<\/p>\n<h2>Fotos zum BMW X6<\/h2>\n<p><img loading=\"lazy\" decoding=\"async\" class=\"alignnone size-full wp-image-5140\" src=\"https:\/\/www.das-autopfand.de\/blog\/uploads\/24-2741_6a8ecae1-848b-4e06-9bb8-745cc31e9a89.jpg\" alt=\"\" width=\"1000\" height=\"750\" srcset=\"https:\/\/www.das-autopfand.de\/blog\/uploads\/24-2741_6a8ecae1-848b-4e06-9bb8-745cc31e9a89.jpg 1000w, https:\/\/www.das-autopfand.de\/blog\/uploads\/24-2741_6a8ecae1-848b-4e06-9bb8-745cc31e9a89-768x576.jpg 768w\" sizes=\"auto, (max-width: 1000px) 100vw, 1000px\" \/> <img loading=\"lazy\" decoding=\"async\" class=\"alignnone size-full wp-image-5141\" src=\"https:\/\/www.das-autopfand.de\/blog\/uploads\/24-2741_6f9d230c-0a41-4a9a-8409-5af7b7aab92c.jpg\" alt=\"\" width=\"750\" height=\"1000\" \/> <img loading=\"lazy\" decoding=\"async\" class=\"alignnone size-full wp-image-5142\" src=\"https:\/\/www.das-autopfand.de\/blog\/uploads\/24-2741_8f23dcdf-6199-437b-a6a0-c25d7a059b28.jpg\" alt=\"\" width=\"1000\" height=\"750\" srcset=\"https:\/\/www.das-autopfand.de\/blog\/uploads\/24-2741_8f23dcdf-6199-437b-a6a0-c25d7a059b28.jpg 1000w, https:\/\/www.das-autopfand.de\/blog\/uploads\/24-2741_8f23dcdf-6199-437b-a6a0-c25d7a059b28-768x576.jpg 768w\" sizes=\"auto, (max-width: 1000px) 100vw, 1000px\" \/> <img loading=\"lazy\" decoding=\"async\" class=\"alignnone size-full wp-image-5143\" src=\"https:\/\/www.das-autopfand.de\/blog\/uploads\/24-2741_5804a711-2656-427b-9d2a-b90c29f86566.jpg\" alt=\"\" width=\"750\" height=\"1000\" \/> <img loading=\"lazy\" decoding=\"async\" class=\"alignnone size-full wp-image-5144\" src=\"https:\/\/www.das-autopfand.de\/blog\/uploads\/24-2741_76447fc1-0bce-4825-8dcc-f64f04544c5c-1.jpg\" alt=\"\" width=\"800\" height=\"600\" srcset=\"https:\/\/www.das-autopfand.de\/blog\/uploads\/24-2741_76447fc1-0bce-4825-8dcc-f64f04544c5c-1.jpg 800w, https:\/\/www.das-autopfand.de\/blog\/uploads\/24-2741_76447fc1-0bce-4825-8dcc-f64f04544c5c-1-768x576.jpg 768w\" sizes=\"auto, (max-width: 800px) 100vw, 800px\" \/> <img loading=\"lazy\" decoding=\"async\" class=\"alignnone size-full wp-image-5145\" src=\"https:\/\/www.das-autopfand.de\/blog\/uploads\/24-2741_08508448-6db9-442b-97d9-773eea6a55ed.jpeg\" alt=\"\" width=\"2000\" height=\"1500\" srcset=\"https:\/\/www.das-autopfand.de\/blog\/uploads\/24-2741_08508448-6db9-442b-97d9-773eea6a55ed.jpeg 2000w, https:\/\/www.das-autopfand.de\/blog\/uploads\/24-2741_08508448-6db9-442b-97d9-773eea6a55ed-768x576.jpeg 768w, https:\/\/www.das-autopfand.de\/blog\/uploads\/24-2741_08508448-6db9-442b-97d9-773eea6a55ed-1536x1152.jpeg 1536w, https:\/\/www.das-autopfand.de\/blog\/uploads\/24-2741_08508448-6db9-442b-97d9-773eea6a55ed-1024x768.jpeg 1024w\" sizes=\"auto, (max-width: 2000px) 100vw, 2000px\" \/> <img loading=\"lazy\" decoding=\"async\" class=\"alignnone size-full wp-image-5146\" src=\"https:\/\/www.das-autopfand.de\/blog\/uploads\/24-2741_a254f53d-7f30-4931-89f1-5f64463060f7.jpg\" alt=\"\" width=\"750\" height=\"1000\" \/> <img loading=\"lazy\" decoding=\"async\" class=\"alignnone size-full wp-image-5147\" src=\"https:\/\/www.das-autopfand.de\/blog\/uploads\/24-2741_f47026e8-3ac7-4193-b2a3-4135f85ec8b9.jpg\" alt=\"\" width=\"1000\" height=\"750\" srcset=\"https:\/\/www.das-autopfand.de\/blog\/uploads\/24-2741_f47026e8-3ac7-4193-b2a3-4135f85ec8b9.jpg 1000w, https:\/\/www.das-autopfand.de\/blog\/uploads\/24-2741_f47026e8-3ac7-4193-b2a3-4135f85ec8b9-768x576.jpg 768w\" sizes=\"auto, (max-width: 1000px) 100vw, 1000px\" \/><\/p>\n<h2>Fragen zum BMW X6<\/h2>\n<p>Haben Sie Fragen zum Fahrzeug, dann treten Sie bitte mit uns in Kontakt. Bitte beachten Sie zuvor auch unsere <a title=\"H\u00e4ufige Fragen zur Versteigerung\" href=\"\/versteigerungen\/#faq\">FAQ zur Kfz-Versteigerung<\/a>. Hier finden Sie Antworten auf h\u00e4ufige Fragen!<\/p>\n<h2>Termin der Kfz-Versteigerung<\/h2>\n<p>Die <a title=\"Kfz-Versteigerungen bei das Autopfand\" href=\"\/versteigerungen\/\">Kfz-Versteigerung<\/a> findet am <strong>Samstag, den 14. Februar 2026<\/strong> im Kfz-Pfandleihhaus in T\u00f6nisvorst statt.<\/p>\n<p>M\u00f6chten Sie sich einfach und bequem \u00fcber die Termine der kommenden Kfz-Versteigerungen in unseren bundesweiten Pfandleihh\u00e4usern per Email informieren lassen, dann nutzen Sie unseren <a title=\"dap&lt;br \/&gt;&lt;br \/&gt;&lt;br \/&gt;&lt;br \/&gt; Newsletter\" href=\"\/newsletter\/\">dap-Newsletter<\/a> oder <a title=\"https:\/\/twitter.com\/autopfand\" href=\"https:\/\/twitter.com\/autopfand\" rel=\"nofollow\">folgen Sie uns auf Twitter \u00bb<\/a><\/p>\n","protected":false},"excerpt":{"rendered":"<p>Der BMW X6 steht nicht mehr zur Versteigerung! &nbsp; Daten zum BMW X6: Aufrufpreis: 8.000,- EUR Pfandschein-Nr.: 25\/2856<\/p>\n","protected":false},"author":2,"featured_media":5139,"comment_status":"closed","ping_status":"open","sticky":false,"template":"","format":"standard","meta":{"footnotes":""},"categories":[10],"tags":[],"class_list":["post-5138","post","type-post","status-publish","format-standard","has-post-thumbnail","hentry","category-versteigerung"],"yoast_head":"<!-- This site is optimized with the Yoast SEO plugin v26.9 - https:\/\/yoast.com\/product\/yoast-seo-wordpress\/ -->\n<title>BMW X6 - Kfz-Versteigerung am 14.02.2026 -<\/title>\n<meta name=\"robots\" content=\"index, follow, max-snippet:-1, max-image-preview:large, max-video-preview:-1\" \/>\n<link rel=\"canonical\" href=\"https:\/\/www.das-autopfand.de\/blog\/bmw-x6-kfz-versteigerung-am-14-02-2026\/\" \/>\n<meta property=\"og:locale\" content=\"de_DE\" \/>\n<meta property=\"og:type\" content=\"article\" \/>\n<meta property=\"og:title\" content=\"BMW X6 - Kfz-Versteigerung am 14.02.2026 -\" \/>\n<meta property=\"og:description\" content=\"Der BMW X6 steht nicht mehr zur Versteigerung! &nbsp; Daten zum BMW X6: Aufrufpreis: 8.000,- EUR Pfandschein-Nr.: 25\/2856\" \/>\n<meta property=\"og:url\" content=\"https:\/\/www.das-autopfand.de\/blog\/bmw-x6-kfz-versteigerung-am-14-02-2026\/\" \/>\n<meta property=\"article:publisher\" content=\"https:\/\/www.facebook.com\/dasautopfand\" \/>\n<meta property=\"article:author\" content=\"https:\/\/www.facebook.com\/dasautopfand\" \/>\n<meta property=\"article:published_time\" content=\"2026-01-28T09:32:08+00:00\" \/>\n<meta property=\"article:modified_time\" content=\"2026-02-13T20:18:13+00:00\" \/>\n<meta property=\"og:image\" content=\"https:\/\/www.das-autopfand.de\/blog\/uploads\/24-2741_76447fc1-0bce-4825-8dcc-f64f04544c5c.jpg\" \/>\n\t<meta property=\"og:image:width\" content=\"800\" \/>\n\t<meta property=\"og:image:height\" content=\"600\" \/>\n\t<meta property=\"og:image:type\" content=\"image\/jpeg\" \/>\n<meta name=\"author\" content=\"Norman Ostgathe\" \/>\n<meta name=\"twitter:card\" content=\"summary_large_image\" \/>\n<meta name=\"twitter:creator\" content=\"@https:\/\/twitter.com\/autopfand\" \/>\n<meta name=\"twitter:site\" content=\"@autopfand\" \/>\n<meta name=\"twitter:label1\" content=\"Verfasst von\" \/>\n\t<meta name=\"twitter:data1\" content=\"Norman Ostgathe\" \/>\n\t<meta name=\"twitter:label2\" content=\"Gesch\u00e4tzte Lesezeit\" \/>\n\t<meta name=\"twitter:data2\" content=\"4\u00a0Minuten\" \/>\n<script type=\"application\/ld+json\" class=\"yoast-schema-graph\">{\"@context\":\"https:\/\/schema.org\",\"@graph\":[{\"@type\":\"Article\",\"@id\":\"https:\/\/www.das-autopfand.de\/blog\/bmw-x6-kfz-versteigerung-am-14-02-2026\/#article\",\"isPartOf\":{\"@id\":\"https:\/\/www.das-autopfand.de\/blog\/bmw-x6-kfz-versteigerung-am-14-02-2026\/\"},\"author\":{\"name\":\"Norman Ostgathe\",\"@id\":\"https:\/\/www.das-autopfand.de\/blog\/#\/schema\/person\/ebe927f731619d837b8245d6f9c959b0\"},\"headline\":\"BMW X6 &#8211; Kfz-Versteigerung am 14.02.2026\",\"datePublished\":\"2026-01-28T09:32:08+00:00\",\"dateModified\":\"2026-02-13T20:18:13+00:00\",\"mainEntityOfPage\":{\"@id\":\"https:\/\/www.das-autopfand.de\/blog\/bmw-x6-kfz-versteigerung-am-14-02-2026\/\"},\"wordCount\":324,\"image\":{\"@id\":\"https:\/\/www.das-autopfand.de\/blog\/bmw-x6-kfz-versteigerung-am-14-02-2026\/#primaryimage\"},\"thumbnailUrl\":\"https:\/\/www.das-autopfand.de\/blog\/uploads\/24-2741_76447fc1-0bce-4825-8dcc-f64f04544c5c.jpg\",\"articleSection\":[\"Versteigerung\"],\"inLanguage\":\"de\"},{\"@type\":\"WebPage\",\"@id\":\"https:\/\/www.das-autopfand.de\/blog\/bmw-x6-kfz-versteigerung-am-14-02-2026\/\",\"url\":\"https:\/\/www.das-autopfand.de\/blog\/bmw-x6-kfz-versteigerung-am-14-02-2026\/\",\"name\":\"BMW X6 - Kfz-Versteigerung am 14.02.2026 -\",\"isPartOf\":{\"@id\":\"https:\/\/www.das-autopfand.de\/blog\/#website\"},\"primaryImageOfPage\":{\"@id\":\"https:\/\/www.das-autopfand.de\/blog\/bmw-x6-kfz-versteigerung-am-14-02-2026\/#primaryimage\"},\"image\":{\"@id\":\"https:\/\/www.das-autopfand.de\/blog\/bmw-x6-kfz-versteigerung-am-14-02-2026\/#primaryimage\"},\"thumbnailUrl\":\"https:\/\/www.das-autopfand.de\/blog\/uploads\/24-2741_76447fc1-0bce-4825-8dcc-f64f04544c5c.jpg\",\"datePublished\":\"2026-01-28T09:32:08+00:00\",\"dateModified\":\"2026-02-13T20:18:13+00:00\",\"author\":{\"@id\":\"https:\/\/www.das-autopfand.de\/blog\/#\/schema\/person\/ebe927f731619d837b8245d6f9c959b0\"},\"inLanguage\":\"de\",\"potentialAction\":[{\"@type\":\"ReadAction\",\"target\":[\"https:\/\/www.das-autopfand.de\/blog\/bmw-x6-kfz-versteigerung-am-14-02-2026\/\"]}]},{\"@type\":\"ImageObject\",\"inLanguage\":\"de\",\"@id\":\"https:\/\/www.das-autopfand.de\/blog\/bmw-x6-kfz-versteigerung-am-14-02-2026\/#primaryimage\",\"url\":\"https:\/\/www.das-autopfand.de\/blog\/uploads\/24-2741_76447fc1-0bce-4825-8dcc-f64f04544c5c.jpg\",\"contentUrl\":\"https:\/\/www.das-autopfand.de\/blog\/uploads\/24-2741_76447fc1-0bce-4825-8dcc-f64f04544c5c.jpg\",\"width\":800,\"height\":600},{\"@type\":\"WebSite\",\"@id\":\"https:\/\/www.das-autopfand.de\/blog\/#website\",\"url\":\"https:\/\/www.das-autopfand.de\/blog\/\",\"name\":\"\",\"description\":\"News aus dem KFZ-Pfandleihhaus\",\"potentialAction\":[{\"@type\":\"SearchAction\",\"target\":{\"@type\":\"EntryPoint\",\"urlTemplate\":\"https:\/\/www.das-autopfand.de\/blog\/?s={search_term_string}\"},\"query-input\":{\"@type\":\"PropertyValueSpecification\",\"valueRequired\":true,\"valueName\":\"search_term_string\"}}],\"inLanguage\":\"de\"},{\"@type\":\"Person\",\"@id\":\"https:\/\/www.das-autopfand.de\/blog\/#\/schema\/person\/ebe927f731619d837b8245d6f9c959b0\",\"name\":\"Norman Ostgathe\",\"description\":\"Seit 2007 betreibe ich das bundesweit t\u00e4tige Kfz-Pfandleihhaus dap - das Autopfand. Mit unseren Autopfandh\u00e4usern in Krefeld, Recklinghausen, Dortmund, Sinsheim, Frankfurt am Main, M\u00fcnchen und Wolfratshausen haben wir uns auf die unkomplizierte und schnelle L\u00f6sung finanzieller Probleme spezialisiert. Wir beleihen Ihr KFZ und Sie erhalten sofort Bargeld.\",\"sameAs\":[\"https:\/\/www.facebook.com\/dasautopfand\",\"https:\/\/x.com\/https:\/\/twitter.com\/autopfand\"],\"url\":\"https:\/\/www.das-autopfand.de\/blog\/author\/dap\/\"}]}<\/script>\n<!-- \/ Yoast SEO plugin. -->","yoast_head_json":{"title":"BMW X6 - Kfz-Versteigerung am 14.02.2026 -","robots":{"index":"index","follow":"follow","max-snippet":"max-snippet:-1","max-image-preview":"max-image-preview:large","max-video-preview":"max-video-preview:-1"},"canonical":"https:\/\/www.das-autopfand.de\/blog\/bmw-x6-kfz-versteigerung-am-14-02-2026\/","og_locale":"de_DE","og_type":"article","og_title":"BMW X6 - Kfz-Versteigerung am 14.02.2026 -","og_description":"Der BMW X6 steht nicht mehr zur Versteigerung! &nbsp; Daten zum BMW X6: Aufrufpreis: 8.000,- EUR Pfandschein-Nr.: 25\/2856","og_url":"https:\/\/www.das-autopfand.de\/blog\/bmw-x6-kfz-versteigerung-am-14-02-2026\/","article_publisher":"https:\/\/www.facebook.com\/dasautopfand","article_author":"https:\/\/www.facebook.com\/dasautopfand","article_published_time":"2026-01-28T09:32:08+00:00","article_modified_time":"2026-02-13T20:18:13+00:00","og_image":[{"width":800,"height":600,"url":"https:\/\/www.das-autopfand.de\/blog\/uploads\/24-2741_76447fc1-0bce-4825-8dcc-f64f04544c5c.jpg","type":"image\/jpeg"}],"author":"Norman Ostgathe","twitter_card":"summary_large_image","twitter_creator":"@https:\/\/twitter.com\/autopfand","twitter_site":"@autopfand","twitter_misc":{"Verfasst von":"Norman Ostgathe","Gesch\u00e4tzte Lesezeit":"4\u00a0Minuten"},"schema":{"@context":"https:\/\/schema.org","@graph":[{"@type":"Article","@id":"https:\/\/www.das-autopfand.de\/blog\/bmw-x6-kfz-versteigerung-am-14-02-2026\/#article","isPartOf":{"@id":"https:\/\/www.das-autopfand.de\/blog\/bmw-x6-kfz-versteigerung-am-14-02-2026\/"},"author":{"name":"Norman Ostgathe","@id":"https:\/\/www.das-autopfand.de\/blog\/#\/schema\/person\/ebe927f731619d837b8245d6f9c959b0"},"headline":"BMW X6 &#8211; Kfz-Versteigerung am 14.02.2026","datePublished":"2026-01-28T09:32:08+00:00","dateModified":"2026-02-13T20:18:13+00:00","mainEntityOfPage":{"@id":"https:\/\/www.das-autopfand.de\/blog\/bmw-x6-kfz-versteigerung-am-14-02-2026\/"},"wordCount":324,"image":{"@id":"https:\/\/www.das-autopfand.de\/blog\/bmw-x6-kfz-versteigerung-am-14-02-2026\/#primaryimage"},"thumbnailUrl":"https:\/\/www.das-autopfand.de\/blog\/uploads\/24-2741_76447fc1-0bce-4825-8dcc-f64f04544c5c.jpg","articleSection":["Versteigerung"],"inLanguage":"de"},{"@type":"WebPage","@id":"https:\/\/www.das-autopfand.de\/blog\/bmw-x6-kfz-versteigerung-am-14-02-2026\/","url":"https:\/\/www.das-autopfand.de\/blog\/bmw-x6-kfz-versteigerung-am-14-02-2026\/","name":"BMW X6 - Kfz-Versteigerung am 14.02.2026 -","isPartOf":{"@id":"https:\/\/www.das-autopfand.de\/blog\/#website"},"primaryImageOfPage":{"@id":"https:\/\/www.das-autopfand.de\/blog\/bmw-x6-kfz-versteigerung-am-14-02-2026\/#primaryimage"},"image":{"@id":"https:\/\/www.das-autopfand.de\/blog\/bmw-x6-kfz-versteigerung-am-14-02-2026\/#primaryimage"},"thumbnailUrl":"https:\/\/www.das-autopfand.de\/blog\/uploads\/24-2741_76447fc1-0bce-4825-8dcc-f64f04544c5c.jpg","datePublished":"2026-01-28T09:32:08+00:00","dateModified":"2026-02-13T20:18:13+00:00","author":{"@id":"https:\/\/www.das-autopfand.de\/blog\/#\/schema\/person\/ebe927f731619d837b8245d6f9c959b0"},"inLanguage":"de","potentialAction":[{"@type":"ReadAction","target":["https:\/\/www.das-autopfand.de\/blog\/bmw-x6-kfz-versteigerung-am-14-02-2026\/"]}]},{"@type":"ImageObject","inLanguage":"de","@id":"https:\/\/www.das-autopfand.de\/blog\/bmw-x6-kfz-versteigerung-am-14-02-2026\/#primaryimage","url":"https:\/\/www.das-autopfand.de\/blog\/uploads\/24-2741_76447fc1-0bce-4825-8dcc-f64f04544c5c.jpg","contentUrl":"https:\/\/www.das-autopfand.de\/blog\/uploads\/24-2741_76447fc1-0bce-4825-8dcc-f64f04544c5c.jpg","width":800,"height":600},{"@type":"WebSite","@id":"https:\/\/www.das-autopfand.de\/blog\/#website","url":"https:\/\/www.das-autopfand.de\/blog\/","name":"","description":"News aus dem KFZ-Pfandleihhaus","potentialAction":[{"@type":"SearchAction","target":{"@type":"EntryPoint","urlTemplate":"https:\/\/www.das-autopfand.de\/blog\/?s={search_term_string}"},"query-input":{"@type":"PropertyValueSpecification","valueRequired":true,"valueName":"search_term_string"}}],"inLanguage":"de"},{"@type":"Person","@id":"https:\/\/www.das-autopfand.de\/blog\/#\/schema\/person\/ebe927f731619d837b8245d6f9c959b0","name":"Norman Ostgathe","description":"Seit 2007 betreibe ich das bundesweit t\u00e4tige Kfz-Pfandleihhaus dap - das Autopfand. Mit unseren Autopfandh\u00e4usern in Krefeld, Recklinghausen, Dortmund, Sinsheim, Frankfurt am Main, M\u00fcnchen und Wolfratshausen haben wir uns auf die unkomplizierte und schnelle L\u00f6sung finanzieller Probleme spezialisiert. Wir beleihen Ihr KFZ und Sie erhalten sofort Bargeld.","sameAs":["https:\/\/www.facebook.com\/dasautopfand","https:\/\/x.com\/https:\/\/twitter.com\/autopfand"],"url":"https:\/\/www.das-autopfand.de\/blog\/author\/dap\/"}]}},"_links":{"self":[{"href":"https:\/\/www.das-autopfand.de\/blog\/wp-json\/wp\/v2\/posts\/5138","targetHints":{"allow":["GET"]}}],"collection":[{"href":"https:\/\/www.das-autopfand.de\/blog\/wp-json\/wp\/v2\/posts"}],"about":[{"href":"https:\/\/www.das-autopfand.de\/blog\/wp-json\/wp\/v2\/types\/post"}],"author":[{"embeddable":true,"href":"https:\/\/www.das-autopfand.de\/blog\/wp-json\/wp\/v2\/users\/2"}],"replies":[{"embeddable":true,"href":"https:\/\/www.das-autopfand.de\/blog\/wp-json\/wp\/v2\/comments?post=5138"}],"version-history":[{"count":8,"href":"https:\/\/www.das-autopfand.de\/blog\/wp-json\/wp\/v2\/posts\/5138\/revisions"}],"predecessor-version":[{"id":5681,"href":"https:\/\/www.das-autopfand.de\/blog\/wp-json\/wp\/v2\/posts\/5138\/revisions\/5681"}],"wp:featuredmedia":[{"embeddable":true,"href":"https:\/\/www.das-autopfand.de\/blog\/wp-json\/wp\/v2\/media\/5139"}],"wp:attachment":[{"href":"https:\/\/www.das-autopfand.de\/blog\/wp-json\/wp\/v2\/media?parent=5138"}],"wp:term":[{"taxonomy":"category","embeddable":true,"href":"https:\/\/www.das-autopfand.de\/blog\/wp-json\/wp\/v2\/categories?post=5138"},{"taxonomy":"post_tag","embeddable":true,"href":"https:\/\/www.das-autopfand.de\/blog\/wp-json\/wp\/v2\/tags?post=5138"}],"curies":[{"name":"wp","href":"https:\/\/api.w.org\/{rel}","templated":true}]}}