{"id":5234,"date":"2026-01-28T11:32:08","date_gmt":"2026-01-28T09:32:08","guid":{"rendered":"https:\/\/www.das-autopfand.de\/blog\/?p=5234"},"modified":"2026-02-14T23:19:29","modified_gmt":"2026-02-14T21:19:29","slug":"vespa-125-946-kfz-versteigerung-am-14-02-2026","status":"publish","type":"post","link":"https:\/\/www.das-autopfand.de\/blog\/vespa-125-946-kfz-versteigerung-am-14-02-2026\/","title":{"rendered":"Vespa 125 946 &#8211; Kfz-Versteigerung am 14.02.2026"},"content":{"rendered":"<h2><span style=\"color: #ff0000;\">Die Vespa wurde am 14.02.2026 versteigert!<\/span><\/h2>\n<p>Daten zum <strong>Vespa 125 946<\/strong>:<\/p>\n<p><strong><span class=\"hinweis\">Aufrufpreis: 5.000,- EUR<br \/>\nPfandschein-Nr.: 25\/2798<br \/>\n<\/span><\/strong><\/p>\n<p><!--more-->Typ: Vespa 125 946<br \/>\nErstzulassung: 04.12.2024<br \/>\nKm-Stand:<br \/>\nKraftstoff: Benzin<br \/>\nKW: 8<br \/>\nAu\u00dfenfarbe: Beige<br \/>\nGetriebeart: Automatik<br \/>\nHubraum:125<br \/>\nT\u00fcren: 0<br \/>\nVorbesitzer: 1<\/p>\n<table width=\"500\">\n<tbody>\n<tr>\n<td width=\"300\">Vorhandene Unterlagen:<\/td>\n<td width=\"100\">JA<\/td>\n<td width=\"100\">NEIN<\/td>\n<\/tr>\n<tr>\n<td width=\"300\">Fahrzeugschein<\/td>\n<td width=\"100\">X<\/td>\n<td width=\"100\"><\/td>\n<\/tr>\n<tr>\n<td width=\"300\">Fahrzeugbrief<\/td>\n<td width=\"100\"><\/td>\n<td width=\"100\">X<\/td>\n<\/tr>\n<tr>\n<td width=\"300\">Scheckheft<\/td>\n<td width=\"100\"><\/td>\n<td width=\"100\">X<\/td>\n<\/tr>\n<tr>\n<td width=\"300\">Gutachten<\/td>\n<td width=\"100\"><\/td>\n<td width=\"100\">X<\/td>\n<\/tr>\n<tr>\n<td width=\"300\">T\u00dcV Bescheinigung<\/td>\n<td width=\"100\"><\/td>\n<td width=\"100\">X<\/td>\n<\/tr>\n<tr>\n<td width=\"300\">COC-Papiere<\/td>\n<td width=\"100\"><\/td>\n<td width=\"100\">X<\/td>\n<\/tr>\n<\/tbody>\n<\/table>\n<p>Alle Angaben ohne Gew\u00e4hr und laut Auskunft der Vorbesitzer. Wir versteigern im Namen und auf Rechnung der jeweiligen Eigent\u00fcmer.<\/p>\n<h2>Fotos zur Vespa 125 946<\/h2>\n<p><img loading=\"lazy\" decoding=\"async\" class=\"alignnone size-full wp-image-5243\" src=\"https:\/\/www.das-autopfand.de\/blog\/uploads\/25-2798_IMG_3566.jpg\" alt=\"\" width=\"1210\" height=\"908\" srcset=\"https:\/\/www.das-autopfand.de\/blog\/uploads\/25-2798_IMG_3566.jpg 1210w, https:\/\/www.das-autopfand.de\/blog\/uploads\/25-2798_IMG_3566-768x576.jpg 768w, https:\/\/www.das-autopfand.de\/blog\/uploads\/25-2798_IMG_3566-1024x768.jpg 1024w\" sizes=\"auto, (max-width: 1210px) 100vw, 1210px\" \/> <img loading=\"lazy\" decoding=\"async\" class=\"alignnone size-full wp-image-5242\" src=\"https:\/\/www.das-autopfand.de\/blog\/uploads\/25-2798_IMG_3564.jpg\" alt=\"\" width=\"1210\" height=\"908\" srcset=\"https:\/\/www.das-autopfand.de\/blog\/uploads\/25-2798_IMG_3564.jpg 1210w, https:\/\/www.das-autopfand.de\/blog\/uploads\/25-2798_IMG_3564-768x576.jpg 768w, https:\/\/www.das-autopfand.de\/blog\/uploads\/25-2798_IMG_3564-1024x768.jpg 1024w\" sizes=\"auto, (max-width: 1210px) 100vw, 1210px\" \/> <img loading=\"lazy\" decoding=\"async\" class=\"alignnone size-full wp-image-5241\" src=\"https:\/\/www.das-autopfand.de\/blog\/uploads\/25-2798_IMG_3563.jpg\" alt=\"\" width=\"1210\" height=\"908\" srcset=\"https:\/\/www.das-autopfand.de\/blog\/uploads\/25-2798_IMG_3563.jpg 1210w, https:\/\/www.das-autopfand.de\/blog\/uploads\/25-2798_IMG_3563-768x576.jpg 768w, https:\/\/www.das-autopfand.de\/blog\/uploads\/25-2798_IMG_3563-1024x768.jpg 1024w\" sizes=\"auto, (max-width: 1210px) 100vw, 1210px\" \/> <img loading=\"lazy\" decoding=\"async\" class=\"alignnone size-full wp-image-5240\" src=\"https:\/\/www.das-autopfand.de\/blog\/uploads\/25-2798_IMG_3561.jpg\" alt=\"\" width=\"1210\" height=\"908\" srcset=\"https:\/\/www.das-autopfand.de\/blog\/uploads\/25-2798_IMG_3561.jpg 1210w, https:\/\/www.das-autopfand.de\/blog\/uploads\/25-2798_IMG_3561-768x576.jpg 768w, https:\/\/www.das-autopfand.de\/blog\/uploads\/25-2798_IMG_3561-1024x768.jpg 1024w\" sizes=\"auto, (max-width: 1210px) 100vw, 1210px\" \/> <img loading=\"lazy\" decoding=\"async\" class=\"alignnone size-full wp-image-5239\" src=\"https:\/\/www.das-autopfand.de\/blog\/uploads\/25-2798_IMG_3557.jpg\" alt=\"\" width=\"1210\" height=\"908\" srcset=\"https:\/\/www.das-autopfand.de\/blog\/uploads\/25-2798_IMG_3557.jpg 1210w, https:\/\/www.das-autopfand.de\/blog\/uploads\/25-2798_IMG_3557-768x576.jpg 768w, https:\/\/www.das-autopfand.de\/blog\/uploads\/25-2798_IMG_3557-1024x768.jpg 1024w\" sizes=\"auto, (max-width: 1210px) 100vw, 1210px\" \/> <img loading=\"lazy\" decoding=\"async\" class=\"alignnone size-full wp-image-5238\" src=\"https:\/\/www.das-autopfand.de\/blog\/uploads\/25-2798_IMG_3555-1.jpg\" alt=\"\" width=\"1210\" height=\"908\" srcset=\"https:\/\/www.das-autopfand.de\/blog\/uploads\/25-2798_IMG_3555-1.jpg 1210w, https:\/\/www.das-autopfand.de\/blog\/uploads\/25-2798_IMG_3555-1-768x576.jpg 768w, https:\/\/www.das-autopfand.de\/blog\/uploads\/25-2798_IMG_3555-1-1024x768.jpg 1024w\" sizes=\"auto, (max-width: 1210px) 100vw, 1210px\" \/> <img loading=\"lazy\" decoding=\"async\" class=\"alignnone size-full wp-image-5237\" src=\"https:\/\/www.das-autopfand.de\/blog\/uploads\/25-2798_IMG_3545.jpg\" alt=\"\" width=\"1210\" height=\"908\" srcset=\"https:\/\/www.das-autopfand.de\/blog\/uploads\/25-2798_IMG_3545.jpg 1210w, https:\/\/www.das-autopfand.de\/blog\/uploads\/25-2798_IMG_3545-768x576.jpg 768w, https:\/\/www.das-autopfand.de\/blog\/uploads\/25-2798_IMG_3545-1024x768.jpg 1024w\" sizes=\"auto, (max-width: 1210px) 100vw, 1210px\" \/> <img loading=\"lazy\" decoding=\"async\" class=\"alignnone size-full wp-image-5236\" src=\"https:\/\/www.das-autopfand.de\/blog\/uploads\/25-2798_4FE7C78B-4ABF-489C-896A-652D8758CF33.jpg\" alt=\"\" width=\"648\" height=\"1152\" \/> <img loading=\"lazy\" decoding=\"async\" class=\"alignnone size-full wp-image-5235\" src=\"https:\/\/www.das-autopfand.de\/blog\/uploads\/25-2798_IMG_3555.jpg\" alt=\"\" width=\"1210\" height=\"908\" srcset=\"https:\/\/www.das-autopfand.de\/blog\/uploads\/25-2798_IMG_3555.jpg 1210w, https:\/\/www.das-autopfand.de\/blog\/uploads\/25-2798_IMG_3555-768x576.jpg 768w, https:\/\/www.das-autopfand.de\/blog\/uploads\/25-2798_IMG_3555-1024x768.jpg 1024w\" sizes=\"auto, (max-width: 1210px) 100vw, 1210px\" \/><\/p>\n<h2>Fragen zur Vespa 125 946<\/h2>\n<p>Haben Sie Fragen zum Fahrzeug, dann treten Sie bitte mit uns in Kontakt. Bitte beachten Sie zuvor auch unsere <a title=\"H\u00e4ufige Fragen zur Versteigerung\" href=\"\/versteigerungen\/#faq\">FAQ zur Kfz-Versteigerung<\/a>. Hier finden Sie Antworten auf h\u00e4ufige Fragen!<\/p>\n<h2>Termin der Kfz-Versteigerung<\/h2>\n<p>Die <a title=\"Kfz-Versteigerungen bei das Autopfand\" href=\"\/versteigerungen\/\">Kfz-Versteigerung<\/a> findet am <strong>Samstag, den 14. Februar 2026<\/strong>\u00a0im Kfz-Pfandleihhaus in T\u00f6nisvorst statt.<\/p>\n<p>M\u00f6chten Sie sich einfach und bequem \u00fcber die Termine der kommenden Kfz-Versteigerungen in unseren bundesweiten Pfandleihh\u00e4usern per Email informieren lassen, dann nutzen Sie unseren <a title=\"dap&lt;br \/&gt;&lt;br \/&gt;&lt;br \/&gt;&lt;br \/&gt; Newsletter\" href=\"\/newsletter\/\">dap-Newsletter<\/a> oder <a title=\"https:\/\/twitter.com\/autopfand\" href=\"https:\/\/twitter.com\/autopfand\" rel=\"nofollow\">folgen Sie uns auf Twitter \u00bb<\/a><\/p>\n","protected":false},"excerpt":{"rendered":"<p>Die Vespa wurde am 14.02.2026 versteigert! Daten zum Vespa 125 946: Aufrufpreis: 5.000,- EUR Pfandschein-Nr.: 25\/2798<\/p>\n","protected":false},"author":2,"featured_media":5235,"comment_status":"closed","ping_status":"open","sticky":false,"template":"","format":"standard","meta":{"footnotes":""},"categories":[10],"tags":[],"class_list":["post-5234","post","type-post","status-publish","format-standard","has-post-thumbnail","hentry","category-versteigerung"],"yoast_head":"<!-- This site is optimized with the Yoast SEO plugin v26.9 - https:\/\/yoast.com\/product\/yoast-seo-wordpress\/ -->\n<title>Vespa 125 946 - Kfz-Versteigerung am 14.02.2026 -<\/title>\n<meta name=\"robots\" content=\"index, follow, max-snippet:-1, max-image-preview:large, max-video-preview:-1\" \/>\n<link rel=\"canonical\" href=\"https:\/\/www.das-autopfand.de\/blog\/vespa-125-946-kfz-versteigerung-am-14-02-2026\/\" \/>\n<meta property=\"og:locale\" content=\"de_DE\" \/>\n<meta property=\"og:type\" content=\"article\" \/>\n<meta property=\"og:title\" content=\"Vespa 125 946 - Kfz-Versteigerung am 14.02.2026 -\" \/>\n<meta property=\"og:description\" content=\"Die Vespa wurde am 14.02.2026 versteigert! Daten zum Vespa 125 946: Aufrufpreis: 5.000,- EUR Pfandschein-Nr.: 25\/2798\" \/>\n<meta property=\"og:url\" content=\"https:\/\/www.das-autopfand.de\/blog\/vespa-125-946-kfz-versteigerung-am-14-02-2026\/\" \/>\n<meta property=\"article:publisher\" content=\"https:\/\/www.facebook.com\/dasautopfand\" \/>\n<meta property=\"article:author\" content=\"https:\/\/www.facebook.com\/dasautopfand\" \/>\n<meta property=\"article:published_time\" content=\"2026-01-28T09:32:08+00:00\" \/>\n<meta property=\"article:modified_time\" content=\"2026-02-14T21:19:29+00:00\" \/>\n<meta property=\"og:image\" content=\"https:\/\/www.das-autopfand.de\/blog\/uploads\/25-2798_IMG_3555.jpg\" \/>\n\t<meta property=\"og:image:width\" content=\"1210\" \/>\n\t<meta property=\"og:image:height\" content=\"908\" \/>\n\t<meta property=\"og:image:type\" content=\"image\/jpeg\" \/>\n<meta name=\"author\" content=\"Norman Ostgathe\" \/>\n<meta name=\"twitter:card\" content=\"summary_large_image\" \/>\n<meta name=\"twitter:creator\" content=\"@https:\/\/twitter.com\/autopfand\" \/>\n<meta name=\"twitter:site\" content=\"@autopfand\" \/>\n<meta name=\"twitter:label1\" content=\"Verfasst von\" \/>\n\t<meta name=\"twitter:data1\" content=\"Norman Ostgathe\" \/>\n\t<meta name=\"twitter:label2\" content=\"Gesch\u00e4tzte Lesezeit\" \/>\n\t<meta name=\"twitter:data2\" content=\"3\u00a0Minuten\" \/>\n<script type=\"application\/ld+json\" class=\"yoast-schema-graph\">{\"@context\":\"https:\/\/schema.org\",\"@graph\":[{\"@type\":\"Article\",\"@id\":\"https:\/\/www.das-autopfand.de\/blog\/vespa-125-946-kfz-versteigerung-am-14-02-2026\/#article\",\"isPartOf\":{\"@id\":\"https:\/\/www.das-autopfand.de\/blog\/vespa-125-946-kfz-versteigerung-am-14-02-2026\/\"},\"author\":{\"name\":\"Norman Ostgathe\",\"@id\":\"https:\/\/www.das-autopfand.de\/blog\/#\/schema\/person\/ebe927f731619d837b8245d6f9c959b0\"},\"headline\":\"Vespa 125 946 &#8211; Kfz-Versteigerung am 14.02.2026\",\"datePublished\":\"2026-01-28T09:32:08+00:00\",\"dateModified\":\"2026-02-14T21:19:29+00:00\",\"mainEntityOfPage\":{\"@id\":\"https:\/\/www.das-autopfand.de\/blog\/vespa-125-946-kfz-versteigerung-am-14-02-2026\/\"},\"wordCount\":156,\"image\":{\"@id\":\"https:\/\/www.das-autopfand.de\/blog\/vespa-125-946-kfz-versteigerung-am-14-02-2026\/#primaryimage\"},\"thumbnailUrl\":\"https:\/\/www.das-autopfand.de\/blog\/uploads\/25-2798_IMG_3555.jpg\",\"articleSection\":[\"Versteigerung\"],\"inLanguage\":\"de\"},{\"@type\":\"WebPage\",\"@id\":\"https:\/\/www.das-autopfand.de\/blog\/vespa-125-946-kfz-versteigerung-am-14-02-2026\/\",\"url\":\"https:\/\/www.das-autopfand.de\/blog\/vespa-125-946-kfz-versteigerung-am-14-02-2026\/\",\"name\":\"Vespa 125 946 - Kfz-Versteigerung am 14.02.2026 -\",\"isPartOf\":{\"@id\":\"https:\/\/www.das-autopfand.de\/blog\/#website\"},\"primaryImageOfPage\":{\"@id\":\"https:\/\/www.das-autopfand.de\/blog\/vespa-125-946-kfz-versteigerung-am-14-02-2026\/#primaryimage\"},\"image\":{\"@id\":\"https:\/\/www.das-autopfand.de\/blog\/vespa-125-946-kfz-versteigerung-am-14-02-2026\/#primaryimage\"},\"thumbnailUrl\":\"https:\/\/www.das-autopfand.de\/blog\/uploads\/25-2798_IMG_3555.jpg\",\"datePublished\":\"2026-01-28T09:32:08+00:00\",\"dateModified\":\"2026-02-14T21:19:29+00:00\",\"author\":{\"@id\":\"https:\/\/www.das-autopfand.de\/blog\/#\/schema\/person\/ebe927f731619d837b8245d6f9c959b0\"},\"inLanguage\":\"de\",\"potentialAction\":[{\"@type\":\"ReadAction\",\"target\":[\"https:\/\/www.das-autopfand.de\/blog\/vespa-125-946-kfz-versteigerung-am-14-02-2026\/\"]}]},{\"@type\":\"ImageObject\",\"inLanguage\":\"de\",\"@id\":\"https:\/\/www.das-autopfand.de\/blog\/vespa-125-946-kfz-versteigerung-am-14-02-2026\/#primaryimage\",\"url\":\"https:\/\/www.das-autopfand.de\/blog\/uploads\/25-2798_IMG_3555.jpg\",\"contentUrl\":\"https:\/\/www.das-autopfand.de\/blog\/uploads\/25-2798_IMG_3555.jpg\",\"width\":1210,\"height\":908},{\"@type\":\"WebSite\",\"@id\":\"https:\/\/www.das-autopfand.de\/blog\/#website\",\"url\":\"https:\/\/www.das-autopfand.de\/blog\/\",\"name\":\"\",\"description\":\"News aus dem KFZ-Pfandleihhaus\",\"potentialAction\":[{\"@type\":\"SearchAction\",\"target\":{\"@type\":\"EntryPoint\",\"urlTemplate\":\"https:\/\/www.das-autopfand.de\/blog\/?s={search_term_string}\"},\"query-input\":{\"@type\":\"PropertyValueSpecification\",\"valueRequired\":true,\"valueName\":\"search_term_string\"}}],\"inLanguage\":\"de\"},{\"@type\":\"Person\",\"@id\":\"https:\/\/www.das-autopfand.de\/blog\/#\/schema\/person\/ebe927f731619d837b8245d6f9c959b0\",\"name\":\"Norman Ostgathe\",\"description\":\"Seit 2007 betreibe ich das bundesweit t\u00e4tige Kfz-Pfandleihhaus dap - das Autopfand. Mit unseren Autopfandh\u00e4usern in Krefeld, Recklinghausen, Dortmund, Sinsheim, Frankfurt am Main, M\u00fcnchen und Wolfratshausen haben wir uns auf die unkomplizierte und schnelle L\u00f6sung finanzieller Probleme spezialisiert. Wir beleihen Ihr KFZ und Sie erhalten sofort Bargeld.\",\"sameAs\":[\"https:\/\/www.facebook.com\/dasautopfand\",\"https:\/\/x.com\/https:\/\/twitter.com\/autopfand\"],\"url\":\"https:\/\/www.das-autopfand.de\/blog\/author\/dap\/\"}]}<\/script>\n<!-- \/ Yoast SEO plugin. -->","yoast_head_json":{"title":"Vespa 125 946 - Kfz-Versteigerung am 14.02.2026 -","robots":{"index":"index","follow":"follow","max-snippet":"max-snippet:-1","max-image-preview":"max-image-preview:large","max-video-preview":"max-video-preview:-1"},"canonical":"https:\/\/www.das-autopfand.de\/blog\/vespa-125-946-kfz-versteigerung-am-14-02-2026\/","og_locale":"de_DE","og_type":"article","og_title":"Vespa 125 946 - Kfz-Versteigerung am 14.02.2026 -","og_description":"Die Vespa wurde am 14.02.2026 versteigert! Daten zum Vespa 125 946: Aufrufpreis: 5.000,- EUR Pfandschein-Nr.: 25\/2798","og_url":"https:\/\/www.das-autopfand.de\/blog\/vespa-125-946-kfz-versteigerung-am-14-02-2026\/","article_publisher":"https:\/\/www.facebook.com\/dasautopfand","article_author":"https:\/\/www.facebook.com\/dasautopfand","article_published_time":"2026-01-28T09:32:08+00:00","article_modified_time":"2026-02-14T21:19:29+00:00","og_image":[{"width":1210,"height":908,"url":"https:\/\/www.das-autopfand.de\/blog\/uploads\/25-2798_IMG_3555.jpg","type":"image\/jpeg"}],"author":"Norman Ostgathe","twitter_card":"summary_large_image","twitter_creator":"@https:\/\/twitter.com\/autopfand","twitter_site":"@autopfand","twitter_misc":{"Verfasst von":"Norman Ostgathe","Gesch\u00e4tzte Lesezeit":"3\u00a0Minuten"},"schema":{"@context":"https:\/\/schema.org","@graph":[{"@type":"Article","@id":"https:\/\/www.das-autopfand.de\/blog\/vespa-125-946-kfz-versteigerung-am-14-02-2026\/#article","isPartOf":{"@id":"https:\/\/www.das-autopfand.de\/blog\/vespa-125-946-kfz-versteigerung-am-14-02-2026\/"},"author":{"name":"Norman Ostgathe","@id":"https:\/\/www.das-autopfand.de\/blog\/#\/schema\/person\/ebe927f731619d837b8245d6f9c959b0"},"headline":"Vespa 125 946 &#8211; Kfz-Versteigerung am 14.02.2026","datePublished":"2026-01-28T09:32:08+00:00","dateModified":"2026-02-14T21:19:29+00:00","mainEntityOfPage":{"@id":"https:\/\/www.das-autopfand.de\/blog\/vespa-125-946-kfz-versteigerung-am-14-02-2026\/"},"wordCount":156,"image":{"@id":"https:\/\/www.das-autopfand.de\/blog\/vespa-125-946-kfz-versteigerung-am-14-02-2026\/#primaryimage"},"thumbnailUrl":"https:\/\/www.das-autopfand.de\/blog\/uploads\/25-2798_IMG_3555.jpg","articleSection":["Versteigerung"],"inLanguage":"de"},{"@type":"WebPage","@id":"https:\/\/www.das-autopfand.de\/blog\/vespa-125-946-kfz-versteigerung-am-14-02-2026\/","url":"https:\/\/www.das-autopfand.de\/blog\/vespa-125-946-kfz-versteigerung-am-14-02-2026\/","name":"Vespa 125 946 - Kfz-Versteigerung am 14.02.2026 -","isPartOf":{"@id":"https:\/\/www.das-autopfand.de\/blog\/#website"},"primaryImageOfPage":{"@id":"https:\/\/www.das-autopfand.de\/blog\/vespa-125-946-kfz-versteigerung-am-14-02-2026\/#primaryimage"},"image":{"@id":"https:\/\/www.das-autopfand.de\/blog\/vespa-125-946-kfz-versteigerung-am-14-02-2026\/#primaryimage"},"thumbnailUrl":"https:\/\/www.das-autopfand.de\/blog\/uploads\/25-2798_IMG_3555.jpg","datePublished":"2026-01-28T09:32:08+00:00","dateModified":"2026-02-14T21:19:29+00:00","author":{"@id":"https:\/\/www.das-autopfand.de\/blog\/#\/schema\/person\/ebe927f731619d837b8245d6f9c959b0"},"inLanguage":"de","potentialAction":[{"@type":"ReadAction","target":["https:\/\/www.das-autopfand.de\/blog\/vespa-125-946-kfz-versteigerung-am-14-02-2026\/"]}]},{"@type":"ImageObject","inLanguage":"de","@id":"https:\/\/www.das-autopfand.de\/blog\/vespa-125-946-kfz-versteigerung-am-14-02-2026\/#primaryimage","url":"https:\/\/www.das-autopfand.de\/blog\/uploads\/25-2798_IMG_3555.jpg","contentUrl":"https:\/\/www.das-autopfand.de\/blog\/uploads\/25-2798_IMG_3555.jpg","width":1210,"height":908},{"@type":"WebSite","@id":"https:\/\/www.das-autopfand.de\/blog\/#website","url":"https:\/\/www.das-autopfand.de\/blog\/","name":"","description":"News aus dem KFZ-Pfandleihhaus","potentialAction":[{"@type":"SearchAction","target":{"@type":"EntryPoint","urlTemplate":"https:\/\/www.das-autopfand.de\/blog\/?s={search_term_string}"},"query-input":{"@type":"PropertyValueSpecification","valueRequired":true,"valueName":"search_term_string"}}],"inLanguage":"de"},{"@type":"Person","@id":"https:\/\/www.das-autopfand.de\/blog\/#\/schema\/person\/ebe927f731619d837b8245d6f9c959b0","name":"Norman Ostgathe","description":"Seit 2007 betreibe ich das bundesweit t\u00e4tige Kfz-Pfandleihhaus dap - das Autopfand. Mit unseren Autopfandh\u00e4usern in Krefeld, Recklinghausen, Dortmund, Sinsheim, Frankfurt am Main, M\u00fcnchen und Wolfratshausen haben wir uns auf die unkomplizierte und schnelle L\u00f6sung finanzieller Probleme spezialisiert. Wir beleihen Ihr KFZ und Sie erhalten sofort Bargeld.","sameAs":["https:\/\/www.facebook.com\/dasautopfand","https:\/\/x.com\/https:\/\/twitter.com\/autopfand"],"url":"https:\/\/www.das-autopfand.de\/blog\/author\/dap\/"}]}},"_links":{"self":[{"href":"https:\/\/www.das-autopfand.de\/blog\/wp-json\/wp\/v2\/posts\/5234","targetHints":{"allow":["GET"]}}],"collection":[{"href":"https:\/\/www.das-autopfand.de\/blog\/wp-json\/wp\/v2\/posts"}],"about":[{"href":"https:\/\/www.das-autopfand.de\/blog\/wp-json\/wp\/v2\/types\/post"}],"author":[{"embeddable":true,"href":"https:\/\/www.das-autopfand.de\/blog\/wp-json\/wp\/v2\/users\/2"}],"replies":[{"embeddable":true,"href":"https:\/\/www.das-autopfand.de\/blog\/wp-json\/wp\/v2\/comments?post=5234"}],"version-history":[{"count":8,"href":"https:\/\/www.das-autopfand.de\/blog\/wp-json\/wp\/v2\/posts\/5234\/revisions"}],"predecessor-version":[{"id":5694,"href":"https:\/\/www.das-autopfand.de\/blog\/wp-json\/wp\/v2\/posts\/5234\/revisions\/5694"}],"wp:featuredmedia":[{"embeddable":true,"href":"https:\/\/www.das-autopfand.de\/blog\/wp-json\/wp\/v2\/media\/5235"}],"wp:attachment":[{"href":"https:\/\/www.das-autopfand.de\/blog\/wp-json\/wp\/v2\/media?parent=5234"}],"wp:term":[{"taxonomy":"category","embeddable":true,"href":"https:\/\/www.das-autopfand.de\/blog\/wp-json\/wp\/v2\/categories?post=5234"},{"taxonomy":"post_tag","embeddable":true,"href":"https:\/\/www.das-autopfand.de\/blog\/wp-json\/wp\/v2\/tags?post=5234"}],"curies":[{"name":"wp","href":"https:\/\/api.w.org\/{rel}","templated":true}]}}