{"id":900,"date":"2008-11-07T10:02:00","date_gmt":"2008-11-07T08:02:00","guid":{"rendered":"https:\/\/www.das-autopfand.de\/blog\/?p=900"},"modified":"2025-03-02T16:08:30","modified_gmt":"2025-03-02T14:08:30","slug":"autopfandhaus-in-der-rp","status":"publish","type":"post","link":"https:\/\/www.das-autopfand.de\/blog\/autopfandhaus-in-der-rp\/","title":{"rendered":"Autopfandhaus in der RP"},"content":{"rendered":"<p><img decoding=\"async\" class=\"alignleft\" title=\"Kfz-Pfandhaus in Krefeld\" src=\"\/elemente\/blog\/rp-pfandhaus-krefeld.jpg\" alt=\"Kfz-Pfandhaus Krefeld\" \/> Medialer Overkill im Autopfandhaus. Ganz so schlimm ist es nicht, doch heute findet sich ein sch\u00f6ner Artikel unter dem Titel &#8222;<a title=\"Porsche zu ersteigern\" href=\"https:\/\/www.das-autopfand.de\/presse\/porsche-zu-ersteigern\/\">Porsche zu ersteigern<\/a>&#8220; \u00fcber unser <a href=\"https:\/\/www.das-autopfand.de\/kfz-pfandhaus\/krefeld\/\">Autopfandhaus in Krefeld<\/a> in der aktuellen Ausgabe der RP (Rheinische Post). Das sehr angenehme Interview f\u00fchrte Mario Fuchs mit uns vor Ort. Das Foto stammt von Thomas Lammertz. Doch lest einfach selber, denn ich muss mich um das n\u00e4chste Medium k\u00fcmmern.<\/p>\n<p>Heute kommt ein TV-Team und berichtet \u00fcber den &#8222;Alltag im Autopfandhaus&#8220; und ist auch w\u00e4hrend der morgigen <a title=\"Kfz-Versteigerung\" href=\"\/versteigerungen\/\">Kfz-Versteigerung in Krefeld<\/a> anwesend.<\/p>\n<p>Also, wer Zeit und Interesse an Autos hat &#8211; es sind einige sehr sch\u00f6ne St\u00fccke dabei &#8211; z.B. Mercedes-Benz 300 SL 107; Aufrufpreis 11.500  &#8211; der ist morgen ab 10.00 Uhr ein gern gesehender Gast auf der Magdeburger Str. in Krefeld.<\/p>\n","protected":false},"excerpt":{"rendered":"<p>Medialer Overkill im Autopfandhaus. Ganz so schlimm ist es nicht, doch heute findet sich ein sch\u00f6ner Artikel unter dem Titel &#8222;Porsche zu ersteigern&#8220; \u00fcber unser Autopfandhaus in Krefeld in der aktuellen Ausgabe der RP (Rheinische Post). Das sehr angenehme Interview f\u00fchrte Mario Fuchs mit uns vor Ort. Das Foto stammt von Thomas Lammertz. Doch lest [&hellip;]<\/p>\n","protected":false},"author":2,"featured_media":0,"comment_status":"closed","ping_status":"open","sticky":false,"template":"","format":"standard","meta":{"footnotes":""},"categories":[3],"tags":[],"class_list":["post-900","post","type-post","status-publish","format-standard","hentry","category-dap"],"yoast_head":"<!-- This site is optimized with the Yoast SEO plugin v26.9 - https:\/\/yoast.com\/product\/yoast-seo-wordpress\/ -->\n<title>Autopfandhaus in der RP -<\/title>\n<meta name=\"robots\" content=\"index, follow, max-snippet:-1, max-image-preview:large, max-video-preview:-1\" \/>\n<link rel=\"canonical\" href=\"https:\/\/www.das-autopfand.de\/blog\/autopfandhaus-in-der-rp\/\" \/>\n<meta property=\"og:locale\" content=\"de_DE\" \/>\n<meta property=\"og:type\" content=\"article\" \/>\n<meta property=\"og:title\" content=\"Autopfandhaus in der RP -\" \/>\n<meta property=\"og:description\" content=\"Medialer Overkill im Autopfandhaus. Ganz so schlimm ist es nicht, doch heute findet sich ein sch\u00f6ner Artikel unter dem Titel &#8222;Porsche zu ersteigern&#8220; \u00fcber unser Autopfandhaus in Krefeld in der aktuellen Ausgabe der RP (Rheinische Post). Das sehr angenehme Interview f\u00fchrte Mario Fuchs mit uns vor Ort. Das Foto stammt von Thomas Lammertz. Doch lest [&hellip;]\" \/>\n<meta property=\"og:url\" content=\"https:\/\/www.das-autopfand.de\/blog\/autopfandhaus-in-der-rp\/\" \/>\n<meta property=\"article:publisher\" content=\"https:\/\/www.facebook.com\/dasautopfand\" \/>\n<meta property=\"article:author\" content=\"https:\/\/www.facebook.com\/dasautopfand\" \/>\n<meta property=\"article:published_time\" content=\"2008-11-07T08:02:00+00:00\" \/>\n<meta property=\"article:modified_time\" content=\"2025-03-02T14:08:30+00:00\" \/>\n<meta name=\"author\" content=\"Norman Ostgathe\" \/>\n<meta name=\"twitter:card\" content=\"summary_large_image\" \/>\n<meta name=\"twitter:creator\" content=\"@https:\/\/twitter.com\/autopfand\" \/>\n<meta name=\"twitter:site\" content=\"@autopfand\" \/>\n<meta name=\"twitter:label1\" content=\"Verfasst von\" \/>\n\t<meta name=\"twitter:data1\" content=\"Norman Ostgathe\" \/>\n\t<meta name=\"twitter:label2\" content=\"Gesch\u00e4tzte Lesezeit\" \/>\n\t<meta name=\"twitter:data2\" content=\"1\u00a0Minute\" \/>\n<script type=\"application\/ld+json\" class=\"yoast-schema-graph\">{\"@context\":\"https:\/\/schema.org\",\"@graph\":[{\"@type\":\"Article\",\"@id\":\"https:\/\/www.das-autopfand.de\/blog\/autopfandhaus-in-der-rp\/#article\",\"isPartOf\":{\"@id\":\"https:\/\/www.das-autopfand.de\/blog\/autopfandhaus-in-der-rp\/\"},\"author\":{\"name\":\"Norman Ostgathe\",\"@id\":\"https:\/\/www.das-autopfand.de\/blog\/#\/schema\/person\/ebe927f731619d837b8245d6f9c959b0\"},\"headline\":\"Autopfandhaus in der RP\",\"datePublished\":\"2008-11-07T08:02:00+00:00\",\"dateModified\":\"2025-03-02T14:08:30+00:00\",\"mainEntityOfPage\":{\"@id\":\"https:\/\/www.das-autopfand.de\/blog\/autopfandhaus-in-der-rp\/\"},\"wordCount\":136,\"articleSection\":[\"dap\"],\"inLanguage\":\"de\"},{\"@type\":\"WebPage\",\"@id\":\"https:\/\/www.das-autopfand.de\/blog\/autopfandhaus-in-der-rp\/\",\"url\":\"https:\/\/www.das-autopfand.de\/blog\/autopfandhaus-in-der-rp\/\",\"name\":\"Autopfandhaus in der RP -\",\"isPartOf\":{\"@id\":\"https:\/\/www.das-autopfand.de\/blog\/#website\"},\"datePublished\":\"2008-11-07T08:02:00+00:00\",\"dateModified\":\"2025-03-02T14:08:30+00:00\",\"author\":{\"@id\":\"https:\/\/www.das-autopfand.de\/blog\/#\/schema\/person\/ebe927f731619d837b8245d6f9c959b0\"},\"inLanguage\":\"de\",\"potentialAction\":[{\"@type\":\"ReadAction\",\"target\":[\"https:\/\/www.das-autopfand.de\/blog\/autopfandhaus-in-der-rp\/\"]}]},{\"@type\":\"WebSite\",\"@id\":\"https:\/\/www.das-autopfand.de\/blog\/#website\",\"url\":\"https:\/\/www.das-autopfand.de\/blog\/\",\"name\":\"\",\"description\":\"News aus dem KFZ-Pfandleihhaus\",\"potentialAction\":[{\"@type\":\"SearchAction\",\"target\":{\"@type\":\"EntryPoint\",\"urlTemplate\":\"https:\/\/www.das-autopfand.de\/blog\/?s={search_term_string}\"},\"query-input\":{\"@type\":\"PropertyValueSpecification\",\"valueRequired\":true,\"valueName\":\"search_term_string\"}}],\"inLanguage\":\"de\"},{\"@type\":\"Person\",\"@id\":\"https:\/\/www.das-autopfand.de\/blog\/#\/schema\/person\/ebe927f731619d837b8245d6f9c959b0\",\"name\":\"Norman Ostgathe\",\"description\":\"Seit 2007 betreibe ich das bundesweit t\u00e4tige Kfz-Pfandleihhaus dap - das Autopfand. Mit unseren Autopfandh\u00e4usern in Krefeld, Recklinghausen, Dortmund, Sinsheim, Frankfurt am Main, M\u00fcnchen und Wolfratshausen haben wir uns auf die unkomplizierte und schnelle L\u00f6sung finanzieller Probleme spezialisiert. Wir beleihen Ihr KFZ und Sie erhalten sofort Bargeld.\",\"sameAs\":[\"https:\/\/www.facebook.com\/dasautopfand\",\"https:\/\/x.com\/https:\/\/twitter.com\/autopfand\"],\"url\":\"https:\/\/www.das-autopfand.de\/blog\/author\/dap\/\"}]}<\/script>\n<!-- \/ Yoast SEO plugin. -->","yoast_head_json":{"title":"Autopfandhaus in der RP -","robots":{"index":"index","follow":"follow","max-snippet":"max-snippet:-1","max-image-preview":"max-image-preview:large","max-video-preview":"max-video-preview:-1"},"canonical":"https:\/\/www.das-autopfand.de\/blog\/autopfandhaus-in-der-rp\/","og_locale":"de_DE","og_type":"article","og_title":"Autopfandhaus in der RP -","og_description":"Medialer Overkill im Autopfandhaus. Ganz so schlimm ist es nicht, doch heute findet sich ein sch\u00f6ner Artikel unter dem Titel &#8222;Porsche zu ersteigern&#8220; \u00fcber unser Autopfandhaus in Krefeld in der aktuellen Ausgabe der RP (Rheinische Post). Das sehr angenehme Interview f\u00fchrte Mario Fuchs mit uns vor Ort. Das Foto stammt von Thomas Lammertz. Doch lest [&hellip;]","og_url":"https:\/\/www.das-autopfand.de\/blog\/autopfandhaus-in-der-rp\/","article_publisher":"https:\/\/www.facebook.com\/dasautopfand","article_author":"https:\/\/www.facebook.com\/dasautopfand","article_published_time":"2008-11-07T08:02:00+00:00","article_modified_time":"2025-03-02T14:08:30+00:00","author":"Norman Ostgathe","twitter_card":"summary_large_image","twitter_creator":"@https:\/\/twitter.com\/autopfand","twitter_site":"@autopfand","twitter_misc":{"Verfasst von":"Norman Ostgathe","Gesch\u00e4tzte Lesezeit":"1\u00a0Minute"},"schema":{"@context":"https:\/\/schema.org","@graph":[{"@type":"Article","@id":"https:\/\/www.das-autopfand.de\/blog\/autopfandhaus-in-der-rp\/#article","isPartOf":{"@id":"https:\/\/www.das-autopfand.de\/blog\/autopfandhaus-in-der-rp\/"},"author":{"name":"Norman Ostgathe","@id":"https:\/\/www.das-autopfand.de\/blog\/#\/schema\/person\/ebe927f731619d837b8245d6f9c959b0"},"headline":"Autopfandhaus in der RP","datePublished":"2008-11-07T08:02:00+00:00","dateModified":"2025-03-02T14:08:30+00:00","mainEntityOfPage":{"@id":"https:\/\/www.das-autopfand.de\/blog\/autopfandhaus-in-der-rp\/"},"wordCount":136,"articleSection":["dap"],"inLanguage":"de"},{"@type":"WebPage","@id":"https:\/\/www.das-autopfand.de\/blog\/autopfandhaus-in-der-rp\/","url":"https:\/\/www.das-autopfand.de\/blog\/autopfandhaus-in-der-rp\/","name":"Autopfandhaus in der RP -","isPartOf":{"@id":"https:\/\/www.das-autopfand.de\/blog\/#website"},"datePublished":"2008-11-07T08:02:00+00:00","dateModified":"2025-03-02T14:08:30+00:00","author":{"@id":"https:\/\/www.das-autopfand.de\/blog\/#\/schema\/person\/ebe927f731619d837b8245d6f9c959b0"},"inLanguage":"de","potentialAction":[{"@type":"ReadAction","target":["https:\/\/www.das-autopfand.de\/blog\/autopfandhaus-in-der-rp\/"]}]},{"@type":"WebSite","@id":"https:\/\/www.das-autopfand.de\/blog\/#website","url":"https:\/\/www.das-autopfand.de\/blog\/","name":"","description":"News aus dem KFZ-Pfandleihhaus","potentialAction":[{"@type":"SearchAction","target":{"@type":"EntryPoint","urlTemplate":"https:\/\/www.das-autopfand.de\/blog\/?s={search_term_string}"},"query-input":{"@type":"PropertyValueSpecification","valueRequired":true,"valueName":"search_term_string"}}],"inLanguage":"de"},{"@type":"Person","@id":"https:\/\/www.das-autopfand.de\/blog\/#\/schema\/person\/ebe927f731619d837b8245d6f9c959b0","name":"Norman Ostgathe","description":"Seit 2007 betreibe ich das bundesweit t\u00e4tige Kfz-Pfandleihhaus dap - das Autopfand. Mit unseren Autopfandh\u00e4usern in Krefeld, Recklinghausen, Dortmund, Sinsheim, Frankfurt am Main, M\u00fcnchen und Wolfratshausen haben wir uns auf die unkomplizierte und schnelle L\u00f6sung finanzieller Probleme spezialisiert. Wir beleihen Ihr KFZ und Sie erhalten sofort Bargeld.","sameAs":["https:\/\/www.facebook.com\/dasautopfand","https:\/\/x.com\/https:\/\/twitter.com\/autopfand"],"url":"https:\/\/www.das-autopfand.de\/blog\/author\/dap\/"}]}},"_links":{"self":[{"href":"https:\/\/www.das-autopfand.de\/blog\/wp-json\/wp\/v2\/posts\/900","targetHints":{"allow":["GET"]}}],"collection":[{"href":"https:\/\/www.das-autopfand.de\/blog\/wp-json\/wp\/v2\/posts"}],"about":[{"href":"https:\/\/www.das-autopfand.de\/blog\/wp-json\/wp\/v2\/types\/post"}],"author":[{"embeddable":true,"href":"https:\/\/www.das-autopfand.de\/blog\/wp-json\/wp\/v2\/users\/2"}],"replies":[{"embeddable":true,"href":"https:\/\/www.das-autopfand.de\/blog\/wp-json\/wp\/v2\/comments?post=900"}],"version-history":[{"count":0,"href":"https:\/\/www.das-autopfand.de\/blog\/wp-json\/wp\/v2\/posts\/900\/revisions"}],"wp:attachment":[{"href":"https:\/\/www.das-autopfand.de\/blog\/wp-json\/wp\/v2\/media?parent=900"}],"wp:term":[{"taxonomy":"category","embeddable":true,"href":"https:\/\/www.das-autopfand.de\/blog\/wp-json\/wp\/v2\/categories?post=900"},{"taxonomy":"post_tag","embeddable":true,"href":"https:\/\/www.das-autopfand.de\/blog\/wp-json\/wp\/v2\/tags?post=900"}],"curies":[{"name":"wp","href":"https:\/\/api.w.org\/{rel}","templated":true}]}}