{"id":920,"date":"2009-01-14T15:57:13","date_gmt":"2009-01-14T13:57:13","guid":{"rendered":"https:\/\/www.das-autopfand.de\/blog\/?p=920"},"modified":"2025-03-02T16:08:30","modified_gmt":"2025-03-02T14:08:30","slug":"versteigerung-porsche-944-s2","status":"publish","type":"post","link":"https:\/\/www.das-autopfand.de\/blog\/versteigerung-porsche-944-s2\/","title":{"rendered":"Versteigerung: Porsche 944 S2"},"content":{"rendered":"<p>Daten zum <strong>Porsche 944 S2<\/strong>:<\/p>\n<p class=\"hinweis\"><strong>Diese Kfz-Auktion ist beendet!<\/strong><br \/>\n\u00bb \u00dcberblick \u00fcber die n\u00e4chste <a title=\"Kfz-Versteigerungen bei das Autopfand\" href=\"\/versteigerungen\/\">Kfz-Versteigerung<\/a> im Autopfandhaus.<\/p>\n<p><!--more-->Typ: 944<br \/>\nErstzulassung: 01.06.1990<br \/>\nKm-stand: 200.310<br \/>\nKraftstoff: Benzin<br \/>\nkW: 155<br \/>\nAu\u00dfenfarbe: Blau<br \/>\nGetriebeart: Schaltung<br \/>\nZylinder: 6<br \/>\nHubraum: 2969 ccm<br \/>\nT\u00fcren: 2<br \/>\nSitze: 4<br \/>\nLeergewicht: 1240<br \/>\nVorbesitzer: 5<br \/>\nHSN: 583<br \/>\nTSN: 4190<\/p>\n<p>Fahrzeugausstattung: Heckspoiler, Schiebedach, Teilleder, elektr. Sitze, Original Porsche Felgen, elektr. Fenster, Sitzheizung Fahrer<\/p>\n<p><img loading=\"lazy\" decoding=\"async\" alt=\"Porsche 944 S2 Versteigerung\" src=\"\/blog\/uploads\/porsche-944s2.jpg\" width=\"455\" height=\"305\" \/><\/p>\n<p><img loading=\"lazy\" decoding=\"async\" alt=\"Versteigerung: Porsche 944 S2\" src=\"\/blog\/uploads\/porsche-944s2-2.jpg\" width=\"455\" height=\"305\" \/><\/p>\n<p><img loading=\"lazy\" decoding=\"async\" alt=\"Porsche 944er\" src=\"\/blog\/uploads\/porsche-944s2-3.jpg\" width=\"455\" height=\"305\" \/><\/p>\n<p><img loading=\"lazy\" decoding=\"async\" alt=\"Porsche 944zu versteigern\" src=\"\/blog\/uploads\/porsche-944s2-5.jpg\" width=\"455\" height=\"305\" \/><\/p>\n<h2>Fragen zum Kfz<\/h2>\n<p>Haben Sie Fragen zum Porsche 944 S2 oder einem anderen angebotenen Auto, dann treten Sie bitte mit uns in <a title=\"Kontakt\" href=\"\/kontakt\/\">Kontakt<\/a>.<\/p>\n<h2>Termin der Kfz-Versteigerung<\/h2>\n<p>Die <a title=\"Kfz-Versteigerungen bei das Autopfand\" href=\"\/versteigerungen\/\">Kfz-Versteigerung<\/a> findet am <del>Samstag, den 31. Januar 2009 im Kfz-Pfandhaus in Krefeld<\/del>statt. <strong>Bitte beachten Sie die aktuellen Termine unten obigem Link<\/strong>. Die Besichtigung der Autos ist ab 10.00 Uhr m\u00f6glich; Beginn der Versteigerung ist um 12.00 Uhr.<\/p>\n<p>M\u00f6chten Sie sich einfach und bequem \u00fcber die Termine der kommenden Auto-Versteigerungen in unseren bundesweiten Pfandh\u00e4usern per Email informieren lassen, dann nutzen Sie unseren <a title=\"dap Newsletter\" href=\"\/newsletter\/\">dap-Newsletter<\/a>.<\/p>\n","protected":false},"excerpt":{"rendered":"<p>Daten zum Porsche 944 S2: Diese Kfz-Auktion ist beendet! \u00bb \u00dcberblick \u00fcber die n\u00e4chste Kfz-Versteigerung im Autopfandhaus.<\/p>\n","protected":false},"author":2,"featured_media":0,"comment_status":"closed","ping_status":"open","sticky":false,"template":"","format":"standard","meta":{"footnotes":""},"categories":[10],"tags":[],"class_list":["post-920","post","type-post","status-publish","format-standard","hentry","category-versteigerung"],"yoast_head":"<!-- This site is optimized with the Yoast SEO plugin v26.9 - https:\/\/yoast.com\/product\/yoast-seo-wordpress\/ -->\n<title>Versteigerung: Porsche 944 S2 -<\/title>\n<meta name=\"robots\" content=\"index, follow, max-snippet:-1, max-image-preview:large, max-video-preview:-1\" \/>\n<link rel=\"canonical\" href=\"https:\/\/www.das-autopfand.de\/blog\/versteigerung-porsche-944-s2\/\" \/>\n<meta property=\"og:locale\" content=\"de_DE\" \/>\n<meta property=\"og:type\" content=\"article\" \/>\n<meta property=\"og:title\" content=\"Versteigerung: Porsche 944 S2 -\" \/>\n<meta property=\"og:description\" content=\"Daten zum Porsche 944 S2: Diese Kfz-Auktion ist beendet! \u00bb \u00dcberblick \u00fcber die n\u00e4chste Kfz-Versteigerung im Autopfandhaus.\" \/>\n<meta property=\"og:url\" content=\"https:\/\/www.das-autopfand.de\/blog\/versteigerung-porsche-944-s2\/\" \/>\n<meta property=\"article:publisher\" content=\"https:\/\/www.facebook.com\/dasautopfand\" \/>\n<meta property=\"article:author\" content=\"https:\/\/www.facebook.com\/dasautopfand\" \/>\n<meta property=\"article:published_time\" content=\"2009-01-14T13:57:13+00:00\" \/>\n<meta property=\"article:modified_time\" content=\"2025-03-02T14:08:30+00:00\" \/>\n<meta name=\"author\" content=\"Norman Ostgathe\" \/>\n<meta name=\"twitter:card\" content=\"summary_large_image\" \/>\n<meta name=\"twitter:creator\" content=\"@https:\/\/twitter.com\/autopfand\" \/>\n<meta name=\"twitter:site\" content=\"@autopfand\" \/>\n<meta name=\"twitter:label1\" content=\"Verfasst von\" \/>\n\t<meta name=\"twitter:data1\" content=\"Norman Ostgathe\" \/>\n\t<meta name=\"twitter:label2\" content=\"Gesch\u00e4tzte Lesezeit\" \/>\n\t<meta name=\"twitter:data2\" content=\"1\u00a0Minute\" \/>\n<script type=\"application\/ld+json\" class=\"yoast-schema-graph\">{\"@context\":\"https:\/\/schema.org\",\"@graph\":[{\"@type\":\"Article\",\"@id\":\"https:\/\/www.das-autopfand.de\/blog\/versteigerung-porsche-944-s2\/#article\",\"isPartOf\":{\"@id\":\"https:\/\/www.das-autopfand.de\/blog\/versteigerung-porsche-944-s2\/\"},\"author\":{\"name\":\"Norman Ostgathe\",\"@id\":\"https:\/\/www.das-autopfand.de\/blog\/#\/schema\/person\/ebe927f731619d837b8245d6f9c959b0\"},\"headline\":\"Versteigerung: Porsche 944 S2\",\"datePublished\":\"2009-01-14T13:57:13+00:00\",\"dateModified\":\"2025-03-02T14:08:30+00:00\",\"mainEntityOfPage\":{\"@id\":\"https:\/\/www.das-autopfand.de\/blog\/versteigerung-porsche-944-s2\/\"},\"wordCount\":140,\"articleSection\":[\"Versteigerung\"],\"inLanguage\":\"de\"},{\"@type\":\"WebPage\",\"@id\":\"https:\/\/www.das-autopfand.de\/blog\/versteigerung-porsche-944-s2\/\",\"url\":\"https:\/\/www.das-autopfand.de\/blog\/versteigerung-porsche-944-s2\/\",\"name\":\"Versteigerung: Porsche 944 S2 -\",\"isPartOf\":{\"@id\":\"https:\/\/www.das-autopfand.de\/blog\/#website\"},\"datePublished\":\"2009-01-14T13:57:13+00:00\",\"dateModified\":\"2025-03-02T14:08:30+00:00\",\"author\":{\"@id\":\"https:\/\/www.das-autopfand.de\/blog\/#\/schema\/person\/ebe927f731619d837b8245d6f9c959b0\"},\"inLanguage\":\"de\",\"potentialAction\":[{\"@type\":\"ReadAction\",\"target\":[\"https:\/\/www.das-autopfand.de\/blog\/versteigerung-porsche-944-s2\/\"]}]},{\"@type\":\"WebSite\",\"@id\":\"https:\/\/www.das-autopfand.de\/blog\/#website\",\"url\":\"https:\/\/www.das-autopfand.de\/blog\/\",\"name\":\"\",\"description\":\"News aus dem KFZ-Pfandleihhaus\",\"potentialAction\":[{\"@type\":\"SearchAction\",\"target\":{\"@type\":\"EntryPoint\",\"urlTemplate\":\"https:\/\/www.das-autopfand.de\/blog\/?s={search_term_string}\"},\"query-input\":{\"@type\":\"PropertyValueSpecification\",\"valueRequired\":true,\"valueName\":\"search_term_string\"}}],\"inLanguage\":\"de\"},{\"@type\":\"Person\",\"@id\":\"https:\/\/www.das-autopfand.de\/blog\/#\/schema\/person\/ebe927f731619d837b8245d6f9c959b0\",\"name\":\"Norman Ostgathe\",\"description\":\"Seit 2007 betreibe ich das bundesweit t\u00e4tige Kfz-Pfandleihhaus dap - das Autopfand. Mit unseren Autopfandh\u00e4usern in Krefeld, Recklinghausen, Dortmund, Sinsheim, Frankfurt am Main, M\u00fcnchen und Wolfratshausen haben wir uns auf die unkomplizierte und schnelle L\u00f6sung finanzieller Probleme spezialisiert. Wir beleihen Ihr KFZ und Sie erhalten sofort Bargeld.\",\"sameAs\":[\"https:\/\/www.facebook.com\/dasautopfand\",\"https:\/\/x.com\/https:\/\/twitter.com\/autopfand\"],\"url\":\"https:\/\/www.das-autopfand.de\/blog\/author\/dap\/\"}]}<\/script>\n<!-- \/ Yoast SEO plugin. -->","yoast_head_json":{"title":"Versteigerung: Porsche 944 S2 -","robots":{"index":"index","follow":"follow","max-snippet":"max-snippet:-1","max-image-preview":"max-image-preview:large","max-video-preview":"max-video-preview:-1"},"canonical":"https:\/\/www.das-autopfand.de\/blog\/versteigerung-porsche-944-s2\/","og_locale":"de_DE","og_type":"article","og_title":"Versteigerung: Porsche 944 S2 -","og_description":"Daten zum Porsche 944 S2: Diese Kfz-Auktion ist beendet! \u00bb \u00dcberblick \u00fcber die n\u00e4chste Kfz-Versteigerung im Autopfandhaus.","og_url":"https:\/\/www.das-autopfand.de\/blog\/versteigerung-porsche-944-s2\/","article_publisher":"https:\/\/www.facebook.com\/dasautopfand","article_author":"https:\/\/www.facebook.com\/dasautopfand","article_published_time":"2009-01-14T13:57:13+00:00","article_modified_time":"2025-03-02T14:08:30+00:00","author":"Norman Ostgathe","twitter_card":"summary_large_image","twitter_creator":"@https:\/\/twitter.com\/autopfand","twitter_site":"@autopfand","twitter_misc":{"Verfasst von":"Norman Ostgathe","Gesch\u00e4tzte Lesezeit":"1\u00a0Minute"},"schema":{"@context":"https:\/\/schema.org","@graph":[{"@type":"Article","@id":"https:\/\/www.das-autopfand.de\/blog\/versteigerung-porsche-944-s2\/#article","isPartOf":{"@id":"https:\/\/www.das-autopfand.de\/blog\/versteigerung-porsche-944-s2\/"},"author":{"name":"Norman Ostgathe","@id":"https:\/\/www.das-autopfand.de\/blog\/#\/schema\/person\/ebe927f731619d837b8245d6f9c959b0"},"headline":"Versteigerung: Porsche 944 S2","datePublished":"2009-01-14T13:57:13+00:00","dateModified":"2025-03-02T14:08:30+00:00","mainEntityOfPage":{"@id":"https:\/\/www.das-autopfand.de\/blog\/versteigerung-porsche-944-s2\/"},"wordCount":140,"articleSection":["Versteigerung"],"inLanguage":"de"},{"@type":"WebPage","@id":"https:\/\/www.das-autopfand.de\/blog\/versteigerung-porsche-944-s2\/","url":"https:\/\/www.das-autopfand.de\/blog\/versteigerung-porsche-944-s2\/","name":"Versteigerung: Porsche 944 S2 -","isPartOf":{"@id":"https:\/\/www.das-autopfand.de\/blog\/#website"},"datePublished":"2009-01-14T13:57:13+00:00","dateModified":"2025-03-02T14:08:30+00:00","author":{"@id":"https:\/\/www.das-autopfand.de\/blog\/#\/schema\/person\/ebe927f731619d837b8245d6f9c959b0"},"inLanguage":"de","potentialAction":[{"@type":"ReadAction","target":["https:\/\/www.das-autopfand.de\/blog\/versteigerung-porsche-944-s2\/"]}]},{"@type":"WebSite","@id":"https:\/\/www.das-autopfand.de\/blog\/#website","url":"https:\/\/www.das-autopfand.de\/blog\/","name":"","description":"News aus dem KFZ-Pfandleihhaus","potentialAction":[{"@type":"SearchAction","target":{"@type":"EntryPoint","urlTemplate":"https:\/\/www.das-autopfand.de\/blog\/?s={search_term_string}"},"query-input":{"@type":"PropertyValueSpecification","valueRequired":true,"valueName":"search_term_string"}}],"inLanguage":"de"},{"@type":"Person","@id":"https:\/\/www.das-autopfand.de\/blog\/#\/schema\/person\/ebe927f731619d837b8245d6f9c959b0","name":"Norman Ostgathe","description":"Seit 2007 betreibe ich das bundesweit t\u00e4tige Kfz-Pfandleihhaus dap - das Autopfand. Mit unseren Autopfandh\u00e4usern in Krefeld, Recklinghausen, Dortmund, Sinsheim, Frankfurt am Main, M\u00fcnchen und Wolfratshausen haben wir uns auf die unkomplizierte und schnelle L\u00f6sung finanzieller Probleme spezialisiert. Wir beleihen Ihr KFZ und Sie erhalten sofort Bargeld.","sameAs":["https:\/\/www.facebook.com\/dasautopfand","https:\/\/x.com\/https:\/\/twitter.com\/autopfand"],"url":"https:\/\/www.das-autopfand.de\/blog\/author\/dap\/"}]}},"_links":{"self":[{"href":"https:\/\/www.das-autopfand.de\/blog\/wp-json\/wp\/v2\/posts\/920","targetHints":{"allow":["GET"]}}],"collection":[{"href":"https:\/\/www.das-autopfand.de\/blog\/wp-json\/wp\/v2\/posts"}],"about":[{"href":"https:\/\/www.das-autopfand.de\/blog\/wp-json\/wp\/v2\/types\/post"}],"author":[{"embeddable":true,"href":"https:\/\/www.das-autopfand.de\/blog\/wp-json\/wp\/v2\/users\/2"}],"replies":[{"embeddable":true,"href":"https:\/\/www.das-autopfand.de\/blog\/wp-json\/wp\/v2\/comments?post=920"}],"version-history":[{"count":0,"href":"https:\/\/www.das-autopfand.de\/blog\/wp-json\/wp\/v2\/posts\/920\/revisions"}],"wp:attachment":[{"href":"https:\/\/www.das-autopfand.de\/blog\/wp-json\/wp\/v2\/media?parent=920"}],"wp:term":[{"taxonomy":"category","embeddable":true,"href":"https:\/\/www.das-autopfand.de\/blog\/wp-json\/wp\/v2\/categories?post=920"},{"taxonomy":"post_tag","embeddable":true,"href":"https:\/\/www.das-autopfand.de\/blog\/wp-json\/wp\/v2\/tags?post=920"}],"curies":[{"name":"wp","href":"https:\/\/api.w.org\/{rel}","templated":true}]}}