{"id":979,"date":"2010-02-02T11:07:00","date_gmt":"2010-02-02T09:07:00","guid":{"rendered":"https:\/\/www.das-autopfand.de\/blog\/?p=979"},"modified":"2025-03-02T16:08:29","modified_gmt":"2025-03-02T14:08:29","slug":"versteigerung-wohnwagen-tabbert-tw27-w27-560","status":"publish","type":"post","link":"https:\/\/www.das-autopfand.de\/blog\/versteigerung-wohnwagen-tabbert-tw27-w27-560\/","title":{"rendered":"Versteigerung: Wohnwagen Tabbert TW27 W27 560"},"content":{"rendered":"<p>Daten zum Wohnwagen <strong>Tabbert TW27 W27 560, Vivaldi 560 TD<\/strong>:<\/p>\n<p class=\"hinweis\"><strong>Der Wohnwagen ist versteigert!<\/strong><br \/>\n\u00bb \u00dcberblick \u00fcber die n\u00e4chsten <a title=\"Kfz-Versteigerungen bei das Autopfand\" href=\"\/versteigerungen\/\">Kfz-Versteigerungen<\/a> im Kfz-Pfandhaus.<\/p>\n<p><!--more-->Typ: Tabbert TW27 W27 560, Vivaldi 560 TD<br \/>\nErstzulassung: 27.06.2008<br \/>\nFarbe: Wei\u00df<br \/>\nT\u00fcren:1<br \/>\nVorbesitzer: 1<br \/>\nAusstattung:<\/p>\n<ul>\n<li style=\"margin-top: 0px; margin-bottom: 0px; padding-top: 2px;\">Neue<br \/>\nbeleuchtete Eintrittsstufe mit Tabbert-Schriftzug (integriert und isoliert; f\u00fcr<br \/>\nmehr Sicherheit und Wohnlichkeit)<\/li>\n<li style=\"margin-top: 0px; margin-bottom: 0px; padding-top: 2px;\">Neues<br \/>\nTabbert-Lichtsteuerungssystem (mit individuellen Lichtszenen: Coming Home,<br \/>\nSpeiselicht und TV-Licht)<\/li>\n<li style=\"margin-top: 0px; margin-bottom: 0px; padding-top: 2px;\">Optimierte<br \/>\nSpannungsversorgung (konstante Helligkeit auch bei wechselnder Beleuchtung, kein<br \/>\nFlimmern, keine Spannungsschwankungen, Laderegelung bei Netz-, Fahr- und<br \/>\nSolarbetrieb, ger\u00e4uschloser Betrieb)<\/li>\n<li style=\"margin-top: 0px; margin-bottom: 0px; padding-top: 2px;\">Exklusive<br \/>\nPolstervarianten La Strada, La Rondine, Capri und Camargue<\/li>\n<li style=\"margin-top: 0px; margin-bottom: 0px; padding-top: 2px;\">Offene<br \/>\nBlickachsen<\/li>\n<li style=\"margin-top: 0px; margin-bottom: 0px; padding-top: 2px;\">Ergonomische<br \/>\nSafetyLocks<\/li>\n<li style=\"margin-top: 0px; margin-bottom: 0px; padding-top: 2px;\">Indirekte<br \/>\nBeleuchtung in den Eckregalen<\/li>\n<li style=\"margin-top: 0px; margin-bottom: 0px; padding-top: 2px;\">Flimmerfreie<br \/>\n20-W-Birnen (lange Lebensdauer, keine Helligkeitsschwankungen)<\/li>\n<li style=\"margin-top: 0px; margin-bottom: 0px; padding-top: 2px;\">Tabbert-Dach<\/li>\n<li style=\"margin-top: 0px; margin-bottom: 0px; padding-top: 2px;\">Echtholzrahmenklappen<\/li>\n<li style=\"margin-top: 0px; margin-bottom: 0px; padding-top: 2px;\">Breitspur-Sicherheitsfahrwerk mit Achssto\u00dfd\u00e4mpfer<\/li>\n<li style=\"margin-top: 0px; margin-bottom: 0px; padding-top: 2px;\">Leichtlaufchassis<\/li>\n<li style=\"margin-top: 0px; margin-bottom: 0px; padding-top: 2px;\">Stabilisator-Sicherheits-Kupplung (AKS)<\/li>\n<li style=\"margin-top: 0px; margin-bottom: 0px; padding-top: 2px;\">Niederquerschnittreifen<\/li>\n<li style=\"margin-top: 0px; margin-bottom: 0px; padding-top: 2px;\">Integrierter<br \/>\nFlaschenkasten mit Reserveradhalterung<\/li>\n<li style=\"margin-top: 0px; margin-bottom: 0px; padding-top: 2px;\">Einstiegsstufe<br \/>\nintegriert und isoliert<\/li>\n<li style=\"margin-top: 0px; margin-bottom: 0px; padding-top: 2px;\">Serviceklappe<br \/>\nin Seitenwand<\/li>\n<li style=\"margin-top: 0px; margin-bottom: 0px; padding-top: 2px;\">PVC-Bodenbelag<\/li>\n<li style=\"margin-top: 0px; margin-bottom: 0px; padding-top: 2px;\">Mini-Heki, zwangsbel\u00fcftet<\/li>\n<li style=\"margin-top: 0px; margin-bottom: 0px; padding-top: 2px;\">Hebe-Kipp-Dachhaube,<br \/>\nAusf\u00fchrung 2<\/li>\n<li style=\"margin-top: 0px; margin-bottom: 0px; padding-top: 2px;\">Stehh\u00f6he<br \/>\n195 cm<\/li>\n<li style=\"margin-top: 0px; margin-bottom: 0px; padding-top: 2px;\">Doppelfenster<br \/>\nausstellbar, w\u00e4rmed\u00e4mmend get\u00f6nt<\/li>\n<li style=\"margin-top: 0px; margin-bottom: 0px; padding-top: 2px;\">Kombirollos<br \/>\nund Moskitoschutz<\/li>\n<li style=\"margin-top: 0px; margin-bottom: 0px; padding-top: 2px;\">Sicherheits-Heckleuchtentr\u00e4ger<br \/>\nmit runden Einzelleuchten wie \u00bbPuccini\u00ab<\/li>\n<li style=\"margin-top: 0px; margin-bottom: 0px; padding-top: 2px;\">Vorzeltleuchte<br \/>\n12 V \u00fcber Eingangst\u00fcre<\/li>\n<li style=\"margin-top: 0px; margin-bottom: 0px; padding-top: 2px;\">Heizung Truma<br \/>\nSL5002, zwei Gebl\u00e4semotoren und Heizkreisl\u00e4ufe, Heizungsgebl\u00e4se (12 V) mit<br \/>\nDrehzahlautomatik (ab Modell 540 serienm\u00e4\u00dfig)<\/li>\n<li style=\"margin-top: 0px; margin-bottom: 0px; padding-top: 2px;\">13-poliger<br \/>\nAnschlussstecker, System \u00bbJ\u00e4ger\u00ab (DIN 72570)<\/li>\n<li style=\"margin-top: 0px; margin-bottom: 0px; padding-top: 2px;\">Gasrohr (\u00d8<br \/>\n10 mm) von der Gasflasche zum Verteilerblock<\/li>\n<li style=\"margin-top: 0px; margin-bottom: 0px; padding-top: 2px;\">Frischwassertank<br \/>\n45 l, fest installiert<\/li>\n<li style=\"margin-top: 0px; margin-bottom: 0px; padding-top: 2px;\">Thetford-Cassetten-Toilette,<br \/>\nModell C 200<\/li>\n<li style=\"margin-top: 0px; margin-bottom: 0px; padding-top: 2px;\">Warmluftanlage<br \/>\nmit Drehzahlautomatik 12 V<\/li>\n<li style=\"margin-top: 0px; margin-bottom: 0px; padding-top: 2px;\">SAT-Antennenkabel,<br \/>\nverlegt<\/li>\n<li style=\"margin-top: 0px; margin-bottom: 0px; padding-top: 2px;\">Schaltnetzteil<br \/>\n250 VA<\/li>\n<li style=\"margin-top: 0px; margin-bottom: 0px; padding-top: 2px;\">Bel\u00fcftete<br \/>\nSitzstauk\u00e4sten und Deckenschr\u00e4nke<\/li>\n<li style=\"margin-top: 0px; margin-bottom: 0px; padding-top: 2px;\">Stauklappe im<br \/>\nSitzkastenstirnteil<\/li>\n<li style=\"margin-top: 0px; margin-bottom: 0px; padding-top: 2px;\">Bettrost<br \/>\nklappbar mit Matratzenhalterung (Federkernmatratze)<\/li>\n<li style=\"margin-top: 0px; padding-top: 2px;\">Warmwasserversorgung<br \/>\n(in K\u00fcche und Toilettenraum mit Truma-Therme)<\/li>\n<li style=\"margin-top: 0px; margin-bottom: 0px; padding-top: 2px;\">Eckregale mit<br \/>\nindirekter Beleuchtung<\/li>\n<\/ul>\n<p>Alle Angaben ohne Gew\u00e4hr und laut Auskunft der Vorbesitzer. Wir<br \/>\nversteigern im Namen und auf Rechnung der jeweiligen Eigent\u00fcmer.<\/p>\n<p><img loading=\"lazy\" decoding=\"async\" src=\"\/blog\/uploads\/wohnwagen-tabbert-tw27-w27-560.jpg\" alt=\"Versteigerung Wohnwagen Tabbert TW27 W27 560\" width=\"452\" height=\"325\" \/><\/p>\n<div class=\"clear\"><\/div>\n<p><img loading=\"lazy\" decoding=\"async\" src=\"\/blog\/uploads\/wohnwagen-tabbert-tw27.jpg\" alt=\"Wohnwagen Tabbert Vivaldi 560 TD\" width=\"452\" height=\"325\" \/> <img loading=\"lazy\" decoding=\"async\" src=\"\/blog\/uploads\/wohnwagen-tabbert-vivaldi.jpg\" alt=\"Vivaldi 560 TD - Tabbert Wohnwagen\" width=\"452\" height=\"325\" \/><\/p>\n<div class=\"clear\"><\/div>\n<h2>Fragen zum Wohnwagen<\/h2>\n<p>Haben Sie Fragen zur Tabbert Wohnwagen oder einem anderen angebotenen<br \/>\nPfandgut, dann treten Sie bitte mit uns in Kontakt. Wir beraten Sie<br \/>\ngern!<\/p>\n<h2>Termin der Kfz-Versteigerung<\/h2>\n<p>Die <a title=\"Kfz-Versteigerungen bei das Autopfand\" href=\"\/versteigerungen\/\">Kfz-Versteigerung<\/a> findet am <strong>Samstag, den 20. Februar 2010<\/strong> im Kfz-Pfandleihhaus in Krefeld statt.<\/p>\n<p>M\u00f6chten Sie sich einfach und bequem \u00fcber die Termine der<br \/>\nkommenden Kfz-Versteigerungen in unseren bundesweiten Pfandh\u00e4usern per<br \/>\nEmail informieren lassen, dann nutzen Sie unseren <a title=\"dap Newsletter\" href=\"\/newsletter\/\">dap-Newsletter<\/a>.<\/p>\n","protected":false},"excerpt":{"rendered":"<p>Daten zum Wohnwagen Tabbert TW27 W27 560, Vivaldi 560 TD: Der Wohnwagen ist versteigert! \u00bb \u00dcberblick \u00fcber die n\u00e4chsten Kfz-Versteigerungen im Kfz-Pfandhaus.<\/p>\n","protected":false},"author":2,"featured_media":0,"comment_status":"closed","ping_status":"open","sticky":false,"template":"","format":"standard","meta":{"footnotes":""},"categories":[10],"tags":[],"class_list":["post-979","post","type-post","status-publish","format-standard","hentry","category-versteigerung"],"yoast_head":"<!-- This site is optimized with the Yoast SEO plugin v26.9 - https:\/\/yoast.com\/product\/yoast-seo-wordpress\/ -->\n<title>Versteigerung: Wohnwagen Tabbert TW27 W27 560 -<\/title>\n<meta name=\"robots\" content=\"index, follow, max-snippet:-1, max-image-preview:large, max-video-preview:-1\" \/>\n<link rel=\"canonical\" href=\"https:\/\/www.das-autopfand.de\/blog\/versteigerung-wohnwagen-tabbert-tw27-w27-560\/\" \/>\n<meta property=\"og:locale\" content=\"de_DE\" \/>\n<meta property=\"og:type\" content=\"article\" \/>\n<meta property=\"og:title\" content=\"Versteigerung: Wohnwagen Tabbert TW27 W27 560 -\" \/>\n<meta property=\"og:description\" content=\"Daten zum Wohnwagen Tabbert TW27 W27 560, Vivaldi 560 TD: Der Wohnwagen ist versteigert! \u00bb \u00dcberblick \u00fcber die n\u00e4chsten Kfz-Versteigerungen im Kfz-Pfandhaus.\" \/>\n<meta property=\"og:url\" content=\"https:\/\/www.das-autopfand.de\/blog\/versteigerung-wohnwagen-tabbert-tw27-w27-560\/\" \/>\n<meta property=\"article:publisher\" content=\"https:\/\/www.facebook.com\/dasautopfand\" \/>\n<meta property=\"article:author\" content=\"https:\/\/www.facebook.com\/dasautopfand\" \/>\n<meta property=\"article:published_time\" content=\"2010-02-02T09:07:00+00:00\" \/>\n<meta property=\"article:modified_time\" content=\"2025-03-02T14:08:29+00:00\" \/>\n<meta name=\"author\" content=\"Norman Ostgathe\" \/>\n<meta name=\"twitter:card\" content=\"summary_large_image\" \/>\n<meta name=\"twitter:creator\" content=\"@https:\/\/twitter.com\/autopfand\" \/>\n<meta name=\"twitter:site\" content=\"@autopfand\" \/>\n<meta name=\"twitter:label1\" content=\"Verfasst von\" \/>\n\t<meta name=\"twitter:data1\" content=\"Norman Ostgathe\" \/>\n\t<meta name=\"twitter:label2\" content=\"Gesch\u00e4tzte Lesezeit\" \/>\n\t<meta name=\"twitter:data2\" content=\"2\u00a0Minuten\" \/>\n<script type=\"application\/ld+json\" class=\"yoast-schema-graph\">{\"@context\":\"https:\/\/schema.org\",\"@graph\":[{\"@type\":\"Article\",\"@id\":\"https:\/\/www.das-autopfand.de\/blog\/versteigerung-wohnwagen-tabbert-tw27-w27-560\/#article\",\"isPartOf\":{\"@id\":\"https:\/\/www.das-autopfand.de\/blog\/versteigerung-wohnwagen-tabbert-tw27-w27-560\/\"},\"author\":{\"name\":\"Norman Ostgathe\",\"@id\":\"https:\/\/www.das-autopfand.de\/blog\/#\/schema\/person\/ebe927f731619d837b8245d6f9c959b0\"},\"headline\":\"Versteigerung: Wohnwagen Tabbert TW27 W27 560\",\"datePublished\":\"2010-02-02T09:07:00+00:00\",\"dateModified\":\"2025-03-02T14:08:29+00:00\",\"mainEntityOfPage\":{\"@id\":\"https:\/\/www.das-autopfand.de\/blog\/versteigerung-wohnwagen-tabbert-tw27-w27-560\/\"},\"wordCount\":323,\"articleSection\":[\"Versteigerung\"],\"inLanguage\":\"de\"},{\"@type\":\"WebPage\",\"@id\":\"https:\/\/www.das-autopfand.de\/blog\/versteigerung-wohnwagen-tabbert-tw27-w27-560\/\",\"url\":\"https:\/\/www.das-autopfand.de\/blog\/versteigerung-wohnwagen-tabbert-tw27-w27-560\/\",\"name\":\"Versteigerung: Wohnwagen Tabbert TW27 W27 560 -\",\"isPartOf\":{\"@id\":\"https:\/\/www.das-autopfand.de\/blog\/#website\"},\"datePublished\":\"2010-02-02T09:07:00+00:00\",\"dateModified\":\"2025-03-02T14:08:29+00:00\",\"author\":{\"@id\":\"https:\/\/www.das-autopfand.de\/blog\/#\/schema\/person\/ebe927f731619d837b8245d6f9c959b0\"},\"inLanguage\":\"de\",\"potentialAction\":[{\"@type\":\"ReadAction\",\"target\":[\"https:\/\/www.das-autopfand.de\/blog\/versteigerung-wohnwagen-tabbert-tw27-w27-560\/\"]}]},{\"@type\":\"WebSite\",\"@id\":\"https:\/\/www.das-autopfand.de\/blog\/#website\",\"url\":\"https:\/\/www.das-autopfand.de\/blog\/\",\"name\":\"\",\"description\":\"News aus dem KFZ-Pfandleihhaus\",\"potentialAction\":[{\"@type\":\"SearchAction\",\"target\":{\"@type\":\"EntryPoint\",\"urlTemplate\":\"https:\/\/www.das-autopfand.de\/blog\/?s={search_term_string}\"},\"query-input\":{\"@type\":\"PropertyValueSpecification\",\"valueRequired\":true,\"valueName\":\"search_term_string\"}}],\"inLanguage\":\"de\"},{\"@type\":\"Person\",\"@id\":\"https:\/\/www.das-autopfand.de\/blog\/#\/schema\/person\/ebe927f731619d837b8245d6f9c959b0\",\"name\":\"Norman Ostgathe\",\"description\":\"Seit 2007 betreibe ich das bundesweit t\u00e4tige Kfz-Pfandleihhaus dap - das Autopfand. Mit unseren Autopfandh\u00e4usern in Krefeld, Recklinghausen, Dortmund, Sinsheim, Frankfurt am Main, M\u00fcnchen und Wolfratshausen haben wir uns auf die unkomplizierte und schnelle L\u00f6sung finanzieller Probleme spezialisiert. Wir beleihen Ihr KFZ und Sie erhalten sofort Bargeld.\",\"sameAs\":[\"https:\/\/www.facebook.com\/dasautopfand\",\"https:\/\/x.com\/https:\/\/twitter.com\/autopfand\"],\"url\":\"https:\/\/www.das-autopfand.de\/blog\/author\/dap\/\"}]}<\/script>\n<!-- \/ Yoast SEO plugin. -->","yoast_head_json":{"title":"Versteigerung: Wohnwagen Tabbert TW27 W27 560 -","robots":{"index":"index","follow":"follow","max-snippet":"max-snippet:-1","max-image-preview":"max-image-preview:large","max-video-preview":"max-video-preview:-1"},"canonical":"https:\/\/www.das-autopfand.de\/blog\/versteigerung-wohnwagen-tabbert-tw27-w27-560\/","og_locale":"de_DE","og_type":"article","og_title":"Versteigerung: Wohnwagen Tabbert TW27 W27 560 -","og_description":"Daten zum Wohnwagen Tabbert TW27 W27 560, Vivaldi 560 TD: Der Wohnwagen ist versteigert! \u00bb \u00dcberblick \u00fcber die n\u00e4chsten Kfz-Versteigerungen im Kfz-Pfandhaus.","og_url":"https:\/\/www.das-autopfand.de\/blog\/versteigerung-wohnwagen-tabbert-tw27-w27-560\/","article_publisher":"https:\/\/www.facebook.com\/dasautopfand","article_author":"https:\/\/www.facebook.com\/dasautopfand","article_published_time":"2010-02-02T09:07:00+00:00","article_modified_time":"2025-03-02T14:08:29+00:00","author":"Norman Ostgathe","twitter_card":"summary_large_image","twitter_creator":"@https:\/\/twitter.com\/autopfand","twitter_site":"@autopfand","twitter_misc":{"Verfasst von":"Norman Ostgathe","Gesch\u00e4tzte Lesezeit":"2\u00a0Minuten"},"schema":{"@context":"https:\/\/schema.org","@graph":[{"@type":"Article","@id":"https:\/\/www.das-autopfand.de\/blog\/versteigerung-wohnwagen-tabbert-tw27-w27-560\/#article","isPartOf":{"@id":"https:\/\/www.das-autopfand.de\/blog\/versteigerung-wohnwagen-tabbert-tw27-w27-560\/"},"author":{"name":"Norman Ostgathe","@id":"https:\/\/www.das-autopfand.de\/blog\/#\/schema\/person\/ebe927f731619d837b8245d6f9c959b0"},"headline":"Versteigerung: Wohnwagen Tabbert TW27 W27 560","datePublished":"2010-02-02T09:07:00+00:00","dateModified":"2025-03-02T14:08:29+00:00","mainEntityOfPage":{"@id":"https:\/\/www.das-autopfand.de\/blog\/versteigerung-wohnwagen-tabbert-tw27-w27-560\/"},"wordCount":323,"articleSection":["Versteigerung"],"inLanguage":"de"},{"@type":"WebPage","@id":"https:\/\/www.das-autopfand.de\/blog\/versteigerung-wohnwagen-tabbert-tw27-w27-560\/","url":"https:\/\/www.das-autopfand.de\/blog\/versteigerung-wohnwagen-tabbert-tw27-w27-560\/","name":"Versteigerung: Wohnwagen Tabbert TW27 W27 560 -","isPartOf":{"@id":"https:\/\/www.das-autopfand.de\/blog\/#website"},"datePublished":"2010-02-02T09:07:00+00:00","dateModified":"2025-03-02T14:08:29+00:00","author":{"@id":"https:\/\/www.das-autopfand.de\/blog\/#\/schema\/person\/ebe927f731619d837b8245d6f9c959b0"},"inLanguage":"de","potentialAction":[{"@type":"ReadAction","target":["https:\/\/www.das-autopfand.de\/blog\/versteigerung-wohnwagen-tabbert-tw27-w27-560\/"]}]},{"@type":"WebSite","@id":"https:\/\/www.das-autopfand.de\/blog\/#website","url":"https:\/\/www.das-autopfand.de\/blog\/","name":"","description":"News aus dem KFZ-Pfandleihhaus","potentialAction":[{"@type":"SearchAction","target":{"@type":"EntryPoint","urlTemplate":"https:\/\/www.das-autopfand.de\/blog\/?s={search_term_string}"},"query-input":{"@type":"PropertyValueSpecification","valueRequired":true,"valueName":"search_term_string"}}],"inLanguage":"de"},{"@type":"Person","@id":"https:\/\/www.das-autopfand.de\/blog\/#\/schema\/person\/ebe927f731619d837b8245d6f9c959b0","name":"Norman Ostgathe","description":"Seit 2007 betreibe ich das bundesweit t\u00e4tige Kfz-Pfandleihhaus dap - das Autopfand. Mit unseren Autopfandh\u00e4usern in Krefeld, Recklinghausen, Dortmund, Sinsheim, Frankfurt am Main, M\u00fcnchen und Wolfratshausen haben wir uns auf die unkomplizierte und schnelle L\u00f6sung finanzieller Probleme spezialisiert. Wir beleihen Ihr KFZ und Sie erhalten sofort Bargeld.","sameAs":["https:\/\/www.facebook.com\/dasautopfand","https:\/\/x.com\/https:\/\/twitter.com\/autopfand"],"url":"https:\/\/www.das-autopfand.de\/blog\/author\/dap\/"}]}},"_links":{"self":[{"href":"https:\/\/www.das-autopfand.de\/blog\/wp-json\/wp\/v2\/posts\/979","targetHints":{"allow":["GET"]}}],"collection":[{"href":"https:\/\/www.das-autopfand.de\/blog\/wp-json\/wp\/v2\/posts"}],"about":[{"href":"https:\/\/www.das-autopfand.de\/blog\/wp-json\/wp\/v2\/types\/post"}],"author":[{"embeddable":true,"href":"https:\/\/www.das-autopfand.de\/blog\/wp-json\/wp\/v2\/users\/2"}],"replies":[{"embeddable":true,"href":"https:\/\/www.das-autopfand.de\/blog\/wp-json\/wp\/v2\/comments?post=979"}],"version-history":[{"count":0,"href":"https:\/\/www.das-autopfand.de\/blog\/wp-json\/wp\/v2\/posts\/979\/revisions"}],"wp:attachment":[{"href":"https:\/\/www.das-autopfand.de\/blog\/wp-json\/wp\/v2\/media?parent=979"}],"wp:term":[{"taxonomy":"category","embeddable":true,"href":"https:\/\/www.das-autopfand.de\/blog\/wp-json\/wp\/v2\/categories?post=979"},{"taxonomy":"post_tag","embeddable":true,"href":"https:\/\/www.das-autopfand.de\/blog\/wp-json\/wp\/v2\/tags?post=979"}],"curies":[{"name":"wp","href":"https:\/\/api.w.org\/{rel}","templated":true}]}}